{"id":9408,"date":"2017-02-24T16:55:19","date_gmt":"2017-02-24T22:55:19","guid":{"rendered":"http:\/\/tonala.gob.mx\/portal\/?p=9408"},"modified":"2017-02-26T15:57:49","modified_gmt":"2017-02-26T21:57:49","slug":"tonala-conmemora-a-la-bandera-nacional","status":"publish","type":"post","link":"https:\/\/tonala.gob.mx\/portal\/2017\/02\/24\/tonala-conmemora-a-la-bandera-nacional\/","title":{"rendered":"Tonal\u00e1 conmemora a la bandera nacional"},"content":{"rendered":"<p>Tonal\u00e1, Jalisco. 24 de febrero de 2017<br \/>\nTONAL\u00c1 CONMEMORA A LA BANDERA NACIONAL<\/p>\n<p><a href=\"https:\/\/tonala.gob.mx\/portal\/wp-content\/uploads\/2017\/02\/img_0383.jpg\"><img fetchpriority=\"high\" decoding=\"async\" src=\"https:\/\/tonala.gob.mx\/portal\/wp-content\/uploads\/2017\/02\/img_0383.jpg\" alt=\"\" width=\"800\" height=\"445\" class=\"alignnone size-full wp-image-9407\" srcset=\"https:\/\/tonala.gob.mx\/portal\/wp-content\/uploads\/2017\/02\/img_0383.jpg 800w, https:\/\/tonala.gob.mx\/portal\/wp-content\/uploads\/2017\/02\/img_0383-300x167.jpg 300w, https:\/\/tonala.gob.mx\/portal\/wp-content\/uploads\/2017\/02\/img_0383-768x427.jpg 768w\" sizes=\"(max-width: 800px) 100vw, 800px\" \/><\/a><br \/>\nCon un sol resplandeciente y en el punto m\u00e1s alto del valle de Atemajac,  en la explanada del Cerro de la Reina, se celebr\u00f3 esta ma\u00f1a un emotivo evento por  el d\u00eda de la Bandera Nacional Mexicana, en donde  se realiz\u00f3 el izamiento del s\u00edmbolo patrio, cremaci\u00f3n de banderas y entrega de nuevas a las  escoltas de diversas instituciones educativas.<br \/>\nDurante la Ceremonia C\u00edvica el presidente municipal Sergio Ch\u00e1vez D\u00e1valos, destac\u00f3: \u201cHonramos hoy a nuestra bandera, de la cual con orgullo podemos presumir que es la m\u00e1s hermosa del mundo. Y no hace falta m\u00e1s que voltear a verla para que, como decimos, se nos enchine la piel de la emoci\u00f3n, por la grandeza que transmite y la alegr\u00eda que nos contagia cuando ondea\u201d.&nbsp;<br \/>\nDijo a los estudiantes: \u201cNos enfrentamos a l\u00edderes que nos consideran inferiores, que desprecian la grandeza de nuestras tradiciones, que no conocen la historia y creen que el mundo empez\u00f3 a girar hace cien a\u00f1os. En nosotros est\u00e1 demostrarle al mundo qui\u00e9nes somos, y de lo que somos capaces, en ustedes veo a los cient\u00edficos, ingenieros, m\u00e9dicos, atletas, pol\u00edticos, administradores y empresarios que van a cambiar nuestra sociedad para bien\u201d.<br \/>\nPor \u00faltimo, Ch\u00e1vez D\u00e1valos, recalc\u00f3  que en los colores de la bandera se refleja el pensamiento y las luchas que iniciaron Miguel Hidalgo y Francisco I. Madero, buscando en todo momento la independencia y justicia social; exhort\u00f3 a los ciudadanos a honrar a nuestro l\u00e1baro patrio y a quienes lucharon por consolidar a este M\u00e9xico cuya mayor riqueza son sus habitantes.<br \/>\nEn los honores a la Bandera particip\u00f3 la escolta de la Comisar\u00eda de Seguridad P\u00fablica, misma que realiz\u00f3 el izamiento del l\u00e1baro patrio, la banda de guerra, instituciones educativas de preescolar, primaria y secundaria.<br \/>\nEn la ceremonia estuvieron presentes, Fermin Poot Chan, Mayor de Infanter\u00eda de la V Regi\u00f3n  Militar, regidores, directores y personal del Ayuntamiento, as\u00ed como directivos y personal docente de las escuelas participantes.\u200b<\/p>\n","protected":false},"excerpt":{"rendered":"<p>Tonal\u00e1, Jalisco. 24 de febrero de 2017 TONAL\u00c1 CONMEMORA A LA BANDERA NACIONAL Con un sol resplandeciente y en el<\/p>\n","protected":false},"author":1,"featured_media":9407,"comment_status":"closed","ping_status":"open","sticky":false,"template":"","format":"standard","meta":{"colormag_page_container_layout":"default_layout","colormag_page_sidebar_layout":"default_layout","footnotes":""},"categories":[2],"tags":[],"class_list":["post-9408","post","type-post","status-publish","format-standard","has-post-thumbnail","hentry","category-comunicacion-social"],"_links":{"self":[{"href":"https:\/\/tonala.gob.mx\/portal\/wp-json\/wp\/v2\/posts\/9408","targetHints":{"allow":["GET"]}}],"collection":[{"href":"https:\/\/tonala.gob.mx\/portal\/wp-json\/wp\/v2\/posts"}],"about":[{"href":"https:\/\/tonala.gob.mx\/portal\/wp-json\/wp\/v2\/types\/post"}],"author":[{"embeddable":true,"href":"https:\/\/tonala.gob.mx\/portal\/wp-json\/wp\/v2\/users\/1"}],"replies":[{"embeddable":true,"href":"https:\/\/tonala.gob.mx\/portal\/wp-json\/wp\/v2\/comments?post=9408"}],"version-history":[{"count":1,"href":"https:\/\/tonala.gob.mx\/portal\/wp-json\/wp\/v2\/posts\/9408\/revisions"}],"predecessor-version":[{"id":9409,"href":"https:\/\/tonala.gob.mx\/portal\/wp-json\/wp\/v2\/posts\/9408\/revisions\/9409"}],"wp:featuredmedia":[{"embeddable":true,"href":"https:\/\/tonala.gob.mx\/portal\/wp-json\/wp\/v2\/media\/9407"}],"wp:attachment":[{"href":"https:\/\/tonala.gob.mx\/portal\/wp-json\/wp\/v2\/media?parent=9408"}],"wp:term":[{"taxonomy":"category","embeddable":true,"href":"https:\/\/tonala.gob.mx\/portal\/wp-json\/wp\/v2\/categories?post=9408"},{"taxonomy":"post_tag","embeddable":true,"href":"https:\/\/tonala.gob.mx\/portal\/wp-json\/wp\/v2\/tags?post=9408"}],"curies":[{"name":"wp","href":"https:\/\/api.w.org\/{rel}","templated":true}]}}