{"id":9354,"date":"2017-02-24T12:37:07","date_gmt":"2017-02-24T18:37:07","guid":{"rendered":"http:\/\/tonala.gob.mx\/portal\/?p=9354"},"modified":"2017-02-24T12:37:25","modified_gmt":"2017-02-24T18:37:25","slug":"regularizaran-funcionamiento-de-ladrilleras-en-tonala","status":"publish","type":"post","link":"https:\/\/tonala.gob.mx\/portal\/2017\/02\/24\/regularizaran-funcionamiento-de-ladrilleras-en-tonala\/","title":{"rendered":"Regularizaran funcionamiento de ladrilleras en Tonal\u00e1"},"content":{"rendered":"<p class=\"x_MsoNormal\" align=\"right\">Tonal\u00e1, Jalisco. 23 de febrero del 2017.<\/p>\n<p class=\"x_MsoNormal\" align=\"center\"><b>REGULARIZARAN FUNCIONAMIENTO DE LADRILLERAS EN TONAL\u00c1<\/b><\/p>\n<p class=\"x_MsoNormal\"><img fetchpriority=\"high\" decoding=\"async\" class=\"alignnone size-full wp-image-9355\" src=\"https:\/\/tonala.gob.mx\/portal\/wp-content\/uploads\/2017\/02\/foto003_boletin.jpg\" alt=\"foto003_boletin\" width=\"800\" height=\"445\" srcset=\"https:\/\/tonala.gob.mx\/portal\/wp-content\/uploads\/2017\/02\/foto003_boletin.jpg 800w, https:\/\/tonala.gob.mx\/portal\/wp-content\/uploads\/2017\/02\/foto003_boletin-300x167.jpg 300w, https:\/\/tonala.gob.mx\/portal\/wp-content\/uploads\/2017\/02\/foto003_boletin-768x427.jpg 768w\" sizes=\"(max-width: 800px) 100vw, 800px\" \/><\/p>\n<p class=\"x_MsoNormal\">Con la finalidad de disminuir la contaminaci\u00f3n en la zona sur del municipio, donde\u00a0 operan de manera irregular varias \u00a0ladrilleras, el presidente municipal, Sergio Ch\u00e1vez D\u00e1valos, present\u00f3 ante el pleno de Ayuntamiento en sesi\u00f3n ordinaria, un nuevo proyecto de Reglamento, que establece las condiciones para el adecuado funcionamiento y ubicaci\u00f3n de los campos de producci\u00f3n artesanal de ladrillo en el municipio.<\/p>\n<p class=\"x_MsoNormal\">Este reglamento tiene como principal objetivo,\u00a0 proteger la salud y mejorar la calidad de vida de la poblaci\u00f3n a trav\u00e9s de la prevenci\u00f3n y control de la contaminaci\u00f3n atmosf\u00e9rica, as\u00ed como la protecci\u00f3n y conservaci\u00f3n de los recursos naturales.<\/p>\n<p class=\"x_MsoNormal\">Consta de 09 cap\u00edtulos, 30 art\u00edculos y 5 art\u00edculos transitorios, y se aprob\u00f3 por unanimidad\u00a0 turn\u00e1ndose a las Comisiones de Reglamentos y Ecolog\u00eda, Saneamiento y Acci\u00f3n Contra la\u00a0 contaminaci\u00f3n.<\/p>\n<p class=\"x_MsoNormal\">De igual manera se aprob\u00f3 y se turn\u00f3 a las comisiones de Cementerios, Hacienda y Patrimonio Municipal, la revisi\u00f3n y en su caso la cancelaci\u00f3n del convenio de colaboraci\u00f3n, suscrito con la empresa mercantil denominada \u201cA &amp; B SOLUCIONES S.A. DE C.V.\u201d,<\/p>\n<p class=\"x_MsoNormal\">Cabe destacar que\u00a0 desde el a\u00f1o 2009, \u00a0el H. Ayuntamiento formaliz\u00f3 un convenio de colaboraci\u00f3n con dicha empresa para la prestaci\u00f3n de los servicios de construcci\u00f3n y comercializaci\u00f3n de gavetas, as\u00ed como proporcionar el servicio de inhumaci\u00f3n a la empresa \u201cA &amp; B SOLUCIONES S.A. DE C.V.\u201d; mismo que a la fecha este espacio f\u00edsico que ocupa el cementerio de Puente Grande se encuentra sub utilizado.<\/p>\n<p class=\"x_MsoNormal\">Al respecto la regidora, Melina Gallegos\u00a0 Vel\u00e1squez, quien presento esta iniciativa destac\u00f3: \u201c<i>Solicito la revisi\u00f3n del convenio de colaboraci\u00f3n\u00a0 precitado, con el fin de que el H. Ayuntamiento, en caso procedente, disponga en su totalidad para beneficio de la poblaci\u00f3n del inmueble otorgado a la empresa mercantil denominada \u201cA &amp; B SOLUCIONES S.A. DE C.V.\u201d<\/i><\/p>\n<p class=\"x_MsoNormal\">En su intervenci\u00f3n, el regidor Jorge Vizcarra Mayorga, propuso el estudio y factibilidad\u00a0 a las comisiones de Salubridad e Higiene y Ecolog\u00eda,\u00a0 Saneamiento y acci\u00f3n contra la contaminaci\u00f3n, que la empresa GALILEO SOLUTIONS sociedad an\u00f3nima de capital variable para que lleve a cabo con sus propios recursos y sin costo para el municipio, la administraci\u00f3n de un padr\u00f3n de mascotas en donde la ciudadan\u00eda registre su mascota de manera voluntaria.<\/p>\n<p class=\"x_MsoNormal\">El padr\u00f3n permitir\u00e1 focalizar pol\u00edticas p\u00fablicas para el bienestar de los animales, sobre todo hacia los sectores donde se requiere mayor atenci\u00f3n, esto facilitar\u00e1 la b\u00fasqueda de la mascota en caso de extravi\u00f3 y representar\u00e1 un importante avance en bienestar animal, \u00a0por consecuencia beneficiar\u00e1 a la poblaci\u00f3n en general.<\/p>\n<p class=\"x_MsoNormal\">Por \u00faltimo, el primer edil, Sergio Ch\u00e1vez D\u00e1valos,\u00a0 present\u00f3 un\u00a0 turno a comisi\u00f3n para otorgar un predio municipal en comodato por un periodo de 25 a\u00f1os a la Asociaci\u00f3n Ganadera Local de Tonal\u00e1, para la construcci\u00f3n de instalaciones y oficinas donde puedan desarrollar un mejor servicio y atenci\u00f3n a los socios, brindando mejores condiciones a las personas que realizan esta actividad primaria en el municipio.<\/p>\n","protected":false},"excerpt":{"rendered":"<p>Tonal\u00e1, Jalisco. 23 de febrero del 2017. REGULARIZARAN FUNCIONAMIENTO DE LADRILLERAS EN TONAL\u00c1 Con la finalidad de disminuir la contaminaci\u00f3n<\/p>\n","protected":false},"author":1,"featured_media":9355,"comment_status":"closed","ping_status":"open","sticky":false,"template":"","format":"standard","meta":{"colormag_page_container_layout":"default_layout","colormag_page_sidebar_layout":"default_layout","footnotes":""},"categories":[2],"tags":[],"class_list":["post-9354","post","type-post","status-publish","format-standard","has-post-thumbnail","hentry","category-comunicacion-social"],"_links":{"self":[{"href":"https:\/\/tonala.gob.mx\/portal\/wp-json\/wp\/v2\/posts\/9354","targetHints":{"allow":["GET"]}}],"collection":[{"href":"https:\/\/tonala.gob.mx\/portal\/wp-json\/wp\/v2\/posts"}],"about":[{"href":"https:\/\/tonala.gob.mx\/portal\/wp-json\/wp\/v2\/types\/post"}],"author":[{"embeddable":true,"href":"https:\/\/tonala.gob.mx\/portal\/wp-json\/wp\/v2\/users\/1"}],"replies":[{"embeddable":true,"href":"https:\/\/tonala.gob.mx\/portal\/wp-json\/wp\/v2\/comments?post=9354"}],"version-history":[{"count":2,"href":"https:\/\/tonala.gob.mx\/portal\/wp-json\/wp\/v2\/posts\/9354\/revisions"}],"predecessor-version":[{"id":9357,"href":"https:\/\/tonala.gob.mx\/portal\/wp-json\/wp\/v2\/posts\/9354\/revisions\/9357"}],"wp:featuredmedia":[{"embeddable":true,"href":"https:\/\/tonala.gob.mx\/portal\/wp-json\/wp\/v2\/media\/9355"}],"wp:attachment":[{"href":"https:\/\/tonala.gob.mx\/portal\/wp-json\/wp\/v2\/media?parent=9354"}],"wp:term":[{"taxonomy":"category","embeddable":true,"href":"https:\/\/tonala.gob.mx\/portal\/wp-json\/wp\/v2\/categories?post=9354"},{"taxonomy":"post_tag","embeddable":true,"href":"https:\/\/tonala.gob.mx\/portal\/wp-json\/wp\/v2\/tags?post=9354"}],"curies":[{"name":"wp","href":"https:\/\/api.w.org\/{rel}","templated":true}]}}