{"id":9100,"date":"2017-02-17T11:13:51","date_gmt":"2017-02-17T17:13:51","guid":{"rendered":"http:\/\/tonala.gob.mx\/portal\/?p=9100"},"modified":"2017-02-17T11:13:51","modified_gmt":"2017-02-17T17:13:51","slug":"ven-y-disfruta-de-un-sabado-con-la-familia-en-paseo-avenida-tonaltecas","status":"publish","type":"post","link":"https:\/\/tonala.gob.mx\/portal\/2017\/02\/17\/ven-y-disfruta-de-un-sabado-con-la-familia-en-paseo-avenida-tonaltecas\/","title":{"rendered":"Ven y disfruta de un s\u00e1bado con la familia en Paseo Avenida Tonaltecas"},"content":{"rendered":"<p class=\"x_MsoNormal\" align=\"right\">Tonal\u00e1, Jalisco. 16 de febrero del 2017.<\/p>\n<p class=\"x_MsoNormal\" align=\"center\"><b>VEN Y DISFRUTA DE UN S\u00c1BADO\u00a0CON LA \u00a0FAMILIA EN PASEO AVENIDA TONALTECAS<\/b><\/p>\n<p class=\"x_MsoNormal\"><img fetchpriority=\"high\" decoding=\"async\" class=\"alignnone size-full wp-image-9102\" src=\"https:\/\/tonala.gob.mx\/portal\/wp-content\/uploads\/2017\/02\/boletin_paseo_01.jpg\" alt=\"boletin_paseo_01\" width=\"800\" height=\"445\" srcset=\"https:\/\/tonala.gob.mx\/portal\/wp-content\/uploads\/2017\/02\/boletin_paseo_01.jpg 800w, https:\/\/tonala.gob.mx\/portal\/wp-content\/uploads\/2017\/02\/boletin_paseo_01-300x167.jpg 300w, https:\/\/tonala.gob.mx\/portal\/wp-content\/uploads\/2017\/02\/boletin_paseo_01-768x427.jpg 768w\" sizes=\"(max-width: 800px) 100vw, 800px\" \/><\/p>\n<p class=\"x_MsoNormal\">Este s\u00e1bado 18 de febrero contin\u00faan el \u201cPaseo Avenida Tonaltecas\u201d con \u00a0diferentes actividades culturales y recreativas para todas las edades, donde permanecen cerrados los carriles laterales\u00a0 para que los visitantes puedan disfrutar de la nueva zona peatonal por tercera ocasi\u00f3n.<\/p>\n<p class=\"x_MsoNormal\">Dentro de este programa se incluyen actividades para toda la familia, adem\u00e1s de ofrecer una zona peatonal segura para los paseantes. Con los siguientes horarios:<\/p>\n<p class=\"x_MsoNormal\"><b>Actividades infantiles de 11:00 a 13:00 horas<\/b>: Aplicaci\u00f3n de maquillaje de fantas\u00eda y presentaci\u00f3n de payasita Almendrita en Av. Tonaltecas N\u00b0 140, fuera de casa de artesanos.<\/p>\n<p class=\"x_MsoNormal\"><b>Actividades Deportivas y recreativas de 11:30 a 12:00 horas:<\/b> Presentaci\u00f3n coro de la tercera edad DIF Tonal\u00e1 en Av. Tonaltecas N\u00b0 140. <b>12:00 a 16:00 horas:<\/b> Ajedrez y domin\u00f3 de gran formato en Av. Tonaltecas, entre Emiliano Zapata y Zaragoza.<\/p>\n<p class=\"x_MsoNormal\"><b>Exposiciones y Talleres de 11:00 a 17:00 horas: <\/b>Exposici\u00f3n de piezas en barro bru\u00f1ido, exhibici\u00f3n de las t\u00e9cnicas artesanales de distintos alfareros. As\u00ed como tambi\u00e9n la exposici\u00f3n de los trabajos elaborados por alumnos de la carrera de Dise\u00f1o de artesan\u00edas del\u00a0 CU Tonal\u00e1 y el taller de barro para ni\u00f1os, adolescentes y adultos. <b>Lugar:<\/b> Av. Tonaltecas N\u00b0 140, fuera de casa de artesanos.<\/p>\n<p class=\"x_MsoNormal\"><b>Varios: M\u00fasica,\u00a0 bailes art\u00edsticos, cine, tradiciones con un horario de 12:30 a 13:30 horas:<\/b> Colocaci\u00f3n de u\u00f1as de acr\u00edlico y maquillaje, <b>16:30 a 17:30 horas: <\/b>Muestra de rumba latina. <b>Lugar<\/b>: Av. Tonaltecas N\u00b0 140, fuera de casa de artesanos.<\/p>\n<p class=\"x_gmail-MsoNoSpacing\"><b>17:30 a 18:30 horas: <\/b>Clases de ritmos latinos en Av. Tonaltecas entre Matamoros y 16 de Septiembre. <b>19:00 horas:<\/b>Proyecci\u00f3n de pel\u00edcula \u201cAmor ciego\u201d en Explanada mercado L\u00f3pez Cotilla.<\/p>\n<p class=\"x_gmail-MsoNoSpacing\">\n<p class=\"x_gmail-MsoNoSpacing\"><b>19:00 a 20:30 horas: <\/b>Jugada de Tastoanes y de <b>20:30 a 22:00 horas: <\/b>Dueto bohemio en Av. Tonaltecas, entre Zaragoza y 16 de Septiembre.<\/p>\n<p class=\"x_gmail-MsoNoSpacing\">\n<p class=\"x_gmail-MsoNoSpacing\"><b>Tonal\u00e1 Salsero de 18:30 a 21:30 horas: <\/b>Participaci\u00f3n de la academia de baile muffin \u201ccumbia colombiana, salsa, bachata, cha-cha-cha\u201d y m\u00e1s. <b>Lugar:<\/b> Av. Tonaltecas, entre Emiliano Zapata y Constituci\u00f3n.<\/p>\n<p class=\"x_gmail-MsoNoSpacing\">\n<p class=\"x_MsoNormal\">Adem\u00e1s de que seguir\u00e1 el m\u00f3dulo de informaci\u00f3n de atenci\u00f3n al turista y visitante de manera itinerante por Av. Tonaltecas entre L\u00f3pez Cotilla y Cruz Blanca de las 11:00 a las 19:00 horas.<\/p>\n","protected":false},"excerpt":{"rendered":"<p>Tonal\u00e1, Jalisco. 16 de febrero del 2017. VEN Y DISFRUTA DE UN S\u00c1BADO\u00a0CON LA \u00a0FAMILIA EN PASEO AVENIDA TONALTECAS Este<\/p>\n","protected":false},"author":1,"featured_media":9102,"comment_status":"closed","ping_status":"open","sticky":false,"template":"","format":"standard","meta":{"colormag_page_container_layout":"default_layout","colormag_page_sidebar_layout":"default_layout","footnotes":""},"categories":[2],"tags":[],"class_list":["post-9100","post","type-post","status-publish","format-standard","has-post-thumbnail","hentry","category-comunicacion-social"],"_links":{"self":[{"href":"https:\/\/tonala.gob.mx\/portal\/wp-json\/wp\/v2\/posts\/9100","targetHints":{"allow":["GET"]}}],"collection":[{"href":"https:\/\/tonala.gob.mx\/portal\/wp-json\/wp\/v2\/posts"}],"about":[{"href":"https:\/\/tonala.gob.mx\/portal\/wp-json\/wp\/v2\/types\/post"}],"author":[{"embeddable":true,"href":"https:\/\/tonala.gob.mx\/portal\/wp-json\/wp\/v2\/users\/1"}],"replies":[{"embeddable":true,"href":"https:\/\/tonala.gob.mx\/portal\/wp-json\/wp\/v2\/comments?post=9100"}],"version-history":[{"count":1,"href":"https:\/\/tonala.gob.mx\/portal\/wp-json\/wp\/v2\/posts\/9100\/revisions"}],"predecessor-version":[{"id":9103,"href":"https:\/\/tonala.gob.mx\/portal\/wp-json\/wp\/v2\/posts\/9100\/revisions\/9103"}],"wp:featuredmedia":[{"embeddable":true,"href":"https:\/\/tonala.gob.mx\/portal\/wp-json\/wp\/v2\/media\/9102"}],"wp:attachment":[{"href":"https:\/\/tonala.gob.mx\/portal\/wp-json\/wp\/v2\/media?parent=9100"}],"wp:term":[{"taxonomy":"category","embeddable":true,"href":"https:\/\/tonala.gob.mx\/portal\/wp-json\/wp\/v2\/categories?post=9100"},{"taxonomy":"post_tag","embeddable":true,"href":"https:\/\/tonala.gob.mx\/portal\/wp-json\/wp\/v2\/tags?post=9100"}],"curies":[{"name":"wp","href":"https:\/\/api.w.org\/{rel}","templated":true}]}}