{"id":8888,"date":"2017-02-04T23:50:17","date_gmt":"2017-02-05T05:50:17","guid":{"rendered":"http:\/\/tonala.gob.mx\/portal\/?p=8888"},"modified":"2017-02-06T23:53:51","modified_gmt":"2017-02-07T05:53:51","slug":"se-pone-en-marcha-el-programa-piloto-paseo-av-tonaltecas","status":"publish","type":"post","link":"https:\/\/tonala.gob.mx\/portal\/2017\/02\/04\/se-pone-en-marcha-el-programa-piloto-paseo-av-tonaltecas\/","title":{"rendered":"Se pone en marcha el programa piloto paseo Av. Tonaltecas"},"content":{"rendered":"<p>Tonal\u00e1, Jalisco. 04 de febrero de 2017.&nbsp;<\/p>\n<p>SE PONE EN MARCHA EL PROGRAMA PILOTO PASEO AV. TONALTECAS<br \/>\n<a href=\"https:\/\/tonala.gob.mx\/portal\/wp-content\/uploads\/2017\/02\/img_0165.jpg\"><img fetchpriority=\"high\" decoding=\"async\" src=\"https:\/\/tonala.gob.mx\/portal\/wp-content\/uploads\/2017\/02\/img_0165.jpg\" alt=\"\" width=\"800\" height=\"445\" class=\"alignnone size-full wp-image-8885\" srcset=\"https:\/\/tonala.gob.mx\/portal\/wp-content\/uploads\/2017\/02\/img_0165.jpg 800w, https:\/\/tonala.gob.mx\/portal\/wp-content\/uploads\/2017\/02\/img_0165-300x167.jpg 300w, https:\/\/tonala.gob.mx\/portal\/wp-content\/uploads\/2017\/02\/img_0165-768x427.jpg 768w\" sizes=\"(max-width: 800px) 100vw, 800px\" \/><\/a><\/p>\n<p>Este d\u00eda el presidente municipal, Sergio Ch\u00e1vez D\u00e1valos, puso en marcha el programa piloto \u201cPaseo Avenida Tonaltecas\u201d, que contempla convertir en zona peatonal los carriles laterales de la v\u00eda con la finalidad de que turistas y habitantes disfruten en familia los s\u00e1bados de febrero de diversas actividades culturales, art\u00edsticas y recreativas.<br \/>\n<a href=\"https:\/\/tonala.gob.mx\/portal\/wp-content\/uploads\/2017\/02\/img_0166.jpg\"><img decoding=\"async\" src=\"https:\/\/tonala.gob.mx\/portal\/wp-content\/uploads\/2017\/02\/img_0166.jpg\" alt=\"\" width=\"800\" height=\"445\" class=\"alignnone size-full wp-image-8886\" srcset=\"https:\/\/tonala.gob.mx\/portal\/wp-content\/uploads\/2017\/02\/img_0166.jpg 800w, https:\/\/tonala.gob.mx\/portal\/wp-content\/uploads\/2017\/02\/img_0166-300x167.jpg 300w, https:\/\/tonala.gob.mx\/portal\/wp-content\/uploads\/2017\/02\/img_0166-768x427.jpg 768w\" sizes=\"(max-width: 800px) 100vw, 800px\" \/><\/a><\/p>\n<p>Este proyecto promete ser un verdadero detonante tur\u00edstico y econ\u00f3mico en beneficio de comerciantes, artesanos, empresarios y en general para toda la gente  que aqu\u00ed habita, adem\u00e1s pretende tambi\u00e9n, que los visitantes no s\u00f3lo vengan de paso a comprar artesan\u00eda, sino que permanezcan m\u00e1s tiempo e incluso pernocten en el municipio y conozcan la riqueza cultural que ofrece la cuna alfarera.<br \/>\nAl respecto, Ch\u00e1vez D\u00e1valos, destac\u00f3: \u201cEl Paseo por avenida Tonaltecas ser\u00e1 detonante para la transformaci\u00f3n de Tonal\u00e1, para que la gente nos visite, disfrute, se quede y conozca nuestra grandeza. Esta gran avenida no s\u00f3lo es un lugar bonito que podemos disfrutar, estoy seguro que ser\u00e1 un factor de impulso econ\u00f3mico para comerciantes, artesanos, empresarios, para nuestra gente\u201d.<br \/>\nAgreg\u00f3 que tambi\u00e9n \u00e9l es peat\u00f3n y sabe lo complicado que es desplazare principalmente en el centro de Tonal\u00e1, en donde las banquetas son estrechas, a desnivel, muchas veces invadidas por mercanc\u00edas y otro tipo de obst\u00e1culos.<br \/>\n\u201cPor lo tanto, no podemos ser ajenos a los esfuerzos que se hacen en el resto de la zona metropolitana, por centrar nuestra atenci\u00f3n en el ser humano, en materia de movilidad. Ahora en el coraz\u00f3n de Tonal\u00e1 estamos haciendo un esfuerzo por regresarle al peat\u00f3n la avenida m\u00e1s importante del municipio\u201d.<br \/>\nEl presidente municipal exhort\u00f3 a los ciudadanos para que se apoderen de esta avenida, a que la disfruten, a que ayuden a mantenerla en buen estado porque es para ellos y se construy\u00f3 gracias a sus impuestos.<br \/>\n\u201cEste proyecto sigue creciendo, sigue mejorando, y necesitamos sumarnos todos, para cuidarlo, limpiarlo y proyectar la imagen de Tonal\u00e1 que todos queremos. Vienen grandes obras, en unos d\u00edas arrancamos la renovaci\u00f3n de la Avenida Tonal\u00e1, con una inversi\u00f3n de 50 millones de pesos, que complementar\u00e1 esta gran obra de Tonaltecas, y que nos conectar\u00e1 con la estaci\u00f3n de la L\u00ednea 3 del Tren El\u00e9ctrico en la Central Camionera y que cambiar\u00e1 positivamente el estilo de vida de miles de familias\u201d.<br \/>\nResalt\u00f3 que aunado a lo anterior, el municipio recibir\u00e1 una inversi\u00f3n hist\u00f3rica, 10 millones de pesos por parte del Fideicomiso de Turismo para el Centro de Tonal\u00e1, que se destinar\u00e1 para equipamiento urbano moderno, esculturas, se\u00f1al\u00e9tica y herramientas de atenci\u00f3n al visitante.<br \/>\n\u201cAdem\u00e1s vamos a invertir 5 millones de pesos en la renovaci\u00f3n de la calle Matamoros, desde Tonaltecas hasta Javier Mina, y en el transcurso del a\u00f1o seguiremos con la renovaci\u00f3n de 16 de Septiembre\u201d, concluy\u00f3 el presidente municpal, Sergio Ch\u00e1vez.<br \/>\nEn su intervenci\u00f3n, Jaime Esparza Arias, Jefe de Gabinete, destac\u00f3 que esta Administraci\u00f3n  ha delimitado el Centro Hist\u00f3rico en treinta y seis manzanas, desde Av. Tonaltecas hasta las calles Jaime de Anasagasti-Ram\u00f3n Corona y desde Av. Tonal\u00e1-Galeana hasta Constituci\u00f3n-Independencia,  en donde hay casi diez mil habitantes que se dedican entre sus principales actividades econ\u00f3micas, a la artesan\u00eda.<br \/>\nEs por esto que se cre\u00f3 la nueva Jefatura de Centro Hist\u00f3rico, la cual ser\u00e1 la encargada de llevar a cabo acciones que \u201creivindiquen la recuperaci\u00f3n y mantenimiento del mismo, adem\u00e1s de garantizar que sea siempre un espacio p\u00fablico con accesibilidad universal, donde converjan en absoluto respeto y armon\u00eda, las actividades cotidianas de los habitantes, junto con las de comercio as\u00ed como de visitantes y turistas, mismas que dan sentido y fuerza a nuestra cultura y tradici\u00f3n\u201d.<br \/>\nEste departamento tiene cuatro \u00e1reas: la primera es la Coordinaci\u00f3n de Atenci\u00f3n al Entorno Urbano, Coordinaci\u00f3n de Inspecci\u00f3n y Normatividad, Coordinaci\u00f3n de Seguridad y Emergencias, y Coordinaci\u00f3n de Fomento a la Cultura y Turismo.<br \/>\nPor su parte, Irineo Ortiz Islas, presidente de la C\u00e1mara de Comercio de Tonal\u00e1, agradeci\u00f3 la inversi\u00f3n hecha por el gobierno estatal y municipal para remodelar la Avenida Tonaltecas, que no se interven\u00eda desde hace 33 a\u00f1os, cuando fue trazada y recibi\u00f3 el nombre de Paseo Alameda del Sol.<br \/>\nEn sentido, a\u00f1adi\u00f3 que este proyecto generar\u00e1: \u201cun impacto social y econ\u00f3mico para todos los tonaltecas\u201d,  y agreg\u00f3 que es una buena medida para tratar de atraer turismo local, nacional e internacional, porque la ruta se presta para el comercio, la cultura y la gastronom\u00eda.<br \/>\n&nbsp;<\/p>\n","protected":false},"excerpt":{"rendered":"<p>Tonal\u00e1, Jalisco. 04 de febrero de 2017.&nbsp; SE PONE EN MARCHA EL PROGRAMA PILOTO PASEO AV. TONALTECAS Este d\u00eda el<\/p>\n","protected":false},"author":1,"featured_media":8887,"comment_status":"closed","ping_status":"open","sticky":false,"template":"","format":"standard","meta":{"colormag_page_container_layout":"default_layout","colormag_page_sidebar_layout":"default_layout","footnotes":""},"categories":[2],"tags":[],"class_list":["post-8888","post","type-post","status-publish","format-standard","has-post-thumbnail","hentry","category-comunicacion-social"],"_links":{"self":[{"href":"https:\/\/tonala.gob.mx\/portal\/wp-json\/wp\/v2\/posts\/8888","targetHints":{"allow":["GET"]}}],"collection":[{"href":"https:\/\/tonala.gob.mx\/portal\/wp-json\/wp\/v2\/posts"}],"about":[{"href":"https:\/\/tonala.gob.mx\/portal\/wp-json\/wp\/v2\/types\/post"}],"author":[{"embeddable":true,"href":"https:\/\/tonala.gob.mx\/portal\/wp-json\/wp\/v2\/users\/1"}],"replies":[{"embeddable":true,"href":"https:\/\/tonala.gob.mx\/portal\/wp-json\/wp\/v2\/comments?post=8888"}],"version-history":[{"count":1,"href":"https:\/\/tonala.gob.mx\/portal\/wp-json\/wp\/v2\/posts\/8888\/revisions"}],"predecessor-version":[{"id":8889,"href":"https:\/\/tonala.gob.mx\/portal\/wp-json\/wp\/v2\/posts\/8888\/revisions\/8889"}],"wp:featuredmedia":[{"embeddable":true,"href":"https:\/\/tonala.gob.mx\/portal\/wp-json\/wp\/v2\/media\/8887"}],"wp:attachment":[{"href":"https:\/\/tonala.gob.mx\/portal\/wp-json\/wp\/v2\/media?parent=8888"}],"wp:term":[{"taxonomy":"category","embeddable":true,"href":"https:\/\/tonala.gob.mx\/portal\/wp-json\/wp\/v2\/categories?post=8888"},{"taxonomy":"post_tag","embeddable":true,"href":"https:\/\/tonala.gob.mx\/portal\/wp-json\/wp\/v2\/tags?post=8888"}],"curies":[{"name":"wp","href":"https:\/\/api.w.org\/{rel}","templated":true}]}}