{"id":8176,"date":"2016-12-23T21:00:20","date_gmt":"2016-12-24T03:00:20","guid":{"rendered":"http:\/\/tonala.gob.mx\/portal\/?p=8176"},"modified":"2017-01-02T10:00:35","modified_gmt":"2017-01-02T16:00:35","slug":"inauguran-unidad-deportiva-la-gigantera-en-santa-paula","status":"publish","type":"post","link":"https:\/\/tonala.gob.mx\/portal\/2016\/12\/23\/inauguran-unidad-deportiva-la-gigantera-en-santa-paula\/","title":{"rendered":"Inauguran unidad deportiva \u00abLa Gigantera\u00bb en Santa Paula"},"content":{"rendered":"<p>Tonal\u00e1, Jalisco. 23 de diciembre del 2016.<br \/>\nINAUGURAN UNIDAD DEPORTIVA \u201cLA GIGANTERA\u201d EN SANTA PAULA<\/p>\n<p><a href=\"https:\/\/tonala.gob.mx\/portal\/wp-content\/uploads\/2017\/01\/img_1301.jpg\"><img fetchpriority=\"high\" decoding=\"async\" src=\"https:\/\/tonala.gob.mx\/portal\/wp-content\/uploads\/2017\/01\/img_1301.jpg\" alt=\"\" width=\"800\" height=\"445\" class=\"alignnone size-full wp-image-8173\" srcset=\"https:\/\/tonala.gob.mx\/portal\/wp-content\/uploads\/2017\/01\/img_1301.jpg 800w, https:\/\/tonala.gob.mx\/portal\/wp-content\/uploads\/2017\/01\/img_1301-300x167.jpg 300w, https:\/\/tonala.gob.mx\/portal\/wp-content\/uploads\/2017\/01\/img_1301-768x427.jpg 768w\" sizes=\"(max-width: 800px) 100vw, 800px\" \/><\/a><br \/>\n\u2022 Se proyecta Andador y Plaza C\u00edvica en la calle San Pedro<\/p>\n<p>Este d\u00eda el presidente municipal, Sergio Ch\u00e1vez D\u00e1valos, inaugur\u00f3 la rehabilitaci\u00f3n y equipamiento de la unidad deportiva \u201cLa Gigantera\u201d en la colonia Santa Paula, que forma parte de los compromisos generados de la consulta del programa \u201cVamos Juntos\u201d del Gobierno del Estado, la cual abonar\u00e1 a la sana convivencia, recreaci\u00f3n y desarrollo de los vecinos.<\/p>\n<p>&nbsp;<a href=\"https:\/\/tonala.gob.mx\/portal\/wp-content\/uploads\/2017\/01\/img_1302.jpg\"><img decoding=\"async\" src=\"https:\/\/tonala.gob.mx\/portal\/wp-content\/uploads\/2017\/01\/img_1302.jpg\" alt=\"\" width=\"800\" height=\"445\" class=\"alignnone size-full wp-image-8174\" srcset=\"https:\/\/tonala.gob.mx\/portal\/wp-content\/uploads\/2017\/01\/img_1302.jpg 800w, https:\/\/tonala.gob.mx\/portal\/wp-content\/uploads\/2017\/01\/img_1302-300x167.jpg 300w, https:\/\/tonala.gob.mx\/portal\/wp-content\/uploads\/2017\/01\/img_1302-768x427.jpg 768w\" sizes=\"(max-width: 800px) 100vw, 800px\" \/><\/a><\/p>\n<p>En presencia del titular de la Secretar\u00eda de Desarrollo e Integraci\u00f3n Social (Sedis), Miguel Castro Reynoso y habitantes de la zona, el primer edil, destac\u00f3: \u201cDe la mano con los vecinos y el firme respaldo del Gobierno del Estado, hoy tenemos esta nueva unidad deportiva, con espacios para todos, para jugar, caminar, ejercitarse, pero tambi\u00e9n para platicar, leer, convivir, reunirse con amigos y vecinos de una forma segura y agradable\u201d.<\/p>\n<p>&nbsp;<\/p>\n<p>Ch\u00e1vez D\u00e1valos a\u00f1adi\u00f3 que con estas y m\u00e1s acciones que se llevan a cabo, se mejora el nivel de vida de los habitantes de este pol\u00edgono; entre los que resalt\u00f3 los trabajos iniciados hace unos d\u00edas respecto a la edificaci\u00f3n de la Unidad de Servicios M\u00e9dicos en la colonia Pajaritos, los trabajos de remozamiento en el canal de la Av. Carril, as\u00ed como empedrados en diversas calles de la colonia.<br \/>\nLos trabajos de la unidad deportiva incluyen: la construcci\u00f3n de cancha de usos m\u00faltiples de 608 metros cuadrados; la construcci\u00f3n de cancha de f\u00fatbol r\u00e1pido de mil 186 metros cuadrados con pasto sint\u00e9tico y muro perimetral con malla cicl\u00f3nica.<\/p>\n<p>&nbsp;<\/p>\n<p>Tambi\u00e9n se elaboraron 133.5 metros lineales de andadores de concreto estampado color rojo; se reubic\u00f3 el mobiliario existente (bancas, mesas, porter\u00edas, juegos infantiles, botes de basura y aparatos de ejercicio, en total 34 piezas); se construy\u00f3 una plazoleta de ingreso y escalones de concreto estampado que suman 201.2 metros cuadrados; se realizaron 248.12 metros lineales nuevos de trota pista con Har-Tru (polvo rojo especial para correr) y se colocaron dos m\u00f3dulos infantiles.<\/p>\n<p>&nbsp;<\/p>\n<p>Aunado a estos trabajos, el presidente municipal, present\u00f3 un proyecto adicional que contempla la peatonalizaci\u00f3n de la calle San Pedro (contigua a la unida deportiva) y la realizaci\u00f3n de una plaza c\u00edvica para que los vecinos puedan utilizarla como espacio de esparcimiento, en la que se necesita invertir alrededor  de un mill\u00f3n 800 mil pesos.<\/p>\n<p>&nbsp;<\/p>\n<p>Por lo anterior, Ch\u00e1vez D\u00e1valos, se comprometi\u00f3 a invertir el cincuenta por ciento por parte del Ayuntamiento para llevar a cabo esta obra el siguiente a\u00f1o, y pidi\u00f3 el apoyo al titular de la Sedis, Miguel Castro Reynoso, para que por su conducto el Gobierno del Estado ayude al municipio con la otra parte del recurso que se requiere.<\/p>\n<p>&nbsp;<\/p>\n<p>Al respecto, Castro Reynoso, agreg\u00f3: \u201cyo me llev\u00f3 la petici\u00f3n presidente\u2026nos tocar\u00e1 seguramente compartir con el se\u00f1or gobernador esta petici\u00f3n, y lo habremos de hacer con responsabilidad, que mejor que ir fortaleciendo un espacio como \u00e9ste, con un andador y una plaza p\u00fablica, porque sigue construyendo comunidad\u201d.<\/p>\n<p>&nbsp;<\/p>\n","protected":false},"excerpt":{"rendered":"<p>Tonal\u00e1, Jalisco. 23 de diciembre del 2016. INAUGURAN UNIDAD DEPORTIVA \u201cLA GIGANTERA\u201d EN SANTA PAULA \u2022 Se proyecta Andador y<\/p>\n","protected":false},"author":1,"featured_media":8175,"comment_status":"closed","ping_status":"open","sticky":false,"template":"","format":"standard","meta":{"colormag_page_container_layout":"default_layout","colormag_page_sidebar_layout":"default_layout","footnotes":""},"categories":[2],"tags":[],"class_list":["post-8176","post","type-post","status-publish","format-standard","has-post-thumbnail","hentry","category-comunicacion-social"],"_links":{"self":[{"href":"https:\/\/tonala.gob.mx\/portal\/wp-json\/wp\/v2\/posts\/8176","targetHints":{"allow":["GET"]}}],"collection":[{"href":"https:\/\/tonala.gob.mx\/portal\/wp-json\/wp\/v2\/posts"}],"about":[{"href":"https:\/\/tonala.gob.mx\/portal\/wp-json\/wp\/v2\/types\/post"}],"author":[{"embeddable":true,"href":"https:\/\/tonala.gob.mx\/portal\/wp-json\/wp\/v2\/users\/1"}],"replies":[{"embeddable":true,"href":"https:\/\/tonala.gob.mx\/portal\/wp-json\/wp\/v2\/comments?post=8176"}],"version-history":[{"count":1,"href":"https:\/\/tonala.gob.mx\/portal\/wp-json\/wp\/v2\/posts\/8176\/revisions"}],"predecessor-version":[{"id":8177,"href":"https:\/\/tonala.gob.mx\/portal\/wp-json\/wp\/v2\/posts\/8176\/revisions\/8177"}],"wp:featuredmedia":[{"embeddable":true,"href":"https:\/\/tonala.gob.mx\/portal\/wp-json\/wp\/v2\/media\/8175"}],"wp:attachment":[{"href":"https:\/\/tonala.gob.mx\/portal\/wp-json\/wp\/v2\/media?parent=8176"}],"wp:term":[{"taxonomy":"category","embeddable":true,"href":"https:\/\/tonala.gob.mx\/portal\/wp-json\/wp\/v2\/categories?post=8176"},{"taxonomy":"post_tag","embeddable":true,"href":"https:\/\/tonala.gob.mx\/portal\/wp-json\/wp\/v2\/tags?post=8176"}],"curies":[{"name":"wp","href":"https:\/\/api.w.org\/{rel}","templated":true}]}}