{"id":7764,"date":"2016-11-28T22:40:24","date_gmt":"2016-11-29T04:40:24","guid":{"rendered":"http:\/\/tonala.gob.mx\/portal\/?p=7764"},"modified":"2016-12-01T13:41:41","modified_gmt":"2016-12-01T19:41:41","slug":"homenaje-al-destacado-musico-tonalteca-gorgonio-gori-cortes","status":"publish","type":"post","link":"https:\/\/tonala.gob.mx\/portal\/2016\/11\/28\/homenaje-al-destacado-musico-tonalteca-gorgonio-gori-cortes\/","title":{"rendered":"Homenaje al destacado m\u00fasico tonalteca Gorgonio \u00abGori\u00bb Cort\u00e9s\u00a0"},"content":{"rendered":"<p>Tonal\u00e1, Jalisco. 28 de noviembre de 2015&nbsp;<\/p>\n<p>&nbsp; HOMENAJE AL DESTACADO M\u00daSICO TONALTECA GORGONIO \u201cGORI\u201d CORT\u00c9S<\/p>\n<p>&nbsp;<a href=\"https:\/\/tonala.gob.mx\/portal\/wp-content\/uploads\/2016\/12\/img_0985.jpg\"><img fetchpriority=\"high\" decoding=\"async\" src=\"https:\/\/tonala.gob.mx\/portal\/wp-content\/uploads\/2016\/12\/img_0985.jpg\" alt=\"\" width=\"800\" height=\"445\" class=\"alignnone size-full wp-image-7762\" srcset=\"https:\/\/tonala.gob.mx\/portal\/wp-content\/uploads\/2016\/12\/img_0985.jpg 800w, https:\/\/tonala.gob.mx\/portal\/wp-content\/uploads\/2016\/12\/img_0985-300x167.jpg 300w, https:\/\/tonala.gob.mx\/portal\/wp-content\/uploads\/2016\/12\/img_0985-768x427.jpg 768w\" sizes=\"(max-width: 800px) 100vw, 800px\" \/><\/a><\/p>\n<p>El Ayuntamiento de Tonal\u00e1 rindi\u00f3 merecido homenaje al destacado m\u00fasico y compositor tonalteca, Jos\u00e9 Gorgonio Cort\u00e9s Carrasco, develando su nombre en letras doradas en el recinto oficial de sesiones y posteriormente con un concierto musical con la banda de m\u00fasica del Estado.<br \/>\nDurante la sesi\u00f3n solemne celebrada esta tarde para inscribir el nombre de Gorgonio \u201cGori\u201d Cortes en el Sal\u00f3n de Sesiones del Ayuntamiento, con motivo del XIX aniversario luctuoso del autor de Rondinella y muchas otras piezas musicales que trascendieron fronteras, el presidente municipal Sergio Ch\u00e1vez D\u00e1valos, destac\u00f3 que Cort\u00e9s Carrasco es y ser\u00e1 un orgullo para Tonal\u00e1, Jalisco y M\u00e9xico:<br \/>\n\u201cCada que escuchamos la m\u00fasica de nuestro paisano, recordamos que las personas trascienden por sus obras y es motivo de gozo y orgullo recordarlos por ese legado en el que pusieron parte de su alma. \u201cGori\u201d contribuy\u00f3 por la cultura de Tonal\u00e1 sin esperar nada a cambio, dio, no le quit\u00f3 a su pueblo\u201d, subray\u00f3 el primer Edil.<br \/>\nAgreg\u00f3  que Cort\u00e9s Carrasco se ha inmortalizado por sus piezas musicales y es un referente cultural, ejemplo para todos aquellos que nacieron y hoy en d\u00eda viven en Tonal\u00e1; \u201cel gobierno de Tonal\u00e1 y sus habitantes, siempre estaremos agradecidos porque su trayectoria y prestigio, le dieron y le siguen dando trascendencia mundial a nuestro municipio\u201d.<br \/>\n\u201cGori\u201d Cort\u00e9s naci\u00f3 el 9 de septiembre de 1910 y a temprana edad se incorpor\u00f3 a la Orquesta Sinf\u00f3nica de Guadalajara. Fue concertino de la Orquesta T\u00edpica de la Ciudad de M\u00e9xico, participaci\u00f3n que le vali\u00f3 un reconocimiento en el a\u00f1o de 1989.&nbsp;<br \/>\nEl talentoso m\u00fasico tonalteca fue reconocido como la maravilla de Jalisco y sus composiciones son consideradas como verdaderas obras cl\u00e1sicas de la historia de la m\u00fasica, donde su pieza \u00bb Rondinella\u00bb marca su m\u00e1s alto grado de expresi\u00f3n.<br \/>\nCabe resaltar que el maestro Cort\u00e9s Carrasco, cuenta con m\u00e1s de 50 composiciones reconocidas a nivel mundial, entre las que destacan: \u201cLa Reina de Tonal\u00e1\u201d, \u201cJalisco de mis Amores\u201d, \u201cLa Soga\u201d, \u201cLa \u00daltima Gota de Amor\u201d, \u201cCanta mi Viol\u00edn\u201d, \u201cTu Vestido Azul\u201d, y, desde luego \u201cRondinella\u201d  pieza musical conocida mundialmente con la que se hizo merecedor de una gran cantidad de homenajes y reconocimientos.<br \/>\nLa Banda de M\u00fasica del Estado interpret\u00f3 piezas compuestas por el destacado tonalteca en presencia de familiares del maestro \u201cGori\u201d Cort\u00e9s, autoridades municipales y habitantes de la cuna alfarera que disfrutaron las sinfon\u00edas. &nbsp;<\/p>\n","protected":false},"excerpt":{"rendered":"<p>Tonal\u00e1, Jalisco. 28 de noviembre de 2015&nbsp; &nbsp; HOMENAJE AL DESTACADO M\u00daSICO TONALTECA GORGONIO \u201cGORI\u201d CORT\u00c9S &nbsp; El Ayuntamiento de<\/p>\n","protected":false},"author":1,"featured_media":7763,"comment_status":"closed","ping_status":"open","sticky":false,"template":"","format":"standard","meta":{"colormag_page_container_layout":"default_layout","colormag_page_sidebar_layout":"default_layout","footnotes":""},"categories":[2],"tags":[],"class_list":["post-7764","post","type-post","status-publish","format-standard","has-post-thumbnail","hentry","category-comunicacion-social"],"_links":{"self":[{"href":"https:\/\/tonala.gob.mx\/portal\/wp-json\/wp\/v2\/posts\/7764","targetHints":{"allow":["GET"]}}],"collection":[{"href":"https:\/\/tonala.gob.mx\/portal\/wp-json\/wp\/v2\/posts"}],"about":[{"href":"https:\/\/tonala.gob.mx\/portal\/wp-json\/wp\/v2\/types\/post"}],"author":[{"embeddable":true,"href":"https:\/\/tonala.gob.mx\/portal\/wp-json\/wp\/v2\/users\/1"}],"replies":[{"embeddable":true,"href":"https:\/\/tonala.gob.mx\/portal\/wp-json\/wp\/v2\/comments?post=7764"}],"version-history":[{"count":1,"href":"https:\/\/tonala.gob.mx\/portal\/wp-json\/wp\/v2\/posts\/7764\/revisions"}],"predecessor-version":[{"id":7765,"href":"https:\/\/tonala.gob.mx\/portal\/wp-json\/wp\/v2\/posts\/7764\/revisions\/7765"}],"wp:featuredmedia":[{"embeddable":true,"href":"https:\/\/tonala.gob.mx\/portal\/wp-json\/wp\/v2\/media\/7763"}],"wp:attachment":[{"href":"https:\/\/tonala.gob.mx\/portal\/wp-json\/wp\/v2\/media?parent=7764"}],"wp:term":[{"taxonomy":"category","embeddable":true,"href":"https:\/\/tonala.gob.mx\/portal\/wp-json\/wp\/v2\/categories?post=7764"},{"taxonomy":"post_tag","embeddable":true,"href":"https:\/\/tonala.gob.mx\/portal\/wp-json\/wp\/v2\/tags?post=7764"}],"curies":[{"name":"wp","href":"https:\/\/api.w.org\/{rel}","templated":true}]}}