{"id":7517,"date":"2016-11-20T23:05:41","date_gmt":"2016-11-20T23:05:41","guid":{"rendered":"http:\/\/tonala.gob.mx\/portal\/?p=7517"},"modified":"2016-11-22T04:05:15","modified_gmt":"2016-11-22T04:05:15","slug":"conmemoran-el-cvi-aniversario-de-la-revolucion-mexicana","status":"publish","type":"post","link":"https:\/\/tonala.gob.mx\/portal\/2016\/11\/20\/conmemoran-el-cvi-aniversario-de-la-revolucion-mexicana\/","title":{"rendered":"Conmemoran el CVI aniversario de la revoluci\u00f3n mexicana\u00a0"},"content":{"rendered":"<p>Tonal\u00e1, Jalisco. 20 de Noviembre de 2016.&nbsp;<\/p>\n<p>CONMEMORAN EL CVI ANIVERSARIO DE LA REVOLUCI\u00d2N MEXICANA<\/p>\n<p>&nbsp;<a href=\"https:\/\/tonala.gob.mx\/portal\/wp-content\/uploads\/2016\/11\/img_0896.jpg\"><img fetchpriority=\"high\" decoding=\"async\" src=\"https:\/\/tonala.gob.mx\/portal\/wp-content\/uploads\/2016\/11\/img_0896.jpg\" alt=\"\" width=\"800\" height=\"445\" class=\"alignnone size-full wp-image-7515\" srcset=\"https:\/\/tonala.gob.mx\/portal\/wp-content\/uploads\/2016\/11\/img_0896.jpg 800w, https:\/\/tonala.gob.mx\/portal\/wp-content\/uploads\/2016\/11\/img_0896-300x167.jpg 300w, https:\/\/tonala.gob.mx\/portal\/wp-content\/uploads\/2016\/11\/img_0896-768x427.jpg 768w\" sizes=\"(max-width: 800px) 100vw, 800px\" \/><\/a><\/p>\n<p>La Revoluci\u00f3n Mexicana no debe verse como una simple referencia hist\u00f3rica sino como un movimiento vivo \u201cque nos aliente a seguir buscando la transformaci\u00f3n de un M\u00e9xico, que m\u00e1s all\u00e1 de los escenarios y de los gobiernos triunfantes en el panorama internacional, se debe erigir como una naci\u00f3n soberana\u201d, afirm\u00f3 Nicol\u00e1s Maestro Landeros, S\u00edndico del Ayuntamiento de Tonal\u00e1, durante el evento con el cual el gobierno municipal de la cuna alfarera conmemor\u00f3 el CVI aniversario de la lucha armada.<\/p>\n<p>&nbsp;<\/p>\n<p>Con la representaci\u00f3n del presidente municipal, Sergio Ch\u00e1vez D\u00e1valos, el s\u00edndico puntualiz\u00f3 que todos y cada uno de los mexicanos \u201csomos los gu\u00edas de nuestro propio movimiento social, de nuestra propia Revoluci\u00f3n, de nuestros propios pensamientos y la historia se encargar\u00e1 de juzgarnos\u201d.<\/p>\n<p>&nbsp;<\/p>\n<p>En el hemiciclo construido en la colonia Loma Dorada para recordar la Revoluci\u00f3n Mexicana, el orador record\u00f3 que las bases sobre las que descansan las instituciones de M\u00e9xico tuvieron su origen en la Revoluci\u00f3n Mexicana y a \u00e9stas se les ha dado un dinamismo con nuevas figuras, nuevas instituciones y nuevos m\u00e9todos \u201cque buscan hacer cada vez m\u00e1s s\u00f3lidos los ideales del conmemorado movimiento\u201d.<\/p>\n<p>&nbsp;<\/p>\n<p>Tras recordar que la palabra revoluci\u00f3n no se agota en el movimiento armado, sino que significa cambio constante, Maestro Landeros recalc\u00f3: \u201cque sea la unidad, la madurez y el consenso pol\u00edtico de los mexicanos, los factores que marquen la pauta de las grandes transformaciones que requiere nuestra naci\u00f3n\u201d.<\/p>\n<p>&nbsp;<\/p>\n<p>Por su parte, Olivia Venegas P\u00e9rez, regidor presidente de la Comisi\u00f3n de Festividades C\u00edvicas, se encarg\u00f3 de dar a conocer las efem\u00e9rides del mes de noviembre, entre las que sobresale, desde luego, la fecha relativa al inicio del movimiento armado que retribuy\u00f3 al pa\u00eds con un orden constitucional que perdura hasta la fecha.<\/p>\n<p>&nbsp;<\/p>\n<p>Alumnos de la escuela Secundar\u00eda n\u00famero 85 de la municipalidad fueron los encargados de escenificar estampas alusivas a la Revoluci\u00f3n, ante funcionarios y ciudadanos que se dieron cita en el lugar para recordar la gesta revolucionaria y a sus principales actores.&nbsp;<\/p>\n","protected":false},"excerpt":{"rendered":"<p>Tonal\u00e1, Jalisco. 20 de Noviembre de 2016.&nbsp; CONMEMORAN EL CVI ANIVERSARIO DE LA REVOLUCI\u00d2N MEXICANA &nbsp; La Revoluci\u00f3n Mexicana no<\/p>\n","protected":false},"author":1,"featured_media":7516,"comment_status":"closed","ping_status":"open","sticky":false,"template":"","format":"standard","meta":{"colormag_page_container_layout":"default_layout","colormag_page_sidebar_layout":"default_layout","footnotes":""},"categories":[2],"tags":[],"class_list":["post-7517","post","type-post","status-publish","format-standard","has-post-thumbnail","hentry","category-comunicacion-social"],"_links":{"self":[{"href":"https:\/\/tonala.gob.mx\/portal\/wp-json\/wp\/v2\/posts\/7517","targetHints":{"allow":["GET"]}}],"collection":[{"href":"https:\/\/tonala.gob.mx\/portal\/wp-json\/wp\/v2\/posts"}],"about":[{"href":"https:\/\/tonala.gob.mx\/portal\/wp-json\/wp\/v2\/types\/post"}],"author":[{"embeddable":true,"href":"https:\/\/tonala.gob.mx\/portal\/wp-json\/wp\/v2\/users\/1"}],"replies":[{"embeddable":true,"href":"https:\/\/tonala.gob.mx\/portal\/wp-json\/wp\/v2\/comments?post=7517"}],"version-history":[{"count":1,"href":"https:\/\/tonala.gob.mx\/portal\/wp-json\/wp\/v2\/posts\/7517\/revisions"}],"predecessor-version":[{"id":7518,"href":"https:\/\/tonala.gob.mx\/portal\/wp-json\/wp\/v2\/posts\/7517\/revisions\/7518"}],"wp:featuredmedia":[{"embeddable":true,"href":"https:\/\/tonala.gob.mx\/portal\/wp-json\/wp\/v2\/media\/7516"}],"wp:attachment":[{"href":"https:\/\/tonala.gob.mx\/portal\/wp-json\/wp\/v2\/media?parent=7517"}],"wp:term":[{"taxonomy":"category","embeddable":true,"href":"https:\/\/tonala.gob.mx\/portal\/wp-json\/wp\/v2\/categories?post=7517"},{"taxonomy":"post_tag","embeddable":true,"href":"https:\/\/tonala.gob.mx\/portal\/wp-json\/wp\/v2\/tags?post=7517"}],"curies":[{"name":"wp","href":"https:\/\/api.w.org\/{rel}","templated":true}]}}