{"id":7371,"date":"2016-11-10T22:35:43","date_gmt":"2016-11-10T22:35:43","guid":{"rendered":"http:\/\/tonala.gob.mx\/portal\/?p=7371"},"modified":"2016-11-14T16:37:58","modified_gmt":"2016-11-14T16:37:58","slug":"colonias-de-tonala-ya-cuentan-con-iluminacion-led","status":"publish","type":"post","link":"https:\/\/tonala.gob.mx\/portal\/2016\/11\/10\/colonias-de-tonala-ya-cuentan-con-iluminacion-led\/","title":{"rendered":"Colonias de Tonal\u00e1 ya cuentan con iluminaci\u00f3n led"},"content":{"rendered":"<p>Tonal\u00e1, Jalisco. 10 de noviembre del 2016.<br \/>\nCOLONIAS DE TONAL\u00c1 YA CUENTAN CON ILUMINACI\u00d3N LED<\/p>\n<p><a href=\"https:\/\/tonala.gob.mx\/portal\/wp-content\/uploads\/2016\/11\/img_0823.jpg\"><img fetchpriority=\"high\" decoding=\"async\" src=\"https:\/\/tonala.gob.mx\/portal\/wp-content\/uploads\/2016\/11\/img_0823.jpg\" alt=\"\" width=\"800\" height=\"445\" class=\"alignnone size-full wp-image-7369\" srcset=\"https:\/\/tonala.gob.mx\/portal\/wp-content\/uploads\/2016\/11\/img_0823.jpg 800w, https:\/\/tonala.gob.mx\/portal\/wp-content\/uploads\/2016\/11\/img_0823-300x167.jpg 300w, https:\/\/tonala.gob.mx\/portal\/wp-content\/uploads\/2016\/11\/img_0823-768x427.jpg 768w\" sizes=\"(max-width: 800px) 100vw, 800px\" \/><\/a><br \/>\nEl Gobierno de Tonal\u00e1 avanza en el servicio de alumbrado p\u00fablico, ya que es prioridad para la actual Administraci\u00f3n y forma parte de la seguridad de los tonaltecas; el pasado mes de octubre  se instalaron 2 mil 400 l\u00e1mparas con tecnolog\u00eda LED por la empresa concesionaria MEXILED, en 19 colonias del municipio.<br \/>\nEn tanto la jefatura de Alumbrado P\u00fablico, hizo la reparaci\u00f3n de 6 mil 728 luminarias, 298 circuitos e instal\u00f3 m\u00e1s de 200 l\u00e1mparas en cuatro calles de Tonal\u00e1 Centro y un camell\u00f3n central de la colonia Puente Grande.<br \/>\nLas 2 mil 400 l\u00e1mparas de tecnolog\u00eda LED, estar\u00e1n a cargo de la concesionaria, en lo que a reparaci\u00f3n y mantenimiento se refiere, las cuales se instalaron en las siguientes colonias:<br \/>\nTonal\u00e1 Centro, Mesa de las Gamboas, Panor\u00e1mico l y ll, Valle del Sol, Fidel Vel\u00e1zquez, Cihualpilli, Baj\u00edo de la Mesa, Mirador de la Reina, Jardines de Tonal\u00e1, Colinas de San Carlos, Altamira Tonal\u00e1, Xicoxochitl, Buenos Aires l y ll, Rinconada del Sol, Comunidad Ind\u00edgena Tonal\u00e1, Mirador y Flores Mag\u00f3n.<br \/>\nAl respecto Mart\u00edn M\u00e9ndez N\u00fa\u00f1ez, titular de la jefatura de Alumbrado P\u00fablico, aclar\u00f3 que las oficinas seguir\u00e1n funcionando como intermediarios entre la concesionaria  y la ciudadan\u00eda, ya que la dependencia municipal seguir\u00e1 recibiendo los reportes para dar el  seguimiento correspondiente con dicha empresa, y continuar\u00e1n con los servicios de la reparaci\u00f3n de luminarias y circuitos de municipio.<br \/>\nEn cuanto a la instalaci\u00f3n de l\u00e1mparas por parte de la jefatura de Alumbrado P\u00fablico, \u00e9stas se colocaron en: camell\u00f3n central en Puente Grande, 20; Tonal\u00e1 Centro, 20; calle Pino Su\u00e1rez, desde Zaragoza hasta Galeana, 30; calle Zaragoza, desde Pino Su\u00e1rez hasta avenida Tonaltecas, 32; calle Pedro Moreno, desde Moctezuma hasta Ram\u00f3n Corona, 12; y Calle Santos Degollado, desde Ju\u00e1rez hasta Constituci\u00f3n, 33; todas \u00e9stas en la cabecera municipal.<\/p>\n<p>&nbsp;<\/p>\n<p>El funcionario municipal coment\u00f3 que el tel\u00e9fono 35 86 60 00 extensiones 1679, 1680 y 1688, es en el que se reciben reportes de las anomal\u00edas que los ciudadanos detecten en materia de alumbrado p\u00fablico. &nbsp;<br \/>\n&#8212;&nbsp;<\/p>\n","protected":false},"excerpt":{"rendered":"<p>Tonal\u00e1, Jalisco. 10 de noviembre del 2016. COLONIAS DE TONAL\u00c1 YA CUENTAN CON ILUMINACI\u00d3N LED El Gobierno de Tonal\u00e1 avanza<\/p>\n","protected":false},"author":1,"featured_media":7370,"comment_status":"closed","ping_status":"open","sticky":false,"template":"","format":"standard","meta":{"colormag_page_container_layout":"default_layout","colormag_page_sidebar_layout":"default_layout","footnotes":""},"categories":[2],"tags":[],"class_list":["post-7371","post","type-post","status-publish","format-standard","has-post-thumbnail","hentry","category-comunicacion-social"],"_links":{"self":[{"href":"https:\/\/tonala.gob.mx\/portal\/wp-json\/wp\/v2\/posts\/7371","targetHints":{"allow":["GET"]}}],"collection":[{"href":"https:\/\/tonala.gob.mx\/portal\/wp-json\/wp\/v2\/posts"}],"about":[{"href":"https:\/\/tonala.gob.mx\/portal\/wp-json\/wp\/v2\/types\/post"}],"author":[{"embeddable":true,"href":"https:\/\/tonala.gob.mx\/portal\/wp-json\/wp\/v2\/users\/1"}],"replies":[{"embeddable":true,"href":"https:\/\/tonala.gob.mx\/portal\/wp-json\/wp\/v2\/comments?post=7371"}],"version-history":[{"count":1,"href":"https:\/\/tonala.gob.mx\/portal\/wp-json\/wp\/v2\/posts\/7371\/revisions"}],"predecessor-version":[{"id":7372,"href":"https:\/\/tonala.gob.mx\/portal\/wp-json\/wp\/v2\/posts\/7371\/revisions\/7372"}],"wp:featuredmedia":[{"embeddable":true,"href":"https:\/\/tonala.gob.mx\/portal\/wp-json\/wp\/v2\/media\/7370"}],"wp:attachment":[{"href":"https:\/\/tonala.gob.mx\/portal\/wp-json\/wp\/v2\/media?parent=7371"}],"wp:term":[{"taxonomy":"category","embeddable":true,"href":"https:\/\/tonala.gob.mx\/portal\/wp-json\/wp\/v2\/categories?post=7371"},{"taxonomy":"post_tag","embeddable":true,"href":"https:\/\/tonala.gob.mx\/portal\/wp-json\/wp\/v2\/tags?post=7371"}],"curies":[{"name":"wp","href":"https:\/\/api.w.org\/{rel}","templated":true}]}}