{"id":5105,"date":"2016-08-27T01:30:06","date_gmt":"2016-08-27T01:30:06","guid":{"rendered":"http:\/\/tonala.gob.mx\/portal\/?p=5105"},"modified":"2016-08-29T18:34:19","modified_gmt":"2016-08-29T18:34:19","slug":"clausura-de-la-xxvi-semana-cultural-y-deportiva-del-adulto-mayor-2016","status":"publish","type":"post","link":"https:\/\/tonala.gob.mx\/portal\/2016\/08\/27\/clausura-de-la-xxvi-semana-cultural-y-deportiva-del-adulto-mayor-2016\/","title":{"rendered":"Clausura de la XXVI Semana cultural y deportiva del adulto mayor 2016"},"content":{"rendered":"<p>Viernes 26 de Agosto de 2016BOLETIN DE PRENSA<\/p>\n<p>CLAUSURA DE LA XXVI SEMANA CULTURAL Y DEPORTIVA DEL ADULTO MAYOR 2016<\/p>\n<p>&nbsp;<a href=\"https:\/\/tonala.gob.mx\/portal\/wp-content\/uploads\/2016\/08\/img_6401.jpeg\"><img decoding=\"async\" src=\"https:\/\/tonala.gob.mx\/portal\/wp-content\/uploads\/2016\/08\/img_6401.jpeg\" alt=\"\"><\/a>&nbsp;<br \/>\nEl Sistema DIF Tonal\u00e1 realiz\u00f3 la clausura formal de actividades de la XXVI Semana Cultural y Deportiva del Adulto Mayor en su edici\u00f3n 2016, con un evento realizado en la explanada de la unidad deportiva Miguel Hidalgo, en la zona centro de Tonal\u00e1,  contando con una asistencia de m\u00e1s de 700 adultos mayores.<\/p>\n<p>Como cada a\u00f1o el DIF municipal organiza dicho evento en el marco del \u201cD\u00eda del Adulto Mayor\u201d a celebrase el pr\u00f3ximo 28 de agosto y en el que re\u00fane a gran parte de personas de la tercera edad provenientes de comunidades y delegaciones del municipio.<\/p>\n<p>La Presidenta del Sistema DIF Municipal Rebeca D\u00e1valos de Ch\u00e1vez, dio la bienvenida a los asistentes a la clausura, no sin antes reconocer la participaci\u00f3n de los adultos mayores en las jornadas de competencias durante la semana.<\/p>\n<p>\u201cQuiero felicitar a todos y cada uno de ustedes por el gran trabajo realizado, a todos los que participaron en las competencias de baile y deportivas a todos ustedes muchas felicidades por todo su esfuerzo\u201d, manifest\u00f3 la se\u00f1ora Rebeca D\u00e1valos de Ch\u00e1vez.<\/p>\n<p>Durante el evento se reconoci\u00f3 a la persona m\u00e1s longeva de Tonal\u00e1 quien este a\u00f1o fue la se\u00f1ora  Josefina Pulido de 101 a\u00f1os de edad y a quien  DIF entreg\u00f3 un reconocimiento por sus a\u00f1os de vida.<\/p>\n<p>Tambi\u00e9n en la ceremonia se entreg\u00f3 la medalla a la Adulta Mayor Distinguida, que otorga el Sistema DIF Jalisco y el Gobierno del Estado al adulto mayor que ha contribuido en su municipio con actividades relevantes en pro de la sociedad.<\/p>\n<p>Este a\u00f1o el galard\u00f3n fue para la se\u00f1ora Ramona Salcedo Gonz\u00e1lez de 81 a\u00f1os, quien por m\u00e1s de 40 a\u00f1os se ha dedicado a atender a personas de todas las edades en su domicilio, sob\u00e1ndolas para aliviar distintos padecimientos a trav\u00e9s de su conocimiento y remedios caseros que ella misma prepara para dar alivio a personas que la visitan a diario en su casa.<\/p>\n<p>La medalla fue entregada de manos del Presidente Municipal de Tonal\u00e1, Sergio Ch\u00e1vez D\u00e1valos, acompa\u00f1ada de un cheque por parte del Gobierno Municipal por la cantidad de 5  mil pesos y otro recurso de 5 mil pesos que la diputada federal Laura Plascencia entreg\u00f3 a la homenajeada.<\/p>\n<p>Durante su discurso el primer edil resalt\u00f3 la vitalidad con la que los adultos mayores participaron en las competencias, agregando que es un orgullo contar con personas como do\u00f1a Josefina Pulido y \u201cRamoncita\u201d, quienes son ejemplo para el municipio.<\/p>\n<p>\u201cQu\u00e9 ejemplo dan ustedes, aqu\u00ed hay adultos mayores, pero muchos de ustedes no parecieran que fueran, yo a veces me encuentro en la calle a j\u00f3venes menores de 30 a\u00f1os y que tienen una mediocridad y una amargura\u201d agreg\u00f3 el alcalde al referirse al optimismo y alegr\u00eda que manifiestan los presentes.<\/p>\n<p>El presidente enfatiz\u00f3 el orgullo y ejemplo que dan al municipio a trav\u00e9s de sus logros y haza\u00f1as las personas de la tercera edad.<\/p>\n<p>&nbsp;\u201cMe da mucho gusto que tengan ese entusiasmo, yo los felicito a todas y cada uno de ustedes (\u2026), hoy como presidente municipal de Tonal\u00e1 trabajamos por los adultos mayores para que vivamos mejor, que puedo decir para los que tuvimos el privilegio de haber nacido en Tonal\u00e1 son un orgullo,\u201d agreg\u00f3 Sergio Ch\u00e1vez D\u00e1valos.<\/p>\n<p>Por su parte la Diputada Federal Laura Nereida Plascencia Pacheco, reconoci\u00f3 el trabajo que realiza el DIF Municipal y el Gobierno de Tonal\u00e1 con los adultos mayores.<\/p>\n<p>Manifest\u00f3 que gracias a la voluntad de las instituciones municipales es como se puede llevar a cabo eventos como la Semana del Adulto Mayor y la gran participaci\u00f3n de personas de la tercera edad de todo el municipio.<\/p>\n<p>M\u00e1s tarde el presidente municipal  Sergio Ch\u00e1vez D\u00e1valos clausur\u00f3 formalmente el evento para dar paso a la comida y al baile programado para ese d\u00eda.<\/p>\n","protected":false},"excerpt":{"rendered":"<p>Viernes 26 de Agosto de 2016BOLETIN DE PRENSA CLAUSURA DE LA XXVI SEMANA CULTURAL Y DEPORTIVA DEL ADULTO MAYOR 2016<\/p>\n","protected":false},"author":1,"featured_media":5104,"comment_status":"closed","ping_status":"open","sticky":false,"template":"","format":"standard","meta":{"colormag_page_container_layout":"default_layout","colormag_page_sidebar_layout":"default_layout","footnotes":""},"categories":[2],"tags":[],"class_list":["post-5105","post","type-post","status-publish","format-standard","has-post-thumbnail","hentry","category-comunicacion-social"],"_links":{"self":[{"href":"https:\/\/tonala.gob.mx\/portal\/wp-json\/wp\/v2\/posts\/5105","targetHints":{"allow":["GET"]}}],"collection":[{"href":"https:\/\/tonala.gob.mx\/portal\/wp-json\/wp\/v2\/posts"}],"about":[{"href":"https:\/\/tonala.gob.mx\/portal\/wp-json\/wp\/v2\/types\/post"}],"author":[{"embeddable":true,"href":"https:\/\/tonala.gob.mx\/portal\/wp-json\/wp\/v2\/users\/1"}],"replies":[{"embeddable":true,"href":"https:\/\/tonala.gob.mx\/portal\/wp-json\/wp\/v2\/comments?post=5105"}],"version-history":[{"count":1,"href":"https:\/\/tonala.gob.mx\/portal\/wp-json\/wp\/v2\/posts\/5105\/revisions"}],"predecessor-version":[{"id":5106,"href":"https:\/\/tonala.gob.mx\/portal\/wp-json\/wp\/v2\/posts\/5105\/revisions\/5106"}],"wp:featuredmedia":[{"embeddable":true,"href":"https:\/\/tonala.gob.mx\/portal\/wp-json\/wp\/v2\/media\/5104"}],"wp:attachment":[{"href":"https:\/\/tonala.gob.mx\/portal\/wp-json\/wp\/v2\/media?parent=5105"}],"wp:term":[{"taxonomy":"category","embeddable":true,"href":"https:\/\/tonala.gob.mx\/portal\/wp-json\/wp\/v2\/categories?post=5105"},{"taxonomy":"post_tag","embeddable":true,"href":"https:\/\/tonala.gob.mx\/portal\/wp-json\/wp\/v2\/tags?post=5105"}],"curies":[{"name":"wp","href":"https:\/\/api.w.org\/{rel}","templated":true}]}}