{"id":5022,"date":"2016-08-23T15:28:55","date_gmt":"2016-08-23T15:28:55","guid":{"rendered":"http:\/\/tonala.gob.mx\/portal\/?p=5022"},"modified":"2016-08-23T15:28:55","modified_gmt":"2016-08-23T15:28:55","slug":"reconocen-en-su-dia-a-bomberos-de-tonala","status":"publish","type":"post","link":"https:\/\/tonala.gob.mx\/portal\/2016\/08\/23\/reconocen-en-su-dia-a-bomberos-de-tonala\/","title":{"rendered":"Reconocen en su d\u00eda a bomberos de Tonal\u00e1\u00a0"},"content":{"rendered":"<p>Tonal\u00e1, Jalisco. 22 de agosto de 2016.&nbsp;<\/p>\n<p>RECONOCEN EN SU D\u00cdA A BOMBEROS DE TONAL\u00c1<\/p>\n<p>&nbsp;&nbsp;<\/p>\n<p><a href=\"https:\/\/tonala.gob.mx\/portal\/wp-content\/uploads\/2016\/08\/img_6354.jpeg\"><img decoding=\"async\" src=\"https:\/\/tonala.gob.mx\/portal\/wp-content\/uploads\/2016\/08\/img_6354.jpeg\" alt=\"\"><\/a>&nbsp;Recibieron una quincena extra como est\u00edmulo econ\u00f3mico por su valiosa y riesgosa labor<\/p>\n<p>&nbsp;<\/p>\n<p>En el marco de la celebraci\u00f3n del D\u00eda del Bombero, el presidente municipal Sergio Ch\u00e1vez D\u00e1valos, reconoci\u00f3 a los elementos de la Unidad de Protecci\u00f3n Civil y Bomberos Tonal\u00e1, a quienes les entreg\u00f3 lo equivalente a una quincena de salario, como est\u00edmulo por su valiosa y riesgosa labor que desempe\u00f1an diariamente al salvaguardar la vida y patrimonio de los habitantes del municipio. &nbsp; &nbsp; &nbsp;&nbsp;<\/p>\n<p>&nbsp;<\/p>\n<p>Durante el evento que se llev\u00f3 a cabo en la Base 01 en Loma Dorada, refrend\u00f3 su compromiso de reforzar las condiciones de trabajo, con m\u00e1s y mejor equipo, as\u00ed como con mayor capacitaci\u00f3n; dijo que el pr\u00f3ximo a\u00f1o con la aportaci\u00f3n voluntaria y el impuesto predial que paguen los habitantes, pretende hacer una ampliaci\u00f3n que se necesita en la estaci\u00f3n y tambi\u00e9n poder entregar una unidad de rescate urbano. &nbsp;<\/p>\n<p>&nbsp;<\/p>\n<p>\u201cHemos cumplido en la medida de las posibilidades, y de la mano con la poblaci\u00f3n, entregando m\u00e1s veh\u00edculos, equipo y mejorado las instalaciones para dar un mejor servicio; hago un llamado a la poblaci\u00f3n tonalteca a que ayudemos, respetemos y colaboremos con estos hombres y mujeres que d\u00eda a d\u00eda se \u201cla juegan\u201d por nosotros\u201d.<\/p>\n<p>&nbsp;<\/p>\n<p>El primer edil, record\u00f3 al elemento Mart\u00edn Rivas Merlo, quien muri\u00f3 a inicios de a\u00f1o, en el cumplimiento de su labor cuando atend\u00eda un servicio en la delegaci\u00f3n de San Miguel de la Punta, a quien se refiero como un ser humano comprometido con su municipio y ejemplo a seguir,  lo cual, lo impulsa a que el Gobierno de Tonal\u00e1, siga buscando m\u00e1s y mejores condiciones para que los bomberos desempe\u00f1en su labor.<\/p>\n<p>&nbsp;<\/p>\n<p>Ch\u00e1vez D\u00e1valos, destac\u00f3: \u201cEn la actualidad es doblemente dif\u00edcil ser bombero en Tonal\u00e1, ya que es un municipio con m\u00e1s de 400 colonias, con todo tipo de accidentes naturales, como la gran barranca del R\u00edo Santiago, las diversas cuencas hidrol\u00f3gicas como la del Arroyo de Osorio y del Rosario; si a esto le sumamos la poblaci\u00f3n de m\u00e1s de medio mill\u00f3n de habitantes, se convierte en todo un reto\u201d.<\/p>\n<p>&nbsp;<\/p>\n<p>Por lo anterior, dijo que existe coordinaci\u00f3n con los bomberos del \u00c1rea Metropolitana de Guadalajara, de quienes se ha recibido ayuda y solidaridad cuando as\u00ed se ha requerido.<\/p>\n<p>&nbsp;<\/p>\n<p>De igual manera reconoci\u00f3 y agradeci\u00f3 a los voluntarios que a pesar de las dificultades y retos ayudan en gran medida a que se preste una mejor atenci\u00f3n.<\/p>\n<p>&nbsp;<\/p>\n<p>Por otra lado, el presidente municipal, se\u00f1al\u00f3: \u201cDecirles que no somos ajenos a quienes han buscado a trav\u00e9s de asociaciones sindicales avanzar en temas laborales, y que seremos respetuosos de lo que indiquen las autoridades en esta materia; reiterarles, buscamos lo mismo, pero siempre por el camino de la legalidad\u201d. &nbsp;<\/p>\n","protected":false},"excerpt":{"rendered":"<p>Tonal\u00e1, Jalisco. 22 de agosto de 2016.&nbsp; RECONOCEN EN SU D\u00cdA A BOMBEROS DE TONAL\u00c1 &nbsp;&nbsp; &nbsp;Recibieron una quincena extra<\/p>\n","protected":false},"author":1,"featured_media":5021,"comment_status":"closed","ping_status":"open","sticky":false,"template":"","format":"standard","meta":{"colormag_page_container_layout":"default_layout","colormag_page_sidebar_layout":"default_layout","footnotes":""},"categories":[2],"tags":[],"class_list":["post-5022","post","type-post","status-publish","format-standard","has-post-thumbnail","hentry","category-comunicacion-social"],"_links":{"self":[{"href":"https:\/\/tonala.gob.mx\/portal\/wp-json\/wp\/v2\/posts\/5022","targetHints":{"allow":["GET"]}}],"collection":[{"href":"https:\/\/tonala.gob.mx\/portal\/wp-json\/wp\/v2\/posts"}],"about":[{"href":"https:\/\/tonala.gob.mx\/portal\/wp-json\/wp\/v2\/types\/post"}],"author":[{"embeddable":true,"href":"https:\/\/tonala.gob.mx\/portal\/wp-json\/wp\/v2\/users\/1"}],"replies":[{"embeddable":true,"href":"https:\/\/tonala.gob.mx\/portal\/wp-json\/wp\/v2\/comments?post=5022"}],"version-history":[{"count":1,"href":"https:\/\/tonala.gob.mx\/portal\/wp-json\/wp\/v2\/posts\/5022\/revisions"}],"predecessor-version":[{"id":5023,"href":"https:\/\/tonala.gob.mx\/portal\/wp-json\/wp\/v2\/posts\/5022\/revisions\/5023"}],"wp:featuredmedia":[{"embeddable":true,"href":"https:\/\/tonala.gob.mx\/portal\/wp-json\/wp\/v2\/media\/5021"}],"wp:attachment":[{"href":"https:\/\/tonala.gob.mx\/portal\/wp-json\/wp\/v2\/media?parent=5022"}],"wp:term":[{"taxonomy":"category","embeddable":true,"href":"https:\/\/tonala.gob.mx\/portal\/wp-json\/wp\/v2\/categories?post=5022"},{"taxonomy":"post_tag","embeddable":true,"href":"https:\/\/tonala.gob.mx\/portal\/wp-json\/wp\/v2\/tags?post=5022"}],"curies":[{"name":"wp","href":"https:\/\/api.w.org\/{rel}","templated":true}]}}