{"id":5018,"date":"2016-08-23T15:19:55","date_gmt":"2016-08-23T15:19:55","guid":{"rendered":"http:\/\/tonala.gob.mx\/portal\/?p=5018"},"modified":"2016-08-23T15:19:55","modified_gmt":"2016-08-23T15:19:55","slug":"inicia-la-entrega-de-paquetes-escolares-en-tonala","status":"publish","type":"post","link":"https:\/\/tonala.gob.mx\/portal\/2016\/08\/23\/inicia-la-entrega-de-paquetes-escolares-en-tonala\/","title":{"rendered":"Inicia la entrega de paquetes escolares en Tonal\u00e1\u00a0"},"content":{"rendered":"<p>Tonal\u00e1, Jalisco. 22 de agosto de 2016.&nbsp;<\/p>\n<p>INICIA LA ENTREGA DE PAQUETES ESCOLARES EN TONAL\u00c1<\/p>\n<p>&nbsp;&nbsp;<\/p>\n<p><a href=\"https:\/\/tonala.gob.mx\/portal\/wp-content\/uploads\/2016\/08\/img_6350.jpeg\"><img decoding=\"async\" src=\"https:\/\/tonala.gob.mx\/portal\/wp-content\/uploads\/2016\/08\/img_6350.jpeg\" alt=\"\"><\/a>&nbsp;Arranca de manera oficial el Ciclo Escolar 2016-2017<\/p>\n<p>&nbsp;<\/p>\n<p>El presidente municipal, Sergio Ch\u00e1vez D\u00e1valos, dio el arranque oficial del Ciclo Escolar 2016-2017, en la Secundaria T\u00e9cnica 122 de la Delegaci\u00f3n Coyula, en la que tambi\u00e9n hizo entrega simb\u00f3lica de paquetes escolares que incluyen mochilas y \u00fatiles, con los que se beneficiar\u00e1n los alumnos de \u00e9sta y todas las escuelas del municipio.<\/p>\n<p>&nbsp;<\/p>\n<p>En inversi\u00f3n conjunta con el Gobierno del Estado, el Ayuntamiento de Tonal\u00e1 entregar\u00e1 112 mil 429 paquetes escolares en los 368 plateles que existen en el municipio, a trav\u00e9s de las direcciones generales y de \u00e1rea, as\u00ed como con el apoyo de regidores y sus colaboradores, con la finalidad de que los estudiantes tengan a tiempo el material did\u00e1ctico mencionado y comiencen sin problemas sus clases.<\/p>\n<p>&nbsp;<\/p>\n<p>Al respecto, el primer edil destac\u00f3: \u201cal final no es el dinero del gobernador ni del presidente municipal, es el dinero que  sus pap\u00e1s aportan en sus impuestos, en Tonal\u00e1 tenemos tranquilidad educativa, tenemos la disposici\u00f3n de los maestros, padres de familia y gobiernos para que caminen de la mejor manera en este ciclo escolar\u201d.<\/p>\n<p>&nbsp;<\/p>\n<p>Agreg\u00f3 que su encargo como presidente municipal es temporal, sin embargo la secundaria perdurar\u00e1 por muchos a\u00f1os m\u00e1s, es por ello que exhort\u00f3 a los asistentes a trabajar de manera conjunta entre gobierno, sociedad de padres de familia, el personal docente y las autoridades escolares, con el objetivo de resolver los problemas y retos que tiene \u00e9sta y las dem\u00e1s escuelas del municipio. &nbsp; &nbsp; &nbsp; &nbsp; &nbsp; &nbsp;<\/p>\n<p>&nbsp;<\/p>\n<p>\u201cHemos venido trabajando casi un a\u00f1o que tengo como presidente municipal, empujando y caminando para poder sacar el atraso de muchas comunidades, y este plantel escolar no es la excepci\u00f3n, cosas tan m\u00ednimas como las que nos piden el apoyo, como podar las \u00e1reas verdes y otras cosas; ma\u00f1ana mismo tendr\u00e1n aqu\u00ed una cuadrilla para que hagan esos trabajos y gestionaremos ante la Secretar\u00eda de Salud que vengan a fumigar para erradicar el dengue\u201d.<\/p>\n<p>&nbsp;<\/p>\n<p>Invit\u00f3 a los estudiantes a que aprovechen la oportunidad que tienen y a valorar el esfuerzo que realizan sus padres con la ilusi\u00f3n de que sigan prepar\u00e1ndose acad\u00e9micamente, y en su momento, lleguen a conseguir un t\u00edtulo universitario que les permita ser ciudadanos de bien y aporten su granito de arena al desarrollo del municipio, del estado y del pa\u00eds.<\/p>\n<p>&nbsp;<\/p>\n<p>Cabe mencionar que hoy en el estado de Jalisco regresan alrededor un mill\u00f3n doscientos mil estudiantes a clases.<\/p>\n","protected":false},"excerpt":{"rendered":"<p>Tonal\u00e1, Jalisco. 22 de agosto de 2016.&nbsp; INICIA LA ENTREGA DE PAQUETES ESCOLARES EN TONAL\u00c1 &nbsp;&nbsp; &nbsp;Arranca de manera oficial<\/p>\n","protected":false},"author":1,"featured_media":5017,"comment_status":"closed","ping_status":"open","sticky":false,"template":"","format":"standard","meta":{"colormag_page_container_layout":"default_layout","colormag_page_sidebar_layout":"default_layout","footnotes":""},"categories":[2],"tags":[],"class_list":["post-5018","post","type-post","status-publish","format-standard","has-post-thumbnail","hentry","category-comunicacion-social"],"_links":{"self":[{"href":"https:\/\/tonala.gob.mx\/portal\/wp-json\/wp\/v2\/posts\/5018","targetHints":{"allow":["GET"]}}],"collection":[{"href":"https:\/\/tonala.gob.mx\/portal\/wp-json\/wp\/v2\/posts"}],"about":[{"href":"https:\/\/tonala.gob.mx\/portal\/wp-json\/wp\/v2\/types\/post"}],"author":[{"embeddable":true,"href":"https:\/\/tonala.gob.mx\/portal\/wp-json\/wp\/v2\/users\/1"}],"replies":[{"embeddable":true,"href":"https:\/\/tonala.gob.mx\/portal\/wp-json\/wp\/v2\/comments?post=5018"}],"version-history":[{"count":1,"href":"https:\/\/tonala.gob.mx\/portal\/wp-json\/wp\/v2\/posts\/5018\/revisions"}],"predecessor-version":[{"id":5019,"href":"https:\/\/tonala.gob.mx\/portal\/wp-json\/wp\/v2\/posts\/5018\/revisions\/5019"}],"wp:featuredmedia":[{"embeddable":true,"href":"https:\/\/tonala.gob.mx\/portal\/wp-json\/wp\/v2\/media\/5017"}],"wp:attachment":[{"href":"https:\/\/tonala.gob.mx\/portal\/wp-json\/wp\/v2\/media?parent=5018"}],"wp:term":[{"taxonomy":"category","embeddable":true,"href":"https:\/\/tonala.gob.mx\/portal\/wp-json\/wp\/v2\/categories?post=5018"},{"taxonomy":"post_tag","embeddable":true,"href":"https:\/\/tonala.gob.mx\/portal\/wp-json\/wp\/v2\/tags?post=5018"}],"curies":[{"name":"wp","href":"https:\/\/api.w.org\/{rel}","templated":true}]}}