{"id":39472,"date":"2026-09-01T15:49:57","date_gmt":"2026-09-01T21:49:57","guid":{"rendered":"https:\/\/tonala.gob.mx\/portal\/?p=39472"},"modified":"2026-09-01T15:49:57","modified_gmt":"2026-09-01T21:49:57","slug":"tonala-destina-90-millones-de-pesos-para-construir-el-cemita-centro-municipal-para-el-tratamiento-del-autismo","status":"publish","type":"post","link":"https:\/\/tonala.gob.mx\/portal\/2026\/09\/01\/tonala-destina-90-millones-de-pesos-para-construir-el-cemita-centro-municipal-para-el-tratamiento-del-autismo\/","title":{"rendered":"TONAL\u00c1 DESTINA 90 MILLONES DE PESOS PARA CONSTRUIR EL CEMITA, CENTRO MUNICIPAL PARA EL TRATAMIENTO DEL AUTISMO"},"content":{"rendered":"\n<figure class=\"wp-block-image size-large\"><a href=\"https:\/\/tonala.gob.mx\/portal\/wp-content\/uploads\/2026\/09\/IMG_7871-scaled.jpg\"><img fetchpriority=\"high\" decoding=\"async\" width=\"1024\" height=\"683\" src=\"https:\/\/tonala.gob.mx\/portal\/wp-content\/uploads\/2026\/09\/IMG_7871-1024x683.jpg\" alt=\"\" class=\"wp-image-39473\" srcset=\"https:\/\/tonala.gob.mx\/portal\/wp-content\/uploads\/2026\/09\/IMG_7871-1024x683.jpg 1024w, https:\/\/tonala.gob.mx\/portal\/wp-content\/uploads\/2026\/09\/IMG_7871-300x200.jpg 300w, https:\/\/tonala.gob.mx\/portal\/wp-content\/uploads\/2026\/09\/IMG_7871-768x512.jpg 768w, https:\/\/tonala.gob.mx\/portal\/wp-content\/uploads\/2026\/09\/IMG_7871-1536x1024.jpg 1536w, https:\/\/tonala.gob.mx\/portal\/wp-content\/uploads\/2026\/09\/IMG_7871-2048x1365.jpg 2048w\" sizes=\"(max-width: 1024px) 100vw, 1024px\" \/><\/a><\/figure>\n\n\n\n<p class=\"wp-block-paragraph\">Con una inversi\u00f3n de 90 millones de pesos, el Gobierno de Tonal\u00e1 coloca la primera piedra del Centro Municipal para el Tratamiento del Autismo (CEMITA), un proyecto que busca ampliar las oportunidades de atenci\u00f3n especializada para ni\u00f1as y ni\u00f1os con condici\u00f3n del espectro autista y brindar acompa\u00f1amiento a sus familias.<\/p>\n\n\n\n<p class=\"wp-block-paragraph\">Durante el acto, el presidente municipal Sergio Ch\u00e1vez D\u00e1valos, destac\u00f3 que la construcci\u00f3n del CEMITA representa una de las acciones m\u00e1s importantes de su administraci\u00f3n en materia de salud, bienestar y calidad de vida, al se\u00f1alar que el objetivo es que el municipio cuente con un espacio especializado, accesible y con capacidad para atender inicialmente a 600 ni\u00f1as y ni\u00f1os de manera anual.<\/p>\n\n\n\n<figure class=\"wp-block-image size-large\"><a href=\"https:\/\/tonala.gob.mx\/portal\/wp-content\/uploads\/2026\/09\/IMG_7875-scaled.jpg\"><img decoding=\"async\" width=\"1024\" height=\"683\" src=\"https:\/\/tonala.gob.mx\/portal\/wp-content\/uploads\/2026\/09\/IMG_7875-1024x683.jpg\" alt=\"\" class=\"wp-image-39474\" srcset=\"https:\/\/tonala.gob.mx\/portal\/wp-content\/uploads\/2026\/09\/IMG_7875-1024x683.jpg 1024w, https:\/\/tonala.gob.mx\/portal\/wp-content\/uploads\/2026\/09\/IMG_7875-300x200.jpg 300w, https:\/\/tonala.gob.mx\/portal\/wp-content\/uploads\/2026\/09\/IMG_7875-768x512.jpg 768w, https:\/\/tonala.gob.mx\/portal\/wp-content\/uploads\/2026\/09\/IMG_7875-1536x1024.jpg 1536w, https:\/\/tonala.gob.mx\/portal\/wp-content\/uploads\/2026\/09\/IMG_7875-2048x1365.jpg 2048w\" sizes=\"(max-width: 1024px) 100vw, 1024px\" \/><\/a><\/figure>\n\n\n\n<p class=\"wp-block-paragraph\">Ch\u00e1vez D\u00e1valos dijo: <em>\u201cLo importante es que 90 millones de pesos de los impuestos que ustedes pagaron este a\u00f1o al municipio se est\u00e1n regresando en esta gran obra, que vivir\u00e1 durante muchos a\u00f1os\u201d<\/em> y <em><\/em>explic\u00f3 que, para hacer posible esta obra, el Gobierno Municipal decidi\u00f3 priorizar el proyecto y posponer algunas acciones de infraestructura para el siguiente a\u00f1o, con el prop\u00f3sito de garantizar los recursos necesarios para la construcci\u00f3n del centro.<\/p>\n\n\n\n<p class=\"wp-block-paragraph\">La inversi\u00f3n contempla 35 millones de pesos provenientes de recursos que originalmente estaban destinados al Rastro municipal y que ya fueron redireccionados, mientras que aproximadamente 50 millones de pesos corresponden a ahorros y ajustes presupuestales realizados por el municipio. El resto corresponde a recursos considerados dentro de la planeaci\u00f3n financiera del proyecto.<\/p>\n\n\n\n<p class=\"wp-block-paragraph\">El CEMITA estar\u00e1 ubicado en un terreno de aproximadamente una hect\u00e1rea y media, en la colonia Loma Dorada, lo que permitir\u00e1 facilitar el acceso de las familias, incluso mediante transporte p\u00fablico o caminando desde distintos puntos del municipio.<\/p>\n\n\n\n<figure class=\"wp-block-image size-large\"><a href=\"https:\/\/tonala.gob.mx\/portal\/wp-content\/uploads\/2026\/09\/IMG_7870-scaled.jpg\"><img decoding=\"async\" width=\"1024\" height=\"683\" src=\"https:\/\/tonala.gob.mx\/portal\/wp-content\/uploads\/2026\/09\/IMG_7870-1024x683.jpg\" alt=\"\" class=\"wp-image-39476\" srcset=\"https:\/\/tonala.gob.mx\/portal\/wp-content\/uploads\/2026\/09\/IMG_7870-1024x683.jpg 1024w, https:\/\/tonala.gob.mx\/portal\/wp-content\/uploads\/2026\/09\/IMG_7870-300x200.jpg 300w, https:\/\/tonala.gob.mx\/portal\/wp-content\/uploads\/2026\/09\/IMG_7870-768x512.jpg 768w, https:\/\/tonala.gob.mx\/portal\/wp-content\/uploads\/2026\/09\/IMG_7870-1536x1024.jpg 1536w, https:\/\/tonala.gob.mx\/portal\/wp-content\/uploads\/2026\/09\/IMG_7870-2048x1365.jpg 2048w\" sizes=\"(max-width: 1024px) 100vw, 1024px\" \/><\/a><\/figure>\n\n\n\n<p class=\"wp-block-paragraph\">El modelo arquitect\u00f3nico y de atenci\u00f3n toma como referencia el Centro de Autismo de Tepatitl\u00e1n, incorporando adecuaciones para responder a las necesidades de las familias tonaltecas.&nbsp; &nbsp; &nbsp; &nbsp; &nbsp; &nbsp; &nbsp; &nbsp; &nbsp; &nbsp; &nbsp; &nbsp; &nbsp; La proyecci\u00f3n es que la construcci\u00f3n concluya durante marzo de 2027, para posteriormente realizar durante abril los procesos de equipamiento, organizaci\u00f3n y puesta en marcha, con la meta de comenzar la atenci\u00f3n el 30 de abril de 2027.<\/p>\n\n\n\n<p class=\"wp-block-paragraph\">Adem\u00e1s explico que el centro ser\u00e1 operado por el Sistema DIF Tonal\u00e1 y requerir\u00e1 alrededor de 20 personas para su funcionamiento, entre personal directivo, especialistas, atenci\u00f3n profesional, servicios generales y vigilancia.<\/p>\n\n\n\n<p class=\"wp-block-paragraph\">Ch\u00e1vez D\u00e1valos destac\u00f3 que la capacidad inicial de 600 pacientes anuales representa solamente un primer paso, por lo que plante\u00f3 que en una segunda etapa el centro pueda ampliar sus instalaciones y alcanzar una capacidad de hasta mil 500 ni\u00f1as y ni\u00f1os atendidos anualmente.<\/p>\n\n\n\n<figure class=\"wp-block-image size-large\"><a href=\"https:\/\/tonala.gob.mx\/portal\/wp-content\/uploads\/2026\/09\/IMG_7872-scaled.jpg\"><img loading=\"lazy\" decoding=\"async\" width=\"1024\" height=\"683\" src=\"https:\/\/tonala.gob.mx\/portal\/wp-content\/uploads\/2026\/09\/IMG_7872-1024x683.jpg\" alt=\"\" class=\"wp-image-39475\" srcset=\"https:\/\/tonala.gob.mx\/portal\/wp-content\/uploads\/2026\/09\/IMG_7872-1024x683.jpg 1024w, https:\/\/tonala.gob.mx\/portal\/wp-content\/uploads\/2026\/09\/IMG_7872-300x200.jpg 300w, https:\/\/tonala.gob.mx\/portal\/wp-content\/uploads\/2026\/09\/IMG_7872-768x512.jpg 768w, https:\/\/tonala.gob.mx\/portal\/wp-content\/uploads\/2026\/09\/IMG_7872-1536x1024.jpg 1536w, https:\/\/tonala.gob.mx\/portal\/wp-content\/uploads\/2026\/09\/IMG_7872-2048x1365.jpg 2048w\" sizes=\"(max-width: 1024px) 100vw, 1024px\" \/><\/a><\/figure>\n\n\n\n<p class=\"wp-block-paragraph\">Tambi\u00e9n adelant\u00f3 que existe un proyecto para desarrollar una segunda etapa que contemple una escuela de equinoterapia, con una inversi\u00f3n estimada de alrededor de 2.5 millones de pesos, sujeta a la disponibilidad presupuestal y a la estabilidad financiera del municipio.<\/p>\n\n\n\n<p class=\"wp-block-paragraph\">El presidente municipal hizo adem\u00e1s un llamado a las organizaciones civiles y a las familias para involucrarse en el seguimiento del proyecto y anunci\u00f3 la creaci\u00f3n de una comisi\u00f3n permanente de seguimiento, integrada por representantes de asociaciones, el DIF Tonal\u00e1 y regidoras y regidores, que acompa\u00f1ar\u00e1 tanto el proceso de construcci\u00f3n como la futura operaci\u00f3n del CEMITA.<\/p>\n","protected":false},"excerpt":{"rendered":"<p>Con una inversi\u00f3n de 90 millones de pesos, el Gobierno de Tonal\u00e1 coloca la primera piedra del Centro Municipal para<\/p>\n","protected":false},"author":1,"featured_media":39476,"comment_status":"closed","ping_status":"open","sticky":false,"template":"","format":"standard","meta":{"colormag_page_container_layout":"default_layout","colormag_page_sidebar_layout":"default_layout","footnotes":""},"categories":[2],"tags":[],"class_list":["post-39472","post","type-post","status-publish","format-standard","has-post-thumbnail","hentry","category-comunicacion-social"],"_links":{"self":[{"href":"https:\/\/tonala.gob.mx\/portal\/wp-json\/wp\/v2\/posts\/39472","targetHints":{"allow":["GET"]}}],"collection":[{"href":"https:\/\/tonala.gob.mx\/portal\/wp-json\/wp\/v2\/posts"}],"about":[{"href":"https:\/\/tonala.gob.mx\/portal\/wp-json\/wp\/v2\/types\/post"}],"author":[{"embeddable":true,"href":"https:\/\/tonala.gob.mx\/portal\/wp-json\/wp\/v2\/users\/1"}],"replies":[{"embeddable":true,"href":"https:\/\/tonala.gob.mx\/portal\/wp-json\/wp\/v2\/comments?post=39472"}],"version-history":[{"count":1,"href":"https:\/\/tonala.gob.mx\/portal\/wp-json\/wp\/v2\/posts\/39472\/revisions"}],"predecessor-version":[{"id":39477,"href":"https:\/\/tonala.gob.mx\/portal\/wp-json\/wp\/v2\/posts\/39472\/revisions\/39477"}],"wp:featuredmedia":[{"embeddable":true,"href":"https:\/\/tonala.gob.mx\/portal\/wp-json\/wp\/v2\/media\/39476"}],"wp:attachment":[{"href":"https:\/\/tonala.gob.mx\/portal\/wp-json\/wp\/v2\/media?parent=39472"}],"wp:term":[{"taxonomy":"category","embeddable":true,"href":"https:\/\/tonala.gob.mx\/portal\/wp-json\/wp\/v2\/categories?post=39472"},{"taxonomy":"post_tag","embeddable":true,"href":"https:\/\/tonala.gob.mx\/portal\/wp-json\/wp\/v2\/tags?post=39472"}],"curies":[{"name":"wp","href":"https:\/\/api.w.org\/{rel}","templated":true}]}}