{"id":39464,"date":"2026-08-31T14:20:00","date_gmt":"2026-08-31T20:20:00","guid":{"rendered":"https:\/\/tonala.gob.mx\/portal\/?p=39464"},"modified":"2026-09-01T13:29:48","modified_gmt":"2026-09-01T19:29:48","slug":"gobierno-de-tonala-acompana-a-vecinos-en-la-presentacion-de-queja-ante-la-cedhj-por-la-problematica-del-agua","status":"publish","type":"post","link":"https:\/\/tonala.gob.mx\/portal\/2026\/08\/31\/gobierno-de-tonala-acompana-a-vecinos-en-la-presentacion-de-queja-ante-la-cedhj-por-la-problematica-del-agua\/","title":{"rendered":"Gobierno de Tonal\u00e1 acompa\u00f1a a vecinos en la presentaci\u00f3n de queja ante la CEDHJ por la problem\u00e1tica del agua"},"content":{"rendered":"\n<figure class=\"wp-block-image size-large\"><a href=\"https:\/\/tonala.gob.mx\/portal\/wp-content\/uploads\/2026\/09\/202f868f-68cf-4b94-9067-40ee1c05c29c.jpg\"><img fetchpriority=\"high\" decoding=\"async\" width=\"1024\" height=\"786\" src=\"https:\/\/tonala.gob.mx\/portal\/wp-content\/uploads\/2026\/09\/202f868f-68cf-4b94-9067-40ee1c05c29c-1024x786.jpg\" alt=\"\" class=\"wp-image-39468\" srcset=\"https:\/\/tonala.gob.mx\/portal\/wp-content\/uploads\/2026\/09\/202f868f-68cf-4b94-9067-40ee1c05c29c-1024x786.jpg 1024w, https:\/\/tonala.gob.mx\/portal\/wp-content\/uploads\/2026\/09\/202f868f-68cf-4b94-9067-40ee1c05c29c-300x230.jpg 300w, https:\/\/tonala.gob.mx\/portal\/wp-content\/uploads\/2026\/09\/202f868f-68cf-4b94-9067-40ee1c05c29c-768x589.jpg 768w, https:\/\/tonala.gob.mx\/portal\/wp-content\/uploads\/2026\/09\/202f868f-68cf-4b94-9067-40ee1c05c29c.jpg 1404w\" sizes=\"(max-width: 1024px) 100vw, 1024px\" \/><\/a><\/figure>\n\n\n\n<p class=\"wp-block-paragraph\">Vecinas y vecinos que representan a 33 mil habitantes de m\u00e1s de 22 colonias de Tonal\u00e1 acudieron este lunes a la Comisi\u00f3n Estatal de Derechos Humanos de Jalisco (CEDHJ) para presentar una queja formal ante la problem\u00e1tica que enfrentan por la falta de agua, el servicio intermitente y la mala calidad del l\u00edquido que llega a sus hogares.<\/p>\n\n\n\n<p class=\"wp-block-paragraph\">La regidora Liliana Olea Fr\u00edas, presidenta de la Comisi\u00f3n Edilicia de Servicios M\u00e9dicos, Salubridad e Higiene del Ayuntamiento de Tonal\u00e1, acompa\u00f1\u00f3 a las y los habitantes durante la presentaci\u00f3n de la queja, al considerar que el acceso al agua debe ser atendido tambi\u00e9n como un asunto de salud p\u00fablica.<\/p>\n\n\n\n<p class=\"wp-block-paragraph\">\u201cEn Tonal\u00e1 el agua no llega de manera regular y, cuando llega, en algunos casos sale sucia. Un descuento en el recibo puede representar un alivio para el bolsillo, pero no resuelve el problema de fondo. Las familias necesitan agua limpia, suficiente y un servicio digno\u201d, se\u00f1al\u00f3 la regidora.<\/p>\n\n\n\n<figure class=\"wp-block-image size-large\"><a href=\"https:\/\/tonala.gob.mx\/portal\/wp-content\/uploads\/2026\/09\/1154c959-003b-4da2-86e5-8f546004b691-1.jpg\"><img decoding=\"async\" width=\"1024\" height=\"682\" src=\"https:\/\/tonala.gob.mx\/portal\/wp-content\/uploads\/2026\/09\/1154c959-003b-4da2-86e5-8f546004b691-1-1024x682.jpg\" alt=\"\" class=\"wp-image-39469\" srcset=\"https:\/\/tonala.gob.mx\/portal\/wp-content\/uploads\/2026\/09\/1154c959-003b-4da2-86e5-8f546004b691-1-1024x682.jpg 1024w, https:\/\/tonala.gob.mx\/portal\/wp-content\/uploads\/2026\/09\/1154c959-003b-4da2-86e5-8f546004b691-1-300x200.jpg 300w, https:\/\/tonala.gob.mx\/portal\/wp-content\/uploads\/2026\/09\/1154c959-003b-4da2-86e5-8f546004b691-1-767x511.jpg 767w, https:\/\/tonala.gob.mx\/portal\/wp-content\/uploads\/2026\/09\/1154c959-003b-4da2-86e5-8f546004b691-1-1536x1023.jpg 1536w, https:\/\/tonala.gob.mx\/portal\/wp-content\/uploads\/2026\/09\/1154c959-003b-4da2-86e5-8f546004b691-1.jpg 1600w\" sizes=\"(max-width: 1024px) 100vw, 1024px\" \/><\/a><\/figure>\n\n\n\n<p class=\"wp-block-paragraph\">Uno de los casos que refleja la dimensi\u00f3n de esta problem\u00e1tica es que tan s\u00f3lo en el caso de Colinas de Tonal\u00e1, donde habitan aproximadamente 22 mil 736 personas en 5 mil 400 viviendas, distribuidas actualmente en tres secciones. A esta situaci\u00f3n se suma la pr\u00f3xima apertura de una cuarta secci\u00f3n, lo que genera preocupaci\u00f3n entre las familias de la zona, debido a que, si no se fortalece la infraestructura hidr\u00e1ulica, existe el riesgo de que las dificultades en el suministro se agraven y alcancen a un mayor n\u00famero de habitantes.<\/p>\n\n\n\n<p class=\"wp-block-paragraph\">La problem\u00e1tica tambi\u00e9n ha sido se\u00f1alada por habitantes de Bosques de Tonal\u00e1, Camichines 1 y 2, Infonavit, Pocitos, Ciudad Aztl\u00e1n, Paseo de las Ca\u00f1adas, Loma Bonita, Coyula, Rinconada de San Francisco, San Miguel La Punta, Jauja, Santa Paula, Santa Cruz de las Huertas, Basilio Badillo y Paseos del Valle, entre otras zonas del municipio.<\/p>\n\n\n\n<p class=\"wp-block-paragraph\"><\/p>\n\n\n\n<p class=\"wp-block-paragraph\">Olea Fr\u00edas destac\u00f3 que las medidas econ\u00f3micas pueden ayudar temporalmente a las familias, pero no sustituyen la responsabilidad de garantizar un servicio adecuado.<\/p>\n\n\n\n<p class=\"wp-block-paragraph\">\u201cUn descuento en el recibo no puede ser la soluci\u00f3n definitiva. El problema sigue ah\u00ed cuando las familias abren la llave y no sale agua, o cuando el agua llega en condiciones que generan preocupaci\u00f3n. Lo que necesitamos son soluciones de fondo, infraestructura que responda al crecimiento de Tonal\u00e1 y agua de calidad\u201d, enfatiz\u00f3.<\/p>\n\n\n\n<figure class=\"wp-block-image size-large\"><a href=\"https:\/\/tonala.gob.mx\/portal\/wp-content\/uploads\/2026\/09\/793acbe0-2700-41e3-9b61-1dcf2d461d39.jpg\"><img decoding=\"async\" width=\"1024\" height=\"682\" src=\"https:\/\/tonala.gob.mx\/portal\/wp-content\/uploads\/2026\/09\/793acbe0-2700-41e3-9b61-1dcf2d461d39-1024x682.jpg\" alt=\"\" class=\"wp-image-39470\" srcset=\"https:\/\/tonala.gob.mx\/portal\/wp-content\/uploads\/2026\/09\/793acbe0-2700-41e3-9b61-1dcf2d461d39-1024x682.jpg 1024w, https:\/\/tonala.gob.mx\/portal\/wp-content\/uploads\/2026\/09\/793acbe0-2700-41e3-9b61-1dcf2d461d39-300x200.jpg 300w, https:\/\/tonala.gob.mx\/portal\/wp-content\/uploads\/2026\/09\/793acbe0-2700-41e3-9b61-1dcf2d461d39-767x511.jpg 767w, https:\/\/tonala.gob.mx\/portal\/wp-content\/uploads\/2026\/09\/793acbe0-2700-41e3-9b61-1dcf2d461d39-1536x1023.jpg 1536w, https:\/\/tonala.gob.mx\/portal\/wp-content\/uploads\/2026\/09\/793acbe0-2700-41e3-9b61-1dcf2d461d39.jpg 1600w\" sizes=\"(max-width: 1024px) 100vw, 1024px\" \/><\/a><\/figure>\n\n\n\n<p class=\"wp-block-paragraph\">La presidenta de la Comisi\u00f3n de Salud se\u00f1al\u00f3 que continuar\u00e1 acompa\u00f1ando a las vecinas y vecinos en las acciones necesarias para visibilizar esta problem\u00e1tica y solicitar la intervenci\u00f3n de las autoridades responsables.<\/p>\n\n\n\n<p class=\"wp-block-paragraph\">\u201cLas familias de Tonal\u00e1 no est\u00e1n pidiendo un favor. Est\u00e1n defendiendo un derecho. Desde Tonal\u00e1 vamos a seguir alzando la voz y trabajando para que el acceso al agua sea una realidad para todas y todos\u201d, concluy\u00f3.<\/p>\n","protected":false},"excerpt":{"rendered":"<p>Vecinas y vecinos que representan a 33 mil habitantes de m\u00e1s de 22 colonias de Tonal\u00e1 acudieron este lunes a<\/p>\n","protected":false},"author":1,"featured_media":39469,"comment_status":"closed","ping_status":"open","sticky":false,"template":"","format":"standard","meta":{"colormag_page_container_layout":"default_layout","colormag_page_sidebar_layout":"default_layout","footnotes":""},"categories":[2],"tags":[],"class_list":["post-39464","post","type-post","status-publish","format-standard","has-post-thumbnail","hentry","category-comunicacion-social"],"_links":{"self":[{"href":"https:\/\/tonala.gob.mx\/portal\/wp-json\/wp\/v2\/posts\/39464","targetHints":{"allow":["GET"]}}],"collection":[{"href":"https:\/\/tonala.gob.mx\/portal\/wp-json\/wp\/v2\/posts"}],"about":[{"href":"https:\/\/tonala.gob.mx\/portal\/wp-json\/wp\/v2\/types\/post"}],"author":[{"embeddable":true,"href":"https:\/\/tonala.gob.mx\/portal\/wp-json\/wp\/v2\/users\/1"}],"replies":[{"embeddable":true,"href":"https:\/\/tonala.gob.mx\/portal\/wp-json\/wp\/v2\/comments?post=39464"}],"version-history":[{"count":1,"href":"https:\/\/tonala.gob.mx\/portal\/wp-json\/wp\/v2\/posts\/39464\/revisions"}],"predecessor-version":[{"id":39471,"href":"https:\/\/tonala.gob.mx\/portal\/wp-json\/wp\/v2\/posts\/39464\/revisions\/39471"}],"wp:featuredmedia":[{"embeddable":true,"href":"https:\/\/tonala.gob.mx\/portal\/wp-json\/wp\/v2\/media\/39469"}],"wp:attachment":[{"href":"https:\/\/tonala.gob.mx\/portal\/wp-json\/wp\/v2\/media?parent=39464"}],"wp:term":[{"taxonomy":"category","embeddable":true,"href":"https:\/\/tonala.gob.mx\/portal\/wp-json\/wp\/v2\/categories?post=39464"},{"taxonomy":"post_tag","embeddable":true,"href":"https:\/\/tonala.gob.mx\/portal\/wp-json\/wp\/v2\/tags?post=39464"}],"curies":[{"name":"wp","href":"https:\/\/api.w.org\/{rel}","templated":true}]}}