{"id":38983,"date":"2026-04-28T20:00:00","date_gmt":"2026-04-29T02:00:00","guid":{"rendered":"https:\/\/tonala.gob.mx\/portal\/?p=38983"},"modified":"2026-04-29T13:47:53","modified_gmt":"2026-04-29T19:47:53","slug":"gobierno-municipal-inaugura-area-de-hemodialisis-del-hospital-tonala-centro","status":"publish","type":"post","link":"https:\/\/tonala.gob.mx\/portal\/2026\/04\/28\/gobierno-municipal-inaugura-area-de-hemodialisis-del-hospital-tonala-centro\/","title":{"rendered":"Gobierno municipal inaugura \u00e1rea de hemodi\u00e1lisis del Hospital Tonal\u00e1 Centro."},"content":{"rendered":"\n<p>El presidente municipal Sergio Ch\u00e1vez D\u00e1valos, y el Cardenal arzobispo de Guadalajara, Jos\u00e9 Francisco Robles Ortega, inauguraron la tarde de este martes el \u00e1rea de hemodi\u00e1lisis del Hospital Tonal\u00e1 Centro, en donde se cuenta con 9 m\u00e1quinas y se podr\u00e1 hemodializar a 56 personas por d\u00eda.<\/p>\n\n\n\n<p>Previo a la inauguraci\u00f3n, el Cardenal y el presidente debelaron el busto del sacerdote Rafael Gonz\u00e1lez Gonz\u00e1lez, quien fuera un bienhechor y fil\u00e1ntropo en el municipio, e hicieron un recorrido por todas las \u00e1reas del hospital; mostrando el purpurado su sorpresa por la infraestructura y tecnolog\u00eda de vanguardia que tiene el nosocomio para atender a los pacientes.<\/p>\n\n\n\n<figure class=\"wp-block-image size-large\"><img fetchpriority=\"high\" decoding=\"async\" width=\"1024\" height=\"683\" src=\"https:\/\/tonala.gob.mx\/portal\/wp-content\/uploads\/2026\/04\/2-1-1024x683.jpeg\" alt=\"\" class=\"wp-image-38984\" srcset=\"https:\/\/tonala.gob.mx\/portal\/wp-content\/uploads\/2026\/04\/2-1-1024x683.jpeg 1024w, https:\/\/tonala.gob.mx\/portal\/wp-content\/uploads\/2026\/04\/2-1-300x200.jpeg 300w, https:\/\/tonala.gob.mx\/portal\/wp-content\/uploads\/2026\/04\/2-1-768x512.jpeg 768w, https:\/\/tonala.gob.mx\/portal\/wp-content\/uploads\/2026\/04\/2-1.jpeg 1500w\" sizes=\"(max-width: 1024px) 100vw, 1024px\" \/><\/figure>\n\n\n\n<p>Por lo que ve al \u00e1rea de hemodi\u00e1lisis, \u00e9sta lleva el nombre Sor Bertha L\u00f3pez Ch\u00e1vez, como reconocimiento de los tonaltecas por su ardua lucha, esfuerzo y trabajo, de m\u00e1s de 30 a\u00f1os, en favor de las clases m\u00e1s desprotegidas.<\/p>\n\n\n\n<p>En su mensaje, Ch\u00e1vez D\u00e1valos subray\u00f3: \u201cHoy es un d\u00eda hist\u00f3rico para Tonal\u00e1, somos el primer municipio del estado que contar\u00e1 con \u00e1rea de hemodi\u00e1lisis en un hospital construido y equipado con recursos propios y segundo municipio en el pa\u00eds con este servicio, repito, con recursos propios\u201d.&nbsp;<\/p>\n\n\n\n<figure class=\"wp-block-image size-large\"><img decoding=\"async\" width=\"1024\" height=\"683\" src=\"https:\/\/tonala.gob.mx\/portal\/wp-content\/uploads\/2026\/04\/4-1024x683.jpeg\" alt=\"\" class=\"wp-image-38985\" srcset=\"https:\/\/tonala.gob.mx\/portal\/wp-content\/uploads\/2026\/04\/4-1024x683.jpeg 1024w, https:\/\/tonala.gob.mx\/portal\/wp-content\/uploads\/2026\/04\/4-300x200.jpeg 300w, https:\/\/tonala.gob.mx\/portal\/wp-content\/uploads\/2026\/04\/4-768x512.jpeg 768w, https:\/\/tonala.gob.mx\/portal\/wp-content\/uploads\/2026\/04\/4.jpeg 1500w\" sizes=\"(max-width: 1024px) 100vw, 1024px\" \/><\/figure>\n\n\n\n<p>Explico que en la \u00faltima d\u00e9cada se incrementaron de 40 mil a poco m\u00e1s de 100 mil los pacientes que requieren tratamiento de hemodi\u00e1lisis: \u201cTan s\u00f3lo el IMSS atend\u00eda a 42 mil 836 pacientes hace dos a\u00f1os. Esto nos da una idea de la trascendencia que tiene este servicio\u201d.<\/p>\n\n\n\n<p>Dijo que en Tonal\u00e1 la cifra de personas que necesitan hemodi\u00e1lisis ronda los 5,000 pacientes: \u201choy, estamos poniendo nuestro granito de arena para atender a personas que no cuentan con ning\u00fan servicio de atenci\u00f3n m\u00e9dica como es IMSS, ISSSTE o cualquier otro\u201d.<\/p>\n\n\n\n<figure class=\"wp-block-image size-large\"><a href=\"https:\/\/tonala.gob.mx\/portal\/wp-content\/uploads\/2026\/04\/1-1.jpeg\"><img decoding=\"async\" width=\"1024\" height=\"683\" src=\"https:\/\/tonala.gob.mx\/portal\/wp-content\/uploads\/2026\/04\/1-1-1024x683.jpeg\" alt=\"\" class=\"wp-image-38986\" srcset=\"https:\/\/tonala.gob.mx\/portal\/wp-content\/uploads\/2026\/04\/1-1-1024x683.jpeg 1024w, https:\/\/tonala.gob.mx\/portal\/wp-content\/uploads\/2026\/04\/1-1-300x200.jpeg 300w, https:\/\/tonala.gob.mx\/portal\/wp-content\/uploads\/2026\/04\/1-1-768x512.jpeg 768w, https:\/\/tonala.gob.mx\/portal\/wp-content\/uploads\/2026\/04\/1-1.jpeg 1500w\" sizes=\"(max-width: 1024px) 100vw, 1024px\" \/><\/a><\/figure>\n\n\n\n<p>A\u00f1adi\u00f3 que para evitar que futuras administraciones pudiesen darle para atr\u00e1s a esta importante obra,&nbsp; se transform\u00f3 en organismo publico descentralizado y cuenta con un \u00f3rgano de gobierno integrado por prestigiadas personas de la iniciativa privada y universidades y se est\u00e1 conformando una fundaci\u00f3n mediante la que se busca acceder a recursos que le permitan atender a menor costo posible a los pacientes.&nbsp;<\/p>\n","protected":false},"excerpt":{"rendered":"<p>El presidente municipal Sergio Ch\u00e1vez D\u00e1valos, y el Cardenal arzobispo de Guadalajara, Jos\u00e9 Francisco Robles Ortega, inauguraron la tarde de<\/p>\n","protected":false},"author":2,"featured_media":38989,"comment_status":"closed","ping_status":"open","sticky":false,"template":"","format":"standard","meta":{"colormag_page_container_layout":"default_layout","colormag_page_sidebar_layout":"default_layout","footnotes":""},"categories":[2],"tags":[],"class_list":["post-38983","post","type-post","status-publish","format-standard","has-post-thumbnail","hentry","category-comunicacion-social"],"_links":{"self":[{"href":"https:\/\/tonala.gob.mx\/portal\/wp-json\/wp\/v2\/posts\/38983","targetHints":{"allow":["GET"]}}],"collection":[{"href":"https:\/\/tonala.gob.mx\/portal\/wp-json\/wp\/v2\/posts"}],"about":[{"href":"https:\/\/tonala.gob.mx\/portal\/wp-json\/wp\/v2\/types\/post"}],"author":[{"embeddable":true,"href":"https:\/\/tonala.gob.mx\/portal\/wp-json\/wp\/v2\/users\/2"}],"replies":[{"embeddable":true,"href":"https:\/\/tonala.gob.mx\/portal\/wp-json\/wp\/v2\/comments?post=38983"}],"version-history":[{"count":2,"href":"https:\/\/tonala.gob.mx\/portal\/wp-json\/wp\/v2\/posts\/38983\/revisions"}],"predecessor-version":[{"id":38990,"href":"https:\/\/tonala.gob.mx\/portal\/wp-json\/wp\/v2\/posts\/38983\/revisions\/38990"}],"wp:featuredmedia":[{"embeddable":true,"href":"https:\/\/tonala.gob.mx\/portal\/wp-json\/wp\/v2\/media\/38989"}],"wp:attachment":[{"href":"https:\/\/tonala.gob.mx\/portal\/wp-json\/wp\/v2\/media?parent=38983"}],"wp:term":[{"taxonomy":"category","embeddable":true,"href":"https:\/\/tonala.gob.mx\/portal\/wp-json\/wp\/v2\/categories?post=38983"},{"taxonomy":"post_tag","embeddable":true,"href":"https:\/\/tonala.gob.mx\/portal\/wp-json\/wp\/v2\/tags?post=38983"}],"curies":[{"name":"wp","href":"https:\/\/api.w.org\/{rel}","templated":true}]}}