{"id":38923,"date":"2026-04-24T17:01:00","date_gmt":"2026-04-24T23:01:00","guid":{"rendered":"https:\/\/tonala.gob.mx\/portal\/?p=38923"},"modified":"2026-04-27T10:05:26","modified_gmt":"2026-04-27T16:05:26","slug":"tonala-se-integra-a-3-programas-de-gobierno","status":"publish","type":"post","link":"https:\/\/tonala.gob.mx\/portal\/2026\/04\/24\/tonala-se-integra-a-3-programas-de-gobierno\/","title":{"rendered":"TONAL\u00c1 SE INTEGRA A 3 PROGRAMAS DE GOBIERNO"},"content":{"rendered":"\n<figure class=\"wp-block-image size-large\"><a href=\"https:\/\/tonala.gob.mx\/portal\/wp-content\/uploads\/2026\/04\/231a7c6d-9a9d-41bb-adbe-eb532a1e9cac.jpg\"><img fetchpriority=\"high\" decoding=\"async\" width=\"1024\" height=\"683\" src=\"https:\/\/tonala.gob.mx\/portal\/wp-content\/uploads\/2026\/04\/231a7c6d-9a9d-41bb-adbe-eb532a1e9cac-1024x683.jpg\" alt=\"\" class=\"wp-image-38924\" srcset=\"https:\/\/tonala.gob.mx\/portal\/wp-content\/uploads\/2026\/04\/231a7c6d-9a9d-41bb-adbe-eb532a1e9cac-1024x683.jpg 1024w, https:\/\/tonala.gob.mx\/portal\/wp-content\/uploads\/2026\/04\/231a7c6d-9a9d-41bb-adbe-eb532a1e9cac-300x200.jpg 300w, https:\/\/tonala.gob.mx\/portal\/wp-content\/uploads\/2026\/04\/231a7c6d-9a9d-41bb-adbe-eb532a1e9cac-768x512.jpg 768w, https:\/\/tonala.gob.mx\/portal\/wp-content\/uploads\/2026\/04\/231a7c6d-9a9d-41bb-adbe-eb532a1e9cac.jpg 1500w\" sizes=\"(max-width: 1024px) 100vw, 1024px\" \/><\/a><\/figure>\n\n\n\n<p>El gobierno municipal de Tonal\u00e1 celebr\u00f3 este d\u00eda sesi\u00f3n extraordinaria, de manera virtual, con el prop\u00f3sito de aprobar tres asuntos.<\/p>\n\n\n\n<p>El primero para aprobar la suscripci\u00f3n de un convenio que autoriza al gobierno municipal de Tonal\u00e1, Jalisco, a participar en el programa Barrios de Paz para el ejercicio fiscal 2026.<\/p>\n\n\n\n<p>Lo anterior con la finalidad de promover y reforzar en el municipio las acciones de prevenci\u00f3n de violencias y masculinidades hacia la igualdad, cuya convocatoria fue emitida por la secretaria de Igualdad Sustantiva entre Mujeres y Hombres (SISEMH) del Gobierno del Estado de Jalisco, y publicada en su p\u00e1gina oficial el 09 de abril de 2026 dos mil veintis\u00e9is.<\/p>\n\n\n\n<figure class=\"wp-block-image size-large\"><a href=\"https:\/\/tonala.gob.mx\/portal\/wp-content\/uploads\/2026\/04\/203d75ec-fc30-4feb-b773-cdb91df61569.jpg\"><img decoding=\"async\" width=\"1024\" height=\"615\" src=\"https:\/\/tonala.gob.mx\/portal\/wp-content\/uploads\/2026\/04\/203d75ec-fc30-4feb-b773-cdb91df61569-1024x615.jpg\" alt=\"\" class=\"wp-image-38925\" srcset=\"https:\/\/tonala.gob.mx\/portal\/wp-content\/uploads\/2026\/04\/203d75ec-fc30-4feb-b773-cdb91df61569-1024x615.jpg 1024w, https:\/\/tonala.gob.mx\/portal\/wp-content\/uploads\/2026\/04\/203d75ec-fc30-4feb-b773-cdb91df61569-300x180.jpg 300w, https:\/\/tonala.gob.mx\/portal\/wp-content\/uploads\/2026\/04\/203d75ec-fc30-4feb-b773-cdb91df61569-768x461.jpg 768w, https:\/\/tonala.gob.mx\/portal\/wp-content\/uploads\/2026\/04\/203d75ec-fc30-4feb-b773-cdb91df61569.jpg 1039w\" sizes=\"(max-width: 1024px) 100vw, 1024px\" \/><\/a><\/figure>\n\n\n\n<p>Otro punto aprobado fue el relativo al convenio de colaboraci\u00f3n para la construcci\u00f3n y equipamiento del centro comunitario \u201cM\u00e9xico Imparable\u201d, entre el Ayuntamiento de Tonal\u00e1 y la Secretar\u00eda de Seguridad y Protecci\u00f3n Ciudadana y la Secretar\u00eda de Infraestructura, Comunicaciones y Transportes, ambas del Gobierno Federal.&nbsp;<\/p>\n\n\n\n<p>Y, por \u00faltimo, se aprob\u00f3 la participaci\u00f3n del Ayuntamiento Constitucional de Tonal\u00e1, Jalisco, en el Programa Estrategia Ale del ejercicio 2026 y que,&nbsp; en caso de ser seleccionado el municipio como beneficiario, se suscriba el convenio de coordinaci\u00f3n respectivo y su anexo t\u00e9cnico por conducto de las personas funcionarias p\u00fablicas autorizadas.<\/p>\n","protected":false},"excerpt":{"rendered":"<p>El gobierno municipal de Tonal\u00e1 celebr\u00f3 este d\u00eda sesi\u00f3n extraordinaria, de manera virtual, con el prop\u00f3sito de aprobar tres asuntos.<\/p>\n","protected":false},"author":1,"featured_media":38926,"comment_status":"closed","ping_status":"open","sticky":false,"template":"","format":"standard","meta":{"colormag_page_container_layout":"default_layout","colormag_page_sidebar_layout":"default_layout","footnotes":""},"categories":[2],"tags":[],"class_list":["post-38923","post","type-post","status-publish","format-standard","has-post-thumbnail","hentry","category-comunicacion-social"],"_links":{"self":[{"href":"https:\/\/tonala.gob.mx\/portal\/wp-json\/wp\/v2\/posts\/38923","targetHints":{"allow":["GET"]}}],"collection":[{"href":"https:\/\/tonala.gob.mx\/portal\/wp-json\/wp\/v2\/posts"}],"about":[{"href":"https:\/\/tonala.gob.mx\/portal\/wp-json\/wp\/v2\/types\/post"}],"author":[{"embeddable":true,"href":"https:\/\/tonala.gob.mx\/portal\/wp-json\/wp\/v2\/users\/1"}],"replies":[{"embeddable":true,"href":"https:\/\/tonala.gob.mx\/portal\/wp-json\/wp\/v2\/comments?post=38923"}],"version-history":[{"count":1,"href":"https:\/\/tonala.gob.mx\/portal\/wp-json\/wp\/v2\/posts\/38923\/revisions"}],"predecessor-version":[{"id":38928,"href":"https:\/\/tonala.gob.mx\/portal\/wp-json\/wp\/v2\/posts\/38923\/revisions\/38928"}],"wp:featuredmedia":[{"embeddable":true,"href":"https:\/\/tonala.gob.mx\/portal\/wp-json\/wp\/v2\/media\/38926"}],"wp:attachment":[{"href":"https:\/\/tonala.gob.mx\/portal\/wp-json\/wp\/v2\/media?parent=38923"}],"wp:term":[{"taxonomy":"category","embeddable":true,"href":"https:\/\/tonala.gob.mx\/portal\/wp-json\/wp\/v2\/categories?post=38923"},{"taxonomy":"post_tag","embeddable":true,"href":"https:\/\/tonala.gob.mx\/portal\/wp-json\/wp\/v2\/tags?post=38923"}],"curies":[{"name":"wp","href":"https:\/\/api.w.org\/{rel}","templated":true}]}}