{"id":38792,"date":"2026-04-06T13:18:45","date_gmt":"2026-04-06T19:18:45","guid":{"rendered":"https:\/\/tonala.gob.mx\/portal\/?p=38792"},"modified":"2026-04-06T13:18:45","modified_gmt":"2026-04-06T19:18:45","slug":"segunda-edicion-de-la-feria-pequenos-que-transforman","status":"publish","type":"post","link":"https:\/\/tonala.gob.mx\/portal\/2026\/04\/06\/segunda-edicion-de-la-feria-pequenos-que-transforman\/","title":{"rendered":"Segunda edici\u00f3n de la Feria \u201cPeque\u00f1os que Transforman\u201d"},"content":{"rendered":"\n<p>Con el objetivo de fomentar el desarrollo art\u00edstico y brindar espacios de expresi\u00f3n a ni\u00f1as, ni\u00f1os y adolescentes, el Gobierno de Tonal\u00e1 anunci\u00f3 la segunda edici\u00f3n de la Feria de Talentos \u201cPeque\u00f1os que Transforman\u201d, una iniciativa que busca descubrir, impulsar y reconocer el talento local.<\/p>\n\n\n\n<p>Durante la rueda de prensa, la regidora Liliana Olea Fr\u00edas destac\u00f3 que este proyecto nace con la finalidad de fortalecer la confianza y creatividad de las juventudes tonaltecas, ofreci\u00e9ndoles escenarios reales donde puedan compartir sus habilidades.<\/p>\n\n\n\n<figure class=\"wp-block-image size-large\"><img fetchpriority=\"high\" decoding=\"async\" width=\"1500\" height=\"1000\" src=\"https:\/\/tonala.gob.mx\/portal\/wp-content\/uploads\/2026\/04\/3-1024x683.jpeg\" alt=\"\" class=\"wp-image-38793\" srcset=\"https:\/\/tonala.gob.mx\/portal\/wp-content\/uploads\/2026\/04\/3-1024x683.jpeg 1024w, https:\/\/tonala.gob.mx\/portal\/wp-content\/uploads\/2026\/04\/3-300x200.jpeg 300w, https:\/\/tonala.gob.mx\/portal\/wp-content\/uploads\/2026\/04\/3-768x512.jpeg 768w, https:\/\/tonala.gob.mx\/portal\/wp-content\/uploads\/2026\/04\/3.jpeg 1500w\" sizes=\"(max-width: 1500px) 100vw, 1500px\" \/><\/figure>\n\n\n\n<p>\u201cLa primera edici\u00f3n super\u00f3 nuestras expectativas, con cerca de 200 participantes de distintas colonias y delegaciones. Esto confirma que en Tonal\u00e1 hay talento, entusiasmo y una juventud con mucho que aportar\u201d, se\u00f1al\u00f3.<\/p>\n\n\n\n<p>Asimismo, reconoci\u00f3 el respaldo del presidente municipal, Sergio Ch\u00e1vez, por impulsar pol\u00edticas p\u00fablicas que promueven el desarrollo cultural y art\u00edstico en el municipio.<\/p>\n\n\n\n<p>Por su parte, el director de Cultura de Tonal\u00e1, Roberto P\u00e9rez Magdaleno, inform\u00f3 que en esta segunda edici\u00f3n se contemplan disciplinas como canto, m\u00fasica y baile, y que la feria se llevar\u00e1 a cabo en distintas sedes para acercar estas actividades a m\u00e1s comunidades.<\/p>\n\n\n\n<p>Las fechas programadas son:<br>\u2022 18 de abril \u2013 Tonal\u00e1 Centro<br>\u2022 23 de abril \u2013 Urbi Quinta<br>\u2022 24 de abril \u2013 Rancho de la Cruz<br>\u2022 27 de abril \u2013 Santa Paula<br>\u2022 28 de abril \u2013 La Jalisco<br>\u2022 29 de abril \u2013 Lomas de Camich\u00edn<\/p>\n\n\n\n<p>La gran final se realizar\u00e1 el 30 de abril en Tonal\u00e1 Centro.<\/p>\n\n\n\n<p>En cuanto a la convocatoria, Mayra I\u00f1\u00edguez Basulto, jefa de Atenci\u00f3n de Eventos y Organismos de la Sociedad Civil y Religiosos, explic\u00f3 que est\u00e1 dirigida a ni\u00f1as, ni\u00f1os y adolescentes de entre 6 y 15 a\u00f1os, quienes podr\u00e1n participar de manera individual o en grupo.<\/p>\n\n\n\n<p>Las inscripciones estar\u00e1n abiertas desde hoy y hasta el 15 de abril, a trav\u00e9s de las p\u00e1ginas oficiales del Gobierno de Tonal\u00e1 y en las delegaciones municipales.<\/p>\n\n\n\n<figure class=\"wp-block-image size-large\"><img decoding=\"async\" width=\"1024\" height=\"683\" src=\"https:\/\/tonala.gob.mx\/portal\/wp-content\/uploads\/2026\/04\/2-1024x683.jpeg\" alt=\"\" class=\"wp-image-38795\" srcset=\"https:\/\/tonala.gob.mx\/portal\/wp-content\/uploads\/2026\/04\/2-1024x683.jpeg 1024w, https:\/\/tonala.gob.mx\/portal\/wp-content\/uploads\/2026\/04\/2-300x200.jpeg 300w, https:\/\/tonala.gob.mx\/portal\/wp-content\/uploads\/2026\/04\/2-768x512.jpeg 768w, https:\/\/tonala.gob.mx\/portal\/wp-content\/uploads\/2026\/04\/2.jpeg 1500w\" sizes=\"(max-width: 1024px) 100vw, 1024px\" \/><\/figure>\n\n\n\n<p>Como parte de los incentivos, en cada sede se premiar\u00e1 a los tres primeros lugares con tablets, adem\u00e1s de otorgar reconocimientos a todas y todos los participantes. En la gran final, las y los ganadores recibir\u00e1n est\u00edmulos econ\u00f3micos, becas y oportunidades de presentarse en eventos culturales.<\/p>\n\n\n\n<p>Asimismo, se reconoce y agradece el apoyo de los organismos p\u00fablicos descentralizados que se suman a este esfuerzo: DIF Tonal\u00e1, el Instituto Municipal de la Mujer, el Instituto de Alternativas para las Juventudes, el Instituto Municipal de las Artesan\u00edas y COMUDE, cuya colaboraci\u00f3n es fundamental para el desarrollo de este proyecto.<\/p>\n\n\n\n<p>El Gobierno de Tonal\u00e1 reiter\u00f3 la invitaci\u00f3n a la ciudadan\u00eda para sumarse a esta iniciativa que fortalece el tejido social a trav\u00e9s del arte y la cultura, apostando por el talento como motor de transformaci\u00f3n.<br><br><\/p>\n","protected":false},"excerpt":{"rendered":"<p>Con el objetivo de fomentar el desarrollo art\u00edstico y brindar espacios de expresi\u00f3n a ni\u00f1as, ni\u00f1os y adolescentes, el Gobierno<\/p>\n","protected":false},"author":2,"featured_media":38794,"comment_status":"closed","ping_status":"open","sticky":false,"template":"","format":"standard","meta":{"colormag_page_container_layout":"default_layout","colormag_page_sidebar_layout":"default_layout","footnotes":""},"categories":[2],"tags":[],"class_list":["post-38792","post","type-post","status-publish","format-standard","has-post-thumbnail","hentry","category-comunicacion-social"],"_links":{"self":[{"href":"https:\/\/tonala.gob.mx\/portal\/wp-json\/wp\/v2\/posts\/38792","targetHints":{"allow":["GET"]}}],"collection":[{"href":"https:\/\/tonala.gob.mx\/portal\/wp-json\/wp\/v2\/posts"}],"about":[{"href":"https:\/\/tonala.gob.mx\/portal\/wp-json\/wp\/v2\/types\/post"}],"author":[{"embeddable":true,"href":"https:\/\/tonala.gob.mx\/portal\/wp-json\/wp\/v2\/users\/2"}],"replies":[{"embeddable":true,"href":"https:\/\/tonala.gob.mx\/portal\/wp-json\/wp\/v2\/comments?post=38792"}],"version-history":[{"count":1,"href":"https:\/\/tonala.gob.mx\/portal\/wp-json\/wp\/v2\/posts\/38792\/revisions"}],"predecessor-version":[{"id":38796,"href":"https:\/\/tonala.gob.mx\/portal\/wp-json\/wp\/v2\/posts\/38792\/revisions\/38796"}],"wp:featuredmedia":[{"embeddable":true,"href":"https:\/\/tonala.gob.mx\/portal\/wp-json\/wp\/v2\/media\/38794"}],"wp:attachment":[{"href":"https:\/\/tonala.gob.mx\/portal\/wp-json\/wp\/v2\/media?parent=38792"}],"wp:term":[{"taxonomy":"category","embeddable":true,"href":"https:\/\/tonala.gob.mx\/portal\/wp-json\/wp\/v2\/categories?post=38792"},{"taxonomy":"post_tag","embeddable":true,"href":"https:\/\/tonala.gob.mx\/portal\/wp-json\/wp\/v2\/tags?post=38792"}],"curies":[{"name":"wp","href":"https:\/\/api.w.org\/{rel}","templated":true}]}}