{"id":38400,"date":"2025-12-11T21:19:00","date_gmt":"2025-12-12T03:19:00","guid":{"rendered":"https:\/\/tonala.gob.mx\/portal\/?p=38400"},"modified":"2025-12-16T09:21:47","modified_gmt":"2025-12-16T15:21:47","slug":"refuerza-la-seguridad-con-el-operativo-guadalupe-reyes-2025","status":"publish","type":"post","link":"https:\/\/tonala.gob.mx\/portal\/2025\/12\/11\/refuerza-la-seguridad-con-el-operativo-guadalupe-reyes-2025\/","title":{"rendered":"REFUERZA LA SEGURIDAD CON EL OPERATIVO GUADALUPE\u2013REYES 2025"},"content":{"rendered":"\n<figure class=\"wp-block-image size-large\"><a href=\"https:\/\/tonala.gob.mx\/portal\/wp-content\/uploads\/2025\/12\/8ad5110f-bf36-46f8-852e-4158947bed79.jpg\"><img fetchpriority=\"high\" decoding=\"async\" width=\"1024\" height=\"682\" src=\"https:\/\/tonala.gob.mx\/portal\/wp-content\/uploads\/2025\/12\/8ad5110f-bf36-46f8-852e-4158947bed79-1024x682.jpg\" alt=\"\" class=\"wp-image-38401\" srcset=\"https:\/\/tonala.gob.mx\/portal\/wp-content\/uploads\/2025\/12\/8ad5110f-bf36-46f8-852e-4158947bed79-1024x682.jpg 1024w, https:\/\/tonala.gob.mx\/portal\/wp-content\/uploads\/2025\/12\/8ad5110f-bf36-46f8-852e-4158947bed79-300x200.jpg 300w, https:\/\/tonala.gob.mx\/portal\/wp-content\/uploads\/2025\/12\/8ad5110f-bf36-46f8-852e-4158947bed79-768x512.jpg 768w, https:\/\/tonala.gob.mx\/portal\/wp-content\/uploads\/2025\/12\/8ad5110f-bf36-46f8-852e-4158947bed79-1536x1023.jpg 1536w, https:\/\/tonala.gob.mx\/portal\/wp-content\/uploads\/2025\/12\/8ad5110f-bf36-46f8-852e-4158947bed79.jpg 1600w\" sizes=\"(max-width: 1024px) 100vw, 1024px\" \/><\/a><\/figure>\n\n\n\n<p>El Gobierno de Tonal\u00e1, en coordinaci\u00f3n con la Guardia Nacional, la Secretar\u00eda de Seguridad, Polic\u00eda estatal de caminos, Protecci\u00f3n Civil de Jalisco y Polic\u00eda Vial del Estado, puso en marcha el Operativo Guadalupe\u2013Reyes 2025, cuyo prop\u00f3sito es fortalecer la vigilancia, prevenir incidentes y garantizar la seguridad de las familias durante la temporada decembrina.<\/p>\n\n\n\n<p>Durante el arranque oficial, el Coordinador del Gabinete de Seguridad, Prevenci\u00f3n, Servicios de Emergencia y Movilidad, Miguel Maga\u00f1a Orozco, dijo que las celebraciones navide\u00f1as de este fin de a\u00f1o representan una temporada de convivencia familiar, por lo que recalc\u00f3 que el presidente municipal, Sergio Ch\u00e1vez pide cuidar a todos y con esto lograr que las familias est\u00e9n a salvo de accidentes y actos delictivos&nbsp;&nbsp;<\/p>\n\n\n\n<p>Maga\u00f1a Orozco, inform\u00f3 que el operativo contempla vigilancia reforzada en zonas con mayor afluencia como entradas, salidas de tianguis y centros comerciales en las m\u00e1s de 480 colonias del municipio.<\/p>\n\n\n\n<figure class=\"wp-block-image size-large\"><a href=\"https:\/\/tonala.gob.mx\/portal\/wp-content\/uploads\/2025\/12\/1b3cf377-4bcc-4476-be84-93ff000cf3b0.jpg\"><img decoding=\"async\" width=\"1024\" height=\"682\" src=\"https:\/\/tonala.gob.mx\/portal\/wp-content\/uploads\/2025\/12\/1b3cf377-4bcc-4476-be84-93ff000cf3b0-1024x682.jpg\" alt=\"\" class=\"wp-image-38402\" srcset=\"https:\/\/tonala.gob.mx\/portal\/wp-content\/uploads\/2025\/12\/1b3cf377-4bcc-4476-be84-93ff000cf3b0-1024x682.jpg 1024w, https:\/\/tonala.gob.mx\/portal\/wp-content\/uploads\/2025\/12\/1b3cf377-4bcc-4476-be84-93ff000cf3b0-300x200.jpg 300w, https:\/\/tonala.gob.mx\/portal\/wp-content\/uploads\/2025\/12\/1b3cf377-4bcc-4476-be84-93ff000cf3b0-768x512.jpg 768w, https:\/\/tonala.gob.mx\/portal\/wp-content\/uploads\/2025\/12\/1b3cf377-4bcc-4476-be84-93ff000cf3b0-1536x1023.jpg 1536w, https:\/\/tonala.gob.mx\/portal\/wp-content\/uploads\/2025\/12\/1b3cf377-4bcc-4476-be84-93ff000cf3b0.jpg 1600w\" sizes=\"(max-width: 1024px) 100vw, 1024px\" \/><\/a><\/figure>\n\n\n\n<p>Este a\u00f1o se desplegar\u00e1n 983 elementos y 131 unidades, distribuidos de la siguiente forma: Comisar\u00eda de Seguridad P\u00fablica: 758 polic\u00edas, 61 patrullas y 15 motocicletas y 11 bicicletas de Protecci\u00f3n Civil, 124 Bomberos y 20 unidades, en Atenci\u00f3n Prehospitalaria: 61 param\u00e9dicos, 09 ambulancias y 4 motoparam\u00e9dicos, y de Movilidad 40 agentes, 4 auto patrullas, 04 motocicletas, 02 bicicletas y 1 gr\u00faa.<\/p>\n\n\n\n<p>Durante el evento de arranque, Maga\u00f1a Orozco reconoci\u00f3 el compromiso de todas las corporaciones participantes y agradeci\u00f3 la colaboraci\u00f3n interinstitucional que permitir\u00e1 ofrecer una atenci\u00f3n oportuna a la ciudadan\u00eda.<\/p>\n\n\n\n<p>Con el lema \u201cUnidos Protegemos Tonal\u00e1\u201d, las autoridades destacaron que el operativo es resultado de la coordinaci\u00f3n entre los tres niveles de gobierno, con el objetivo de brindar una cobertura integral y procurar saldo blanco durante las festividades.<\/p>\n\n\n\n<p>El Ayuntamiento de Tonal\u00e1 exhorta a la poblaci\u00f3n a seguir las recomendaciones de seguridad, conducir con responsabilidad y reportar cualquier emergencia a trav\u00e9s de los n\u00fameros oficiales de emergencia de l\u00ednea telef\u00f3nica: 33 3586 6100, WhatsApp: 33 2319 9471 con atenci\u00f3n de 24 horas, los 365 d\u00edas del a\u00f1o o emergencia inmediata al 911.<\/p>\n\n\n\n<figure class=\"wp-block-image size-large\"><a href=\"https:\/\/tonala.gob.mx\/portal\/wp-content\/uploads\/2025\/12\/84df895c-a659-4a46-9f14-583b8dec1379.jpg\"><img decoding=\"async\" width=\"1024\" height=\"682\" src=\"https:\/\/tonala.gob.mx\/portal\/wp-content\/uploads\/2025\/12\/84df895c-a659-4a46-9f14-583b8dec1379-1024x682.jpg\" alt=\"\" class=\"wp-image-38403\" srcset=\"https:\/\/tonala.gob.mx\/portal\/wp-content\/uploads\/2025\/12\/84df895c-a659-4a46-9f14-583b8dec1379-1024x682.jpg 1024w, https:\/\/tonala.gob.mx\/portal\/wp-content\/uploads\/2025\/12\/84df895c-a659-4a46-9f14-583b8dec1379-300x200.jpg 300w, https:\/\/tonala.gob.mx\/portal\/wp-content\/uploads\/2025\/12\/84df895c-a659-4a46-9f14-583b8dec1379-768x512.jpg 768w, https:\/\/tonala.gob.mx\/portal\/wp-content\/uploads\/2025\/12\/84df895c-a659-4a46-9f14-583b8dec1379-1536x1023.jpg 1536w, https:\/\/tonala.gob.mx\/portal\/wp-content\/uploads\/2025\/12\/84df895c-a659-4a46-9f14-583b8dec1379.jpg 1600w\" sizes=\"(max-width: 1024px) 100vw, 1024px\" \/><\/a><\/figure>\n","protected":false},"excerpt":{"rendered":"<p>El Gobierno de Tonal\u00e1, en coordinaci\u00f3n con la Guardia Nacional, la Secretar\u00eda de Seguridad, Polic\u00eda estatal de caminos, Protecci\u00f3n Civil<\/p>\n","protected":false},"author":1,"featured_media":38403,"comment_status":"closed","ping_status":"open","sticky":false,"template":"","format":"standard","meta":{"colormag_page_container_layout":"default_layout","colormag_page_sidebar_layout":"default_layout","footnotes":""},"categories":[2],"tags":[],"class_list":["post-38400","post","type-post","status-publish","format-standard","has-post-thumbnail","hentry","category-comunicacion-social"],"_links":{"self":[{"href":"https:\/\/tonala.gob.mx\/portal\/wp-json\/wp\/v2\/posts\/38400","targetHints":{"allow":["GET"]}}],"collection":[{"href":"https:\/\/tonala.gob.mx\/portal\/wp-json\/wp\/v2\/posts"}],"about":[{"href":"https:\/\/tonala.gob.mx\/portal\/wp-json\/wp\/v2\/types\/post"}],"author":[{"embeddable":true,"href":"https:\/\/tonala.gob.mx\/portal\/wp-json\/wp\/v2\/users\/1"}],"replies":[{"embeddable":true,"href":"https:\/\/tonala.gob.mx\/portal\/wp-json\/wp\/v2\/comments?post=38400"}],"version-history":[{"count":1,"href":"https:\/\/tonala.gob.mx\/portal\/wp-json\/wp\/v2\/posts\/38400\/revisions"}],"predecessor-version":[{"id":38404,"href":"https:\/\/tonala.gob.mx\/portal\/wp-json\/wp\/v2\/posts\/38400\/revisions\/38404"}],"wp:featuredmedia":[{"embeddable":true,"href":"https:\/\/tonala.gob.mx\/portal\/wp-json\/wp\/v2\/media\/38403"}],"wp:attachment":[{"href":"https:\/\/tonala.gob.mx\/portal\/wp-json\/wp\/v2\/media?parent=38400"}],"wp:term":[{"taxonomy":"category","embeddable":true,"href":"https:\/\/tonala.gob.mx\/portal\/wp-json\/wp\/v2\/categories?post=38400"},{"taxonomy":"post_tag","embeddable":true,"href":"https:\/\/tonala.gob.mx\/portal\/wp-json\/wp\/v2\/tags?post=38400"}],"curies":[{"name":"wp","href":"https:\/\/api.w.org\/{rel}","templated":true}]}}