{"id":38098,"date":"2025-10-31T12:03:00","date_gmt":"2025-10-31T18:03:00","guid":{"rendered":"https:\/\/tonala.gob.mx\/portal\/?p=38098"},"modified":"2025-11-01T13:08:18","modified_gmt":"2025-11-01T19:08:18","slug":"20-mil-personas-viven-la-magia-de-tonalitzio","status":"publish","type":"post","link":"https:\/\/tonala.gob.mx\/portal\/2025\/10\/31\/20-mil-personas-viven-la-magia-de-tonalitzio\/","title":{"rendered":"20 mil personas viven la magia de Tonalitzio"},"content":{"rendered":"\n<figure class=\"wp-block-image size-large\"><a href=\"https:\/\/tonala.gob.mx\/portal\/wp-content\/uploads\/2025\/11\/764f0553-d060-4fb0-a22a-25fcfe42fe9a-scaled.jpg\"><img fetchpriority=\"high\" decoding=\"async\" width=\"1024\" height=\"683\" src=\"https:\/\/tonala.gob.mx\/portal\/wp-content\/uploads\/2025\/11\/764f0553-d060-4fb0-a22a-25fcfe42fe9a-1024x683.jpg\" alt=\"\" class=\"wp-image-38099\" srcset=\"https:\/\/tonala.gob.mx\/portal\/wp-content\/uploads\/2025\/11\/764f0553-d060-4fb0-a22a-25fcfe42fe9a-1024x683.jpg 1024w, https:\/\/tonala.gob.mx\/portal\/wp-content\/uploads\/2025\/11\/764f0553-d060-4fb0-a22a-25fcfe42fe9a-300x200.jpg 300w, https:\/\/tonala.gob.mx\/portal\/wp-content\/uploads\/2025\/11\/764f0553-d060-4fb0-a22a-25fcfe42fe9a-768x512.jpg 768w, https:\/\/tonala.gob.mx\/portal\/wp-content\/uploads\/2025\/11\/764f0553-d060-4fb0-a22a-25fcfe42fe9a-1536x1024.jpg 1536w, https:\/\/tonala.gob.mx\/portal\/wp-content\/uploads\/2025\/11\/764f0553-d060-4fb0-a22a-25fcfe42fe9a-2048x1365.jpg 2048w\" sizes=\"(max-width: 1024px) 100vw, 1024px\" \/><\/a><\/figure>\n\n\n\n<p>Con una asistencia hist\u00f3rica de m\u00e1s de 20 mil personas, el Gobierno de Tonal\u00e1 celebr\u00f3 los d\u00edas 29 y 30 de octubre una de las festividades m\u00e1s esperadas del a\u00f1o: Tonalitzio, en honor al D\u00eda de Muertos. El Lago Urbano El Ocotillo se transform\u00f3 en un escenario lleno de tradici\u00f3n, color y sentimiento, donde familias tonaltecas y visitantes disfrutaron de una experiencia inolvidable que reafirm\u00f3 el orgullo, la identidad y las ra\u00edces culturales del municipio.&nbsp;<\/p>\n\n\n\n<p>Durante ambas jornadas, las y los asistentes pudieron admirar el altar dedicado a los tonaltecas ilustres, una gran variedad de calacas cabezonas, presentaciones de m\u00fasica y danza, as\u00ed como un recorrido simb\u00f3lico en homenaje a quienes ya partieron. La combinaci\u00f3n del paisaje del lago con las tradiciones mexicanas dio vida a un entorno m\u00e1gico y conmovedor, consolidando a Tonal\u00e1 como un referente en la preservaci\u00f3n y difusi\u00f3n de nuestras costumbres ancestrales.&nbsp;<\/p>\n\n\n\n<p>Como parte de esta conmemoraci\u00f3n, este 31 de octubre se llevar\u00e1 a cabo el evento \u201cCamino al Mictl\u00e1n\u201d, una experiencia llena de arte, cultura y color que reunir\u00e1 nuevamente a familias tonaltecas y visitantes en torno a las tradiciones mexicanas. El evento se desarrollar\u00e1 sobre la calle La Paz, frente al Pante\u00f3n Municipal, Tonal\u00e1 Centro, de 18:00 a 22:00 horas, y contar\u00e1 con un programa que incluye concursos de muralismo, fotograf\u00eda, catrinas y catrines, adem\u00e1s de m\u00fasica en vivo, mercadita artesanal, proyecci\u00f3n de pel\u00edculas, zona de juegos tradicionales y pinta caritas para ni\u00f1as y ni\u00f1os.&nbsp;<\/p>\n\n\n\n<figure class=\"wp-block-image size-large\"><a href=\"https:\/\/tonala.gob.mx\/portal\/wp-content\/uploads\/2025\/11\/c451410a-57f6-4476-a13d-c5652135f36e.jpg\"><img decoding=\"async\" width=\"1024\" height=\"683\" src=\"https:\/\/tonala.gob.mx\/portal\/wp-content\/uploads\/2025\/11\/c451410a-57f6-4476-a13d-c5652135f36e-1024x683.jpg\" alt=\"\" class=\"wp-image-38100\" srcset=\"https:\/\/tonala.gob.mx\/portal\/wp-content\/uploads\/2025\/11\/c451410a-57f6-4476-a13d-c5652135f36e-1024x683.jpg 1024w, https:\/\/tonala.gob.mx\/portal\/wp-content\/uploads\/2025\/11\/c451410a-57f6-4476-a13d-c5652135f36e-300x200.jpg 300w, https:\/\/tonala.gob.mx\/portal\/wp-content\/uploads\/2025\/11\/c451410a-57f6-4476-a13d-c5652135f36e-768x512.jpg 768w, https:\/\/tonala.gob.mx\/portal\/wp-content\/uploads\/2025\/11\/c451410a-57f6-4476-a13d-c5652135f36e.jpg 1280w\" sizes=\"(max-width: 1024px) 100vw, 1024px\" \/><\/a><\/figure>\n\n\n\n<p>Las celebraciones continuar\u00e1n los d\u00edas 1 y 2 de noviembre con el Festival de Muertos: Paseo Guardianes de la Reina, que se llevar\u00e1 a cabo sobre la Avenida Tonal\u00e1, de 18:00 a 23:00 horas, adem\u00e1s de las actividades en los panteones municipales, los cuales ya se encuentran listos para recibir a miles de visitantes que acudir\u00e1n a rendir homenaje a sus seres queridos.&nbsp;<\/p>\n\n\n\n<p>Con estas actividades, el Gobierno de Tonal\u00e1 reafirma su compromiso con la preservaci\u00f3n de las tradiciones mexicanas, el impulso a la cultura y la uni\u00f3n familiar que fortalecen el orgullo y la identidad de las y los tonaltecas.<\/p>\n","protected":false},"excerpt":{"rendered":"<p>Con una asistencia hist\u00f3rica de m\u00e1s de 20 mil personas, el Gobierno de Tonal\u00e1 celebr\u00f3 los d\u00edas 29 y 30<\/p>\n","protected":false},"author":1,"featured_media":38101,"comment_status":"closed","ping_status":"open","sticky":false,"template":"","format":"standard","meta":{"colormag_page_container_layout":"default_layout","colormag_page_sidebar_layout":"default_layout","footnotes":""},"categories":[2],"tags":[],"class_list":["post-38098","post","type-post","status-publish","format-standard","has-post-thumbnail","hentry","category-comunicacion-social"],"_links":{"self":[{"href":"https:\/\/tonala.gob.mx\/portal\/wp-json\/wp\/v2\/posts\/38098","targetHints":{"allow":["GET"]}}],"collection":[{"href":"https:\/\/tonala.gob.mx\/portal\/wp-json\/wp\/v2\/posts"}],"about":[{"href":"https:\/\/tonala.gob.mx\/portal\/wp-json\/wp\/v2\/types\/post"}],"author":[{"embeddable":true,"href":"https:\/\/tonala.gob.mx\/portal\/wp-json\/wp\/v2\/users\/1"}],"replies":[{"embeddable":true,"href":"https:\/\/tonala.gob.mx\/portal\/wp-json\/wp\/v2\/comments?post=38098"}],"version-history":[{"count":1,"href":"https:\/\/tonala.gob.mx\/portal\/wp-json\/wp\/v2\/posts\/38098\/revisions"}],"predecessor-version":[{"id":38102,"href":"https:\/\/tonala.gob.mx\/portal\/wp-json\/wp\/v2\/posts\/38098\/revisions\/38102"}],"wp:featuredmedia":[{"embeddable":true,"href":"https:\/\/tonala.gob.mx\/portal\/wp-json\/wp\/v2\/media\/38101"}],"wp:attachment":[{"href":"https:\/\/tonala.gob.mx\/portal\/wp-json\/wp\/v2\/media?parent=38098"}],"wp:term":[{"taxonomy":"category","embeddable":true,"href":"https:\/\/tonala.gob.mx\/portal\/wp-json\/wp\/v2\/categories?post=38098"},{"taxonomy":"post_tag","embeddable":true,"href":"https:\/\/tonala.gob.mx\/portal\/wp-json\/wp\/v2\/tags?post=38098"}],"curies":[{"name":"wp","href":"https:\/\/api.w.org\/{rel}","templated":true}]}}