{"id":38095,"date":"2025-10-29T17:00:00","date_gmt":"2025-10-29T23:00:00","guid":{"rendered":"https:\/\/tonala.gob.mx\/portal\/?p=38095"},"modified":"2025-11-01T13:02:49","modified_gmt":"2025-11-01T19:02:49","slug":"tonala-se-alista-para-celebrar-el-dia-de-muertos","status":"publish","type":"post","link":"https:\/\/tonala.gob.mx\/portal\/2025\/10\/29\/tonala-se-alista-para-celebrar-el-dia-de-muertos\/","title":{"rendered":"TONAL\u00c1 SE ALISTA PARA CELEBRAR EL D\u00cdA DE MUERTOS"},"content":{"rendered":"\n<p>El momento en que la vida y la muerte se reencuentran est\u00e1 por llegar, en Tonal\u00e1, la tradici\u00f3n y el respeto a nuestras ra\u00edces se hacen presentes una vez m\u00e1s con motivo del D\u00eda de Muertos, por lo que los d\u00edas 1, 2 y 3 de noviembre, los nueve panteones municipales abrir\u00e1n sus puertas para recibir a miles de visitantes, en un horario de 7:00 de la ma\u00f1ana a 8:00 de la noche.<\/p>\n\n\n\n<p>Como parte de esta conmemoraci\u00f3n, el pr\u00f3ximo 31 de octubre se celebrar\u00e1 el evento \u201cCamino al Mictl\u00e1n\u201d, una experiencia llena de arte, cultura y color que reunir\u00e1 a familias tonaltecas y visitantes en torno a las tradiciones mexicanas.<\/p>\n\n\n\n<figure class=\"wp-block-image size-large\"><a href=\"https:\/\/tonala.gob.mx\/portal\/wp-content\/uploads\/2025\/11\/5e0cf0d0-d7f8-442c-9d09-7d3512350bfe.jpg\"><img fetchpriority=\"high\" decoding=\"async\" width=\"1024\" height=\"791\" src=\"https:\/\/tonala.gob.mx\/portal\/wp-content\/uploads\/2025\/11\/5e0cf0d0-d7f8-442c-9d09-7d3512350bfe-1024x791.jpg\" alt=\"\" class=\"wp-image-38096\" srcset=\"https:\/\/tonala.gob.mx\/portal\/wp-content\/uploads\/2025\/11\/5e0cf0d0-d7f8-442c-9d09-7d3512350bfe-1024x791.jpg 1024w, https:\/\/tonala.gob.mx\/portal\/wp-content\/uploads\/2025\/11\/5e0cf0d0-d7f8-442c-9d09-7d3512350bfe-300x232.jpg 300w, https:\/\/tonala.gob.mx\/portal\/wp-content\/uploads\/2025\/11\/5e0cf0d0-d7f8-442c-9d09-7d3512350bfe-768x593.jpg 768w, https:\/\/tonala.gob.mx\/portal\/wp-content\/uploads\/2025\/11\/5e0cf0d0-d7f8-442c-9d09-7d3512350bfe-1536x1187.jpg 1536w, https:\/\/tonala.gob.mx\/portal\/wp-content\/uploads\/2025\/11\/5e0cf0d0-d7f8-442c-9d09-7d3512350bfe.jpg 1600w\" sizes=\"(max-width: 1024px) 100vw, 1024px\" \/><\/a><\/figure>\n\n\n\n<p>El programa incluye concursos de muralismo, fotograf\u00eda, catrinas y catrines, adem\u00e1s de m\u00fasica en vivo, mercadita artesanal, proyecci\u00f3n de pel\u00edculas, zona de juegos tradicionales y pinta caritas para ni\u00f1as y ni\u00f1os.<\/p>\n\n\n\n<p>Para garantizar un ambiente seguro y ordenado, la Coordinaci\u00f3n del Gabinete de Seguridad, Emergencias y Movilidad implementar\u00e1 el Operativo del Festival de D\u00eda de Muertos Tonal\u00e1 2025, con filtros de seguridad, monitoreo por videoc\u00e1maras y vigilancia focalizada.<\/p>\n\n\n\n<p>El dispositivo contar\u00e1 con la participaci\u00f3n de 180 elementos policiales, 25 bomberos, 20 param\u00e9dicos, 20 estudiantes del \u00e1rea prehospitalaria y 15 agentes de movilidad, quienes trabajar\u00e1n de manera coordinada para salvaguardar la integridad de las y los asistentes.<\/p>\n\n\n\n<p>Por su parte el jefe de Cementerios, Evaristo Nogal Jarero, inform\u00f3 que Tonal\u00e1 cuenta con nueve panteones municipales: Pante\u00f3n Viejo y Pante\u00f3n Nuevo (Tonal\u00e1 Centro), Santa Cruz, El Rosario, Zalatit\u00e1n, Coyula, San Gaspar, Puente Grande y Tololotl\u00e1n, adem\u00e1s de dos panteones privados.<\/p>\n\n\n\n<p>Y comunic\u00f3 que en promedio se registran alrededor de 12 tumbas en mal estado, en unos m\u00e1s en otros menos por pante\u00f3n que son resguardadas por seguridad, adem\u00e1s se\u00f1al\u00f3 que actualmente ya no hay espacios disponibles en ninguno de los cementerios municipales.<\/p>\n\n\n\n<p>Asimismo, destac\u00f3 que se realiza mantenimiento y limpieza permanente para mantener los mausoleos en \u00f3ptimas condiciones y brindar a las familias un espacio digno para recordar a sus seres queridos.<\/p>\n\n\n\n<p>En Tonal\u00e1, el D\u00eda de Muertos no solo es una tradici\u00f3n, sino una celebraci\u00f3n viva del amor, la memoria y la identidad mexicana. Las flores de cempas\u00fachil, las velas y los altares llenar\u00e1n de luz los panteones y calles del municipio, invitando a todos a honrar con respeto y alegr\u00eda a quienes se adelantaron en el camino.<\/p>\n","protected":false},"excerpt":{"rendered":"<p>El momento en que la vida y la muerte se reencuentran est\u00e1 por llegar, en Tonal\u00e1, la tradici\u00f3n y el<\/p>\n","protected":false},"author":1,"featured_media":38096,"comment_status":"closed","ping_status":"open","sticky":false,"template":"","format":"standard","meta":{"colormag_page_container_layout":"default_layout","colormag_page_sidebar_layout":"default_layout","footnotes":""},"categories":[2],"tags":[],"class_list":["post-38095","post","type-post","status-publish","format-standard","has-post-thumbnail","hentry","category-comunicacion-social"],"_links":{"self":[{"href":"https:\/\/tonala.gob.mx\/portal\/wp-json\/wp\/v2\/posts\/38095","targetHints":{"allow":["GET"]}}],"collection":[{"href":"https:\/\/tonala.gob.mx\/portal\/wp-json\/wp\/v2\/posts"}],"about":[{"href":"https:\/\/tonala.gob.mx\/portal\/wp-json\/wp\/v2\/types\/post"}],"author":[{"embeddable":true,"href":"https:\/\/tonala.gob.mx\/portal\/wp-json\/wp\/v2\/users\/1"}],"replies":[{"embeddable":true,"href":"https:\/\/tonala.gob.mx\/portal\/wp-json\/wp\/v2\/comments?post=38095"}],"version-history":[{"count":1,"href":"https:\/\/tonala.gob.mx\/portal\/wp-json\/wp\/v2\/posts\/38095\/revisions"}],"predecessor-version":[{"id":38097,"href":"https:\/\/tonala.gob.mx\/portal\/wp-json\/wp\/v2\/posts\/38095\/revisions\/38097"}],"wp:featuredmedia":[{"embeddable":true,"href":"https:\/\/tonala.gob.mx\/portal\/wp-json\/wp\/v2\/media\/38096"}],"wp:attachment":[{"href":"https:\/\/tonala.gob.mx\/portal\/wp-json\/wp\/v2\/media?parent=38095"}],"wp:term":[{"taxonomy":"category","embeddable":true,"href":"https:\/\/tonala.gob.mx\/portal\/wp-json\/wp\/v2\/categories?post=38095"},{"taxonomy":"post_tag","embeddable":true,"href":"https:\/\/tonala.gob.mx\/portal\/wp-json\/wp\/v2\/tags?post=38095"}],"curies":[{"name":"wp","href":"https:\/\/api.w.org\/{rel}","templated":true}]}}