{"id":38063,"date":"2025-10-15T14:54:25","date_gmt":"2025-10-15T20:54:25","guid":{"rendered":"https:\/\/tonala.gob.mx\/portal\/?p=38063"},"modified":"2025-10-15T14:54:25","modified_gmt":"2025-10-15T20:54:25","slug":"da-inicio-tonala-se-cuida","status":"publish","type":"post","link":"https:\/\/tonala.gob.mx\/portal\/2025\/10\/15\/da-inicio-tonala-se-cuida\/","title":{"rendered":"DA INICIO \u201cTONAL\u00c1 SE CUIDA\u201d"},"content":{"rendered":"\n<figure class=\"wp-block-image size-large\"><a href=\"https:\/\/tonala.gob.mx\/portal\/wp-content\/uploads\/2025\/10\/14dae8b2-3e05-4d77-ba66-f2435077fb8b.jpg\"><img fetchpriority=\"high\" decoding=\"async\" width=\"1024\" height=\"682\" src=\"https:\/\/tonala.gob.mx\/portal\/wp-content\/uploads\/2025\/10\/14dae8b2-3e05-4d77-ba66-f2435077fb8b-1024x682.jpg\" alt=\"\" class=\"wp-image-38064\" srcset=\"https:\/\/tonala.gob.mx\/portal\/wp-content\/uploads\/2025\/10\/14dae8b2-3e05-4d77-ba66-f2435077fb8b-1024x682.jpg 1024w, https:\/\/tonala.gob.mx\/portal\/wp-content\/uploads\/2025\/10\/14dae8b2-3e05-4d77-ba66-f2435077fb8b-300x200.jpg 300w, https:\/\/tonala.gob.mx\/portal\/wp-content\/uploads\/2025\/10\/14dae8b2-3e05-4d77-ba66-f2435077fb8b-768x512.jpg 768w, https:\/\/tonala.gob.mx\/portal\/wp-content\/uploads\/2025\/10\/14dae8b2-3e05-4d77-ba66-f2435077fb8b-1536x1024.jpg 1536w, https:\/\/tonala.gob.mx\/portal\/wp-content\/uploads\/2025\/10\/14dae8b2-3e05-4d77-ba66-f2435077fb8b-2048x1365.jpg 2048w\" sizes=\"(max-width: 1024px) 100vw, 1024px\" \/><\/a><\/figure>\n\n\n\n<p>Con el prop\u00f3sito de acercar servicios m\u00e9dicos gratuitos y fortalecer la cultura del cuidado preventivo, el presidente municipal Sergio Ch\u00e1vez D\u00e1valos y la regidora Liliana Olea encabezaron el arranque de las Ferias de la Salud \u201cTonal\u00e1 se Cuida\u201d, una iniciativa que re\u00fane esfuerzos interinstitucionales para garantizar el acceso a la salud de todas y todos los tonaltecas.<\/p>\n\n\n\n<p>Esta feria beneficiar\u00e1 a miles de personas y reforzar\u00e1 el sistema de salud en general. Por tal motivo, el presidente Sergio Ch\u00e1vez inform\u00f3 a los presentes que, en menos de una semana, el hospitalito hab\u00eda atendido a 402 personas, lo que representa un promedio de siete personas por hora.<\/p>\n\n\n\n<p>Ch\u00e1vez D\u00e1valos expres\u00f3: <em>\u201cHemos recorrido las 500 colonias del municipio y sabemos lo que nos duele a quienes vivimos en el oriente de la ciudad. Hoy celebro esta jornada por el mes del c\u00e1ncer de mama, y que las pr\u00f3ximas Ferias de la Salud se realicen de manera peri\u00f3dica en las diferentes colonias, ya que muchas de las enfermedades que padecemos los latinoamericanos se deben a la falta de seguimiento adecuado y a la carencia de una cultura de prevenci\u00f3n\u201d.<\/em><\/p>\n\n\n\n<figure class=\"wp-block-image size-large\"><a href=\"https:\/\/tonala.gob.mx\/portal\/wp-content\/uploads\/2025\/10\/376894fa-f022-4ba7-b151-93c92c84495c.jpg\"><img decoding=\"async\" width=\"1024\" height=\"682\" src=\"https:\/\/tonala.gob.mx\/portal\/wp-content\/uploads\/2025\/10\/376894fa-f022-4ba7-b151-93c92c84495c-1024x682.jpg\" alt=\"\" class=\"wp-image-38065\" srcset=\"https:\/\/tonala.gob.mx\/portal\/wp-content\/uploads\/2025\/10\/376894fa-f022-4ba7-b151-93c92c84495c-1024x682.jpg 1024w, https:\/\/tonala.gob.mx\/portal\/wp-content\/uploads\/2025\/10\/376894fa-f022-4ba7-b151-93c92c84495c-300x200.jpg 300w, https:\/\/tonala.gob.mx\/portal\/wp-content\/uploads\/2025\/10\/376894fa-f022-4ba7-b151-93c92c84495c-768x512.jpg 768w, https:\/\/tonala.gob.mx\/portal\/wp-content\/uploads\/2025\/10\/376894fa-f022-4ba7-b151-93c92c84495c-1536x1023.jpg 1536w, https:\/\/tonala.gob.mx\/portal\/wp-content\/uploads\/2025\/10\/376894fa-f022-4ba7-b151-93c92c84495c.jpg 1600w\" sizes=\"(max-width: 1024px) 100vw, 1024px\" \/><\/a><\/figure>\n\n\n\n<p>El primer edil agradeci\u00f3 al coordinador del Sistema Nacional de Salud P\u00fablica en Jalisco, Juan Antonio Santoscoy Aceves, y al director de la Regi\u00f3n Sanitaria XI-Tonal\u00e1, Edgar Jes\u00fas Ram\u00edrez Ch\u00e1vez, por trabajar en conjunto para fortalecer la salud de los habitantes.<\/p>\n\n\n\n<p>Por su parte, la regidora Liliana Olea destac\u00f3 la importancia de colocar la salud en el centro de la vida comunitaria, reconociendo la colaboraci\u00f3n de diversas dependencias municipales y estatales, entre ellas: DIF Tonal\u00e1, Instituto Municipal de las Mujeres, COMUDE, INDAJO, Servicios M\u00e9dicos Municipales, Prevenci\u00f3n Social, Educaci\u00f3n, Bienestar, el Consejo Estatal de Salud Mental y Adicciones, la Escuela del Bienestar, el CUT Tonal\u00e1, la Regi\u00f3n Sanitaria XI y el Servicio Nacional de Salud P\u00fablica.<\/p>\n\n\n\n<p><em>&nbsp;\u201cHoy reafirmamos algo esencial: Tonal\u00e1 es un municipio que cuida, que previene y que construye comunidad desde la salud\u201d, se\u00f1al\u00f3 Olea, al agradecer a brigadistas, personal m\u00e9dico, promotores comunitarios y personas voluntarias por su compromiso y cercan\u00eda con la ciudadan\u00eda. \u201cEstas jornadas fortalecen la visi\u00f3n integral de nuestro alcalde, acercando servicios de salud a la poblaci\u00f3n, eliminando barreras econ\u00f3micas y de traslado, y garantizando atenci\u00f3n m\u00e9dica preventiva, gratuita y de calidad\u201d, afirm\u00f3.<\/em><\/p>\n\n\n\n<figure class=\"wp-block-image size-large\"><a href=\"https:\/\/tonala.gob.mx\/portal\/wp-content\/uploads\/2025\/10\/b6f34e8f-8fe1-4229-a00f-4cbd603a3249.jpg\"><img decoding=\"async\" width=\"1024\" height=\"682\" src=\"https:\/\/tonala.gob.mx\/portal\/wp-content\/uploads\/2025\/10\/b6f34e8f-8fe1-4229-a00f-4cbd603a3249-1024x682.jpg\" alt=\"\" class=\"wp-image-38066\" srcset=\"https:\/\/tonala.gob.mx\/portal\/wp-content\/uploads\/2025\/10\/b6f34e8f-8fe1-4229-a00f-4cbd603a3249-1024x682.jpg 1024w, https:\/\/tonala.gob.mx\/portal\/wp-content\/uploads\/2025\/10\/b6f34e8f-8fe1-4229-a00f-4cbd603a3249-300x200.jpg 300w, https:\/\/tonala.gob.mx\/portal\/wp-content\/uploads\/2025\/10\/b6f34e8f-8fe1-4229-a00f-4cbd603a3249-768x512.jpg 768w, https:\/\/tonala.gob.mx\/portal\/wp-content\/uploads\/2025\/10\/b6f34e8f-8fe1-4229-a00f-4cbd603a3249-1536x1023.jpg 1536w, https:\/\/tonala.gob.mx\/portal\/wp-content\/uploads\/2025\/10\/b6f34e8f-8fe1-4229-a00f-4cbd603a3249.jpg 1600w\" sizes=\"(max-width: 1024px) 100vw, 1024px\" \/><\/a><\/figure>\n\n\n\n<p>Finalmente, Olea enfatiz\u00f3 que la coordinaci\u00f3n entre instituciones demuestra que, cuando hay voluntad y trabajo conjunto, los resultados se traducen en bienestar real para la gente.<\/p>\n\n\n\n<p>Con esta jornada, el Gobierno de Tonal\u00e1 refrenda su compromiso de seguir construyendo un municipio saludable, solidario y comprometido con su comunidad a la que llegar\u00e1 cada feria de este tipo por mes.<\/p>\n","protected":false},"excerpt":{"rendered":"<p>Con el prop\u00f3sito de acercar servicios m\u00e9dicos gratuitos y fortalecer la cultura del cuidado preventivo, el presidente municipal Sergio Ch\u00e1vez<\/p>\n","protected":false},"author":1,"featured_media":38067,"comment_status":"closed","ping_status":"open","sticky":false,"template":"","format":"standard","meta":{"colormag_page_container_layout":"default_layout","colormag_page_sidebar_layout":"default_layout","footnotes":""},"categories":[2],"tags":[],"class_list":["post-38063","post","type-post","status-publish","format-standard","has-post-thumbnail","hentry","category-comunicacion-social"],"_links":{"self":[{"href":"https:\/\/tonala.gob.mx\/portal\/wp-json\/wp\/v2\/posts\/38063","targetHints":{"allow":["GET"]}}],"collection":[{"href":"https:\/\/tonala.gob.mx\/portal\/wp-json\/wp\/v2\/posts"}],"about":[{"href":"https:\/\/tonala.gob.mx\/portal\/wp-json\/wp\/v2\/types\/post"}],"author":[{"embeddable":true,"href":"https:\/\/tonala.gob.mx\/portal\/wp-json\/wp\/v2\/users\/1"}],"replies":[{"embeddable":true,"href":"https:\/\/tonala.gob.mx\/portal\/wp-json\/wp\/v2\/comments?post=38063"}],"version-history":[{"count":1,"href":"https:\/\/tonala.gob.mx\/portal\/wp-json\/wp\/v2\/posts\/38063\/revisions"}],"predecessor-version":[{"id":38068,"href":"https:\/\/tonala.gob.mx\/portal\/wp-json\/wp\/v2\/posts\/38063\/revisions\/38068"}],"wp:featuredmedia":[{"embeddable":true,"href":"https:\/\/tonala.gob.mx\/portal\/wp-json\/wp\/v2\/media\/38067"}],"wp:attachment":[{"href":"https:\/\/tonala.gob.mx\/portal\/wp-json\/wp\/v2\/media?parent=38063"}],"wp:term":[{"taxonomy":"category","embeddable":true,"href":"https:\/\/tonala.gob.mx\/portal\/wp-json\/wp\/v2\/categories?post=38063"},{"taxonomy":"post_tag","embeddable":true,"href":"https:\/\/tonala.gob.mx\/portal\/wp-json\/wp\/v2\/tags?post=38063"}],"curies":[{"name":"wp","href":"https:\/\/api.w.org\/{rel}","templated":true}]}}