{"id":37912,"date":"2025-09-16T14:33:02","date_gmt":"2025-09-16T20:33:02","guid":{"rendered":"https:\/\/tonala.gob.mx\/portal\/?p=37912"},"modified":"2025-09-17T14:37:21","modified_gmt":"2025-09-17T20:37:21","slug":"tradicional-desfile-del-inicio-de-la-independencia-de-mexico","status":"publish","type":"post","link":"https:\/\/tonala.gob.mx\/portal\/2025\/09\/16\/tradicional-desfile-del-inicio-de-la-independencia-de-mexico\/","title":{"rendered":"Tradicional desfile del inicio de la independencia de M\u00e9xico"},"content":{"rendered":"\n<figure class=\"wp-block-image size-large\"><a href=\"https:\/\/tonala.gob.mx\/portal\/wp-content\/uploads\/2025\/09\/WhatsApp-Image-2025-09-16-at-11.46.37.jpeg\"><img fetchpriority=\"high\" decoding=\"async\" width=\"1024\" height=\"682\" src=\"https:\/\/tonala.gob.mx\/portal\/wp-content\/uploads\/2025\/09\/WhatsApp-Image-2025-09-16-at-11.46.37-1024x682.jpeg\" alt=\"\" class=\"wp-image-37918\" srcset=\"https:\/\/tonala.gob.mx\/portal\/wp-content\/uploads\/2025\/09\/WhatsApp-Image-2025-09-16-at-11.46.37-1024x682.jpeg 1024w, https:\/\/tonala.gob.mx\/portal\/wp-content\/uploads\/2025\/09\/WhatsApp-Image-2025-09-16-at-11.46.37-300x200.jpeg 300w, https:\/\/tonala.gob.mx\/portal\/wp-content\/uploads\/2025\/09\/WhatsApp-Image-2025-09-16-at-11.46.37-768x512.jpeg 768w, https:\/\/tonala.gob.mx\/portal\/wp-content\/uploads\/2025\/09\/WhatsApp-Image-2025-09-16-at-11.46.37-1536x1023.jpeg 1536w, https:\/\/tonala.gob.mx\/portal\/wp-content\/uploads\/2025\/09\/WhatsApp-Image-2025-09-16-at-11.46.37.jpeg 1600w\" sizes=\"(max-width: 1024px) 100vw, 1024px\" \/><\/a><\/figure>\n\n\n\n<p><br>Festivo desfile con motivo del 215 aniversario del inicio de la independencia de M\u00e9xico se llev\u00f3 a cabo por calles principales de Tonal\u00e1, cumpliendo con las tradiciones y exaltando los valores patrios, particularmente, entre las nuevas generaciones.<\/p>\n\n\n\n<figure class=\"wp-block-image size-large\"><a href=\"https:\/\/tonala.gob.mx\/portal\/wp-content\/uploads\/2025\/09\/WhatsApp-Image-2025-09-16-at-11.46.31.jpeg\"><img decoding=\"async\" width=\"1024\" height=\"682\" src=\"https:\/\/tonala.gob.mx\/portal\/wp-content\/uploads\/2025\/09\/WhatsApp-Image-2025-09-16-at-11.46.31-1024x682.jpeg\" alt=\"\" class=\"wp-image-37913\" srcset=\"https:\/\/tonala.gob.mx\/portal\/wp-content\/uploads\/2025\/09\/WhatsApp-Image-2025-09-16-at-11.46.31-1024x682.jpeg 1024w, https:\/\/tonala.gob.mx\/portal\/wp-content\/uploads\/2025\/09\/WhatsApp-Image-2025-09-16-at-11.46.31-300x200.jpeg 300w, https:\/\/tonala.gob.mx\/portal\/wp-content\/uploads\/2025\/09\/WhatsApp-Image-2025-09-16-at-11.46.31-768x512.jpeg 768w, https:\/\/tonala.gob.mx\/portal\/wp-content\/uploads\/2025\/09\/WhatsApp-Image-2025-09-16-at-11.46.31-1536x1024.jpeg 1536w, https:\/\/tonala.gob.mx\/portal\/wp-content\/uploads\/2025\/09\/WhatsApp-Image-2025-09-16-at-11.46.31-2048x1365.jpeg 2048w\" sizes=\"(max-width: 1024px) 100vw, 1024px\" \/><\/a><\/figure>\n\n\n\n<p>Cabe destacar que en la poblaci\u00f3n\u00a0tonalteca\u00a0prevalece un fervor patrio\u00a0muy especial por el arraigo y costumbres que se manifiestan en cada festividad que recuerda los\u00a0or\u00edgenes y conformaci\u00f3n del actual Tonal\u00e1.<\/p>\n\n\n\n<figure class=\"wp-block-image size-large\"><a href=\"https:\/\/tonala.gob.mx\/portal\/wp-content\/uploads\/2025\/09\/WhatsApp-Image-2025-09-16-at-11.46.36.jpeg\"><img decoding=\"async\" width=\"1024\" height=\"682\" src=\"https:\/\/tonala.gob.mx\/portal\/wp-content\/uploads\/2025\/09\/WhatsApp-Image-2025-09-16-at-11.46.36-1024x682.jpeg\" alt=\"\" class=\"wp-image-37917\" srcset=\"https:\/\/tonala.gob.mx\/portal\/wp-content\/uploads\/2025\/09\/WhatsApp-Image-2025-09-16-at-11.46.36-1024x682.jpeg 1024w, https:\/\/tonala.gob.mx\/portal\/wp-content\/uploads\/2025\/09\/WhatsApp-Image-2025-09-16-at-11.46.36-300x200.jpeg 300w, https:\/\/tonala.gob.mx\/portal\/wp-content\/uploads\/2025\/09\/WhatsApp-Image-2025-09-16-at-11.46.36-768x512.jpeg 768w, https:\/\/tonala.gob.mx\/portal\/wp-content\/uploads\/2025\/09\/WhatsApp-Image-2025-09-16-at-11.46.36-1536x1024.jpeg 1536w, https:\/\/tonala.gob.mx\/portal\/wp-content\/uploads\/2025\/09\/WhatsApp-Image-2025-09-16-at-11.46.36-2048x1365.jpeg 2048w\" sizes=\"(max-width: 1024px) 100vw, 1024px\" \/><\/a><\/figure>\n\n\n\n<p>En la parada c\u00edvica\u00a0participaron\u00a0alrededor de 30 contingentes\u00a0conformados por elementos de la guardia nacional,\u00a0la polic\u00eda estatal, la comisar\u00eda de seguridad de Tonal\u00e1,\u00a0param\u00e9dicosy Protecci\u00f3n Civil y Bomberos, siendo esta ultima corporaci\u00f3n de las mas aplaudidas por los asistentes al desfile.<\/p>\n\n\n\n<figure class=\"wp-block-image size-large\"><a href=\"https:\/\/tonala.gob.mx\/portal\/wp-content\/uploads\/2025\/09\/WhatsApp-Image-2025-09-16-at-11.46.35.jpeg\"><img loading=\"lazy\" decoding=\"async\" width=\"1024\" height=\"682\" src=\"https:\/\/tonala.gob.mx\/portal\/wp-content\/uploads\/2025\/09\/WhatsApp-Image-2025-09-16-at-11.46.35-1024x682.jpeg\" alt=\"\" class=\"wp-image-37916\" srcset=\"https:\/\/tonala.gob.mx\/portal\/wp-content\/uploads\/2025\/09\/WhatsApp-Image-2025-09-16-at-11.46.35-1024x682.jpeg 1024w, https:\/\/tonala.gob.mx\/portal\/wp-content\/uploads\/2025\/09\/WhatsApp-Image-2025-09-16-at-11.46.35-300x200.jpeg 300w, https:\/\/tonala.gob.mx\/portal\/wp-content\/uploads\/2025\/09\/WhatsApp-Image-2025-09-16-at-11.46.35-768x512.jpeg 768w, https:\/\/tonala.gob.mx\/portal\/wp-content\/uploads\/2025\/09\/WhatsApp-Image-2025-09-16-at-11.46.35-1536x1023.jpeg 1536w, https:\/\/tonala.gob.mx\/portal\/wp-content\/uploads\/2025\/09\/WhatsApp-Image-2025-09-16-at-11.46.35.jpeg 1600w\" sizes=\"(max-width: 1024px) 100vw, 1024px\" \/><\/a><\/figure>\n\n\n\n<p>Tambi\u00e9n se cont\u00f3 con&nbsp;la&nbsp;participaci\u00f3n de instituciones educativas&nbsp;desde&nbsp;el nivel de primaria a media superior y un gran contingente de charros, as\u00ed como agrupaciones de la sociedad civil que hicieron representaciones de la lucha iniciada y convocada por Miguel Hidalgo y Costilla&nbsp;hace 215 a\u00f1os.<\/p>\n\n\n\n<figure class=\"wp-block-image size-large\"><a href=\"https:\/\/tonala.gob.mx\/portal\/wp-content\/uploads\/2025\/09\/WhatsApp-Image-2025-09-16-at-11.46.39.jpeg\"><img loading=\"lazy\" decoding=\"async\" width=\"1024\" height=\"682\" src=\"https:\/\/tonala.gob.mx\/portal\/wp-content\/uploads\/2025\/09\/WhatsApp-Image-2025-09-16-at-11.46.39-1024x682.jpeg\" alt=\"\" class=\"wp-image-37919\" srcset=\"https:\/\/tonala.gob.mx\/portal\/wp-content\/uploads\/2025\/09\/WhatsApp-Image-2025-09-16-at-11.46.39-1024x682.jpeg 1024w, https:\/\/tonala.gob.mx\/portal\/wp-content\/uploads\/2025\/09\/WhatsApp-Image-2025-09-16-at-11.46.39-300x200.jpeg 300w, https:\/\/tonala.gob.mx\/portal\/wp-content\/uploads\/2025\/09\/WhatsApp-Image-2025-09-16-at-11.46.39-768x512.jpeg 768w, https:\/\/tonala.gob.mx\/portal\/wp-content\/uploads\/2025\/09\/WhatsApp-Image-2025-09-16-at-11.46.39-1536x1023.jpeg 1536w, https:\/\/tonala.gob.mx\/portal\/wp-content\/uploads\/2025\/09\/WhatsApp-Image-2025-09-16-at-11.46.39.jpeg 1600w\" sizes=\"(max-width: 1024px) 100vw, 1024px\" \/><\/a><\/figure>\n\n\n\n<p>Sergio Ch\u00e1vez D\u00e1valos,&nbsp;regidoras y regidores, acompa\u00f1ados&nbsp;por mandos de la guardia nacional y polic\u00eda&nbsp;estatal, as\u00ed como por el coordinador del &nbsp;gabinete de seguridad&nbsp;tonalteca, Miguel Maga\u00f1a Orozco,&nbsp;presenciaron el desfile&nbsp;que inici\u00f3 a las&nbsp;10:00 horas y concluy\u00f3&nbsp;50 minutos despu\u00e9s<\/p>\n","protected":false},"excerpt":{"rendered":"<p>Festivo desfile con motivo del 215 aniversario del inicio de la independencia de M\u00e9xico se llev\u00f3 a cabo por calles<\/p>\n","protected":false},"author":2,"featured_media":37914,"comment_status":"closed","ping_status":"open","sticky":false,"template":"","format":"standard","meta":{"colormag_page_container_layout":"default_layout","colormag_page_sidebar_layout":"default_layout","footnotes":""},"categories":[2],"tags":[],"class_list":["post-37912","post","type-post","status-publish","format-standard","has-post-thumbnail","hentry","category-comunicacion-social"],"_links":{"self":[{"href":"https:\/\/tonala.gob.mx\/portal\/wp-json\/wp\/v2\/posts\/37912","targetHints":{"allow":["GET"]}}],"collection":[{"href":"https:\/\/tonala.gob.mx\/portal\/wp-json\/wp\/v2\/posts"}],"about":[{"href":"https:\/\/tonala.gob.mx\/portal\/wp-json\/wp\/v2\/types\/post"}],"author":[{"embeddable":true,"href":"https:\/\/tonala.gob.mx\/portal\/wp-json\/wp\/v2\/users\/2"}],"replies":[{"embeddable":true,"href":"https:\/\/tonala.gob.mx\/portal\/wp-json\/wp\/v2\/comments?post=37912"}],"version-history":[{"count":1,"href":"https:\/\/tonala.gob.mx\/portal\/wp-json\/wp\/v2\/posts\/37912\/revisions"}],"predecessor-version":[{"id":37920,"href":"https:\/\/tonala.gob.mx\/portal\/wp-json\/wp\/v2\/posts\/37912\/revisions\/37920"}],"wp:featuredmedia":[{"embeddable":true,"href":"https:\/\/tonala.gob.mx\/portal\/wp-json\/wp\/v2\/media\/37914"}],"wp:attachment":[{"href":"https:\/\/tonala.gob.mx\/portal\/wp-json\/wp\/v2\/media?parent=37912"}],"wp:term":[{"taxonomy":"category","embeddable":true,"href":"https:\/\/tonala.gob.mx\/portal\/wp-json\/wp\/v2\/categories?post=37912"},{"taxonomy":"post_tag","embeddable":true,"href":"https:\/\/tonala.gob.mx\/portal\/wp-json\/wp\/v2\/tags?post=37912"}],"curies":[{"name":"wp","href":"https:\/\/api.w.org\/{rel}","templated":true}]}}