{"id":37906,"date":"2025-09-15T23:28:00","date_gmt":"2025-09-16T05:28:00","guid":{"rendered":"https:\/\/tonala.gob.mx\/portal\/?p=37906"},"modified":"2025-09-17T14:32:57","modified_gmt":"2025-09-17T20:32:57","slug":"ceremonia-por-el-ccxv-aniversario-del-inicio-de-independencia-de-mexico","status":"publish","type":"post","link":"https:\/\/tonala.gob.mx\/portal\/2025\/09\/15\/ceremonia-por-el-ccxv-aniversario-del-inicio-de-independencia-de-mexico\/","title":{"rendered":"Ceremonia por el CCXV aniversario del inicio de independencia de M\u00e9xico."},"content":{"rendered":"\n<figure class=\"wp-block-image size-large\"><a href=\"https:\/\/tonala.gob.mx\/portal\/wp-content\/uploads\/2025\/09\/WhatsApp-Image-2025-09-15-at-23.01.46-1-scaled.jpeg\"><img fetchpriority=\"high\" decoding=\"async\" width=\"1024\" height=\"683\" src=\"https:\/\/tonala.gob.mx\/portal\/wp-content\/uploads\/2025\/09\/WhatsApp-Image-2025-09-15-at-23.01.46-1-1024x683.jpeg\" alt=\"\" class=\"wp-image-37908\" srcset=\"https:\/\/tonala.gob.mx\/portal\/wp-content\/uploads\/2025\/09\/WhatsApp-Image-2025-09-15-at-23.01.46-1-1024x683.jpeg 1024w, https:\/\/tonala.gob.mx\/portal\/wp-content\/uploads\/2025\/09\/WhatsApp-Image-2025-09-15-at-23.01.46-1-300x200.jpeg 300w, https:\/\/tonala.gob.mx\/portal\/wp-content\/uploads\/2025\/09\/WhatsApp-Image-2025-09-15-at-23.01.46-1-768x512.jpeg 768w, https:\/\/tonala.gob.mx\/portal\/wp-content\/uploads\/2025\/09\/WhatsApp-Image-2025-09-15-at-23.01.46-1-1536x1024.jpeg 1536w, https:\/\/tonala.gob.mx\/portal\/wp-content\/uploads\/2025\/09\/WhatsApp-Image-2025-09-15-at-23.01.46-1-2048x1365.jpeg 2048w\" sizes=\"(max-width: 1024px) 100vw, 1024px\" \/><\/a><\/figure>\n\n\n\n<p>El 215 aniversario del inicio de la lucha por la independencia de M\u00e9xico dej\u00f3 en claro en Tonal\u00e1 que el pa\u00eds y su gente son mas grandes que sus problemas, al desbordarse el fervor patrio ante las arengas del presidente municipal, Sergio Ch\u00e1vez D\u00e1valos, al exaltar a los h\u00e9roes que \u201cse la rajaron\u201d para darnos una patria libre y soberana.<\/p>\n\n\n\n<p>En punto de las 22:30 horas, el primer edil sali\u00f3 al balc\u00f3n principal de palacio municipal para vitorear a las figuras emblem\u00e1ticas de la independencia, ante una\u00a0plaza\u00a0Cihualpilli repleta por quienes\u00a0se dieron cita para festejar y disfrutar del evento conmemorativo\u00a0y art\u00edstico.<\/p>\n\n\n\n<figure class=\"wp-block-image size-large\"><a href=\"https:\/\/tonala.gob.mx\/portal\/wp-content\/uploads\/2025\/09\/WhatsApp-Image-2025-09-15-at-23.01.46-scaled.jpeg\"><img decoding=\"async\" width=\"1024\" height=\"683\" src=\"https:\/\/tonala.gob.mx\/portal\/wp-content\/uploads\/2025\/09\/WhatsApp-Image-2025-09-15-at-23.01.46-1024x683.jpeg\" alt=\"\" class=\"wp-image-37909\" srcset=\"https:\/\/tonala.gob.mx\/portal\/wp-content\/uploads\/2025\/09\/WhatsApp-Image-2025-09-15-at-23.01.46-1024x683.jpeg 1024w, https:\/\/tonala.gob.mx\/portal\/wp-content\/uploads\/2025\/09\/WhatsApp-Image-2025-09-15-at-23.01.46-300x200.jpeg 300w, https:\/\/tonala.gob.mx\/portal\/wp-content\/uploads\/2025\/09\/WhatsApp-Image-2025-09-15-at-23.01.46-768x512.jpeg 768w, https:\/\/tonala.gob.mx\/portal\/wp-content\/uploads\/2025\/09\/WhatsApp-Image-2025-09-15-at-23.01.46-1536x1024.jpeg 1536w, https:\/\/tonala.gob.mx\/portal\/wp-content\/uploads\/2025\/09\/WhatsApp-Image-2025-09-15-at-23.01.46-2048x1365.jpeg 2048w\" sizes=\"(max-width: 1024px) 100vw, 1024px\" \/><\/a><\/figure>\n\n\n\n<p>Una aut\u00e9ntica fiesta patria que inici\u00f3 a las 20:30 horas en la delegaci\u00f3n de Puente Grande, en donde Ch\u00e1vez D\u00e1valos arranc\u00f3 la jornada de gritos y continu\u00f3 a las 21:30 horas en la colonia Jalisco, para culminar con el evento principal en la plaza grande de Tonal\u00e1.<\/p>\n\n\n\n<p>Aqu\u00ed, en Tonal\u00e1 centro,&nbsp;previo al grit\u00f3 se coron\u00f3 a la&nbsp;reina de&nbsp;las fiestas patrias&nbsp;Karla Gonz\u00e1lez&nbsp;y&nbsp;a las&nbsp;princesas&nbsp;Abril Estrada y Noemi Arana.&nbsp;M\u00fasica, canto y&nbsp;fuegos pirot\u00e9cnicos engalanaron el evento.<\/p>\n\n\n\n<figure class=\"wp-block-image size-large\"><a href=\"https:\/\/tonala.gob.mx\/portal\/wp-content\/uploads\/2025\/09\/WhatsApp-Image-2025-09-15-at-23.01.47-scaled.jpeg\"><img decoding=\"async\" width=\"1024\" height=\"683\" src=\"https:\/\/tonala.gob.mx\/portal\/wp-content\/uploads\/2025\/09\/WhatsApp-Image-2025-09-15-at-23.01.47-1024x683.jpeg\" alt=\"\" class=\"wp-image-37910\" srcset=\"https:\/\/tonala.gob.mx\/portal\/wp-content\/uploads\/2025\/09\/WhatsApp-Image-2025-09-15-at-23.01.47-1024x683.jpeg 1024w, https:\/\/tonala.gob.mx\/portal\/wp-content\/uploads\/2025\/09\/WhatsApp-Image-2025-09-15-at-23.01.47-300x200.jpeg 300w, https:\/\/tonala.gob.mx\/portal\/wp-content\/uploads\/2025\/09\/WhatsApp-Image-2025-09-15-at-23.01.47-768x512.jpeg 768w, https:\/\/tonala.gob.mx\/portal\/wp-content\/uploads\/2025\/09\/WhatsApp-Image-2025-09-15-at-23.01.47-1536x1024.jpeg 1536w, https:\/\/tonala.gob.mx\/portal\/wp-content\/uploads\/2025\/09\/WhatsApp-Image-2025-09-15-at-23.01.47-2048x1365.jpeg 2048w\" sizes=\"(max-width: 1024px) 100vw, 1024px\" \/><\/a><\/figure>\n","protected":false},"excerpt":{"rendered":"<p>El 215 aniversario del inicio de la lucha por la independencia de M\u00e9xico dej\u00f3 en claro en Tonal\u00e1 que el<\/p>\n","protected":false},"author":2,"featured_media":37907,"comment_status":"closed","ping_status":"open","sticky":false,"template":"","format":"standard","meta":{"colormag_page_container_layout":"default_layout","colormag_page_sidebar_layout":"default_layout","footnotes":""},"categories":[2],"tags":[],"class_list":["post-37906","post","type-post","status-publish","format-standard","has-post-thumbnail","hentry","category-comunicacion-social"],"_links":{"self":[{"href":"https:\/\/tonala.gob.mx\/portal\/wp-json\/wp\/v2\/posts\/37906","targetHints":{"allow":["GET"]}}],"collection":[{"href":"https:\/\/tonala.gob.mx\/portal\/wp-json\/wp\/v2\/posts"}],"about":[{"href":"https:\/\/tonala.gob.mx\/portal\/wp-json\/wp\/v2\/types\/post"}],"author":[{"embeddable":true,"href":"https:\/\/tonala.gob.mx\/portal\/wp-json\/wp\/v2\/users\/2"}],"replies":[{"embeddable":true,"href":"https:\/\/tonala.gob.mx\/portal\/wp-json\/wp\/v2\/comments?post=37906"}],"version-history":[{"count":1,"href":"https:\/\/tonala.gob.mx\/portal\/wp-json\/wp\/v2\/posts\/37906\/revisions"}],"predecessor-version":[{"id":37911,"href":"https:\/\/tonala.gob.mx\/portal\/wp-json\/wp\/v2\/posts\/37906\/revisions\/37911"}],"wp:featuredmedia":[{"embeddable":true,"href":"https:\/\/tonala.gob.mx\/portal\/wp-json\/wp\/v2\/media\/37907"}],"wp:attachment":[{"href":"https:\/\/tonala.gob.mx\/portal\/wp-json\/wp\/v2\/media?parent=37906"}],"wp:term":[{"taxonomy":"category","embeddable":true,"href":"https:\/\/tonala.gob.mx\/portal\/wp-json\/wp\/v2\/categories?post=37906"},{"taxonomy":"post_tag","embeddable":true,"href":"https:\/\/tonala.gob.mx\/portal\/wp-json\/wp\/v2\/tags?post=37906"}],"curies":[{"name":"wp","href":"https:\/\/api.w.org\/{rel}","templated":true}]}}