{"id":37902,"date":"2025-09-08T18:27:57","date_gmt":"2025-09-09T00:27:57","guid":{"rendered":"https:\/\/tonala.gob.mx\/portal\/?p=37902"},"modified":"2025-09-08T18:27:57","modified_gmt":"2025-09-09T00:27:57","slug":"informe-de-gobierno-2024-2025","status":"publish","type":"post","link":"https:\/\/tonala.gob.mx\/portal\/2025\/09\/08\/informe-de-gobierno-2024-2025\/","title":{"rendered":"INFORME DE GOBIERNO 2024-2025"},"content":{"rendered":"\n<p>DISCURSO DEL PRESIDENTE<\/p>\n\n\n\n<p>Regidoras, regidores, comparezco a esta sesi\u00f3n, particularmente ante las y los habitantes de Tonal\u00e1, para cumplir con el mandato legal, pero sobre todo, moral y \u00e9tico, de rendir cuentas.<\/p>\n\n\n\n<p>La importancia de la reelecci\u00f3n est\u00e1 en dar continuidad a las obras y trabajos DE GRAN CALADO, para que la transformaci\u00f3n sea efectiva y de beneficio para el pueblo.<\/p>\n\n\n\n<p>Muestra de las BATALLAS GANADAS, que algunas voces, consideraban que ser\u00eda una lucha perdida; como muestra, est\u00e1 la que por m\u00e1s de tres a\u00f1os libramos en contra de la empresa Caabsa y que padecimos por 20 a\u00f1os\u2026 \u00a1y ya se fue!<\/p>\n\n\n\n<p>Hoy, a seis meses de tener nuevamente la gran responsabilidad de brindar el servicio de la recolecci\u00f3n de la basura, que nunca se debi\u00f3 haber dejado en manos de particulares, puedo decirles que otra batalla ganada, es el haber logrado la construcci\u00f3n de la estaci\u00f3n de transferencia.<\/p>\n\n\n\n<p>Estaci\u00f3n que, por cierto, es la segunda construida en todo el estado y la n\u00famero uno en tecnolog\u00edas, conforme a las normas ambientales del pa\u00eds e internacionales, para cuidar nuestro medio ambiente.En esta estaci\u00f3n invertimos 150 millones de pesos y funciona desde el pasado mes de abril.<\/p>\n\n\n\n<p>Pero tambi\u00e9n pusimos en marcha 40 unidades recolectoras y contratamos personal que no es sindicalizado para evitar vicios del pasado y con esto, les informo que nuestro nivel de recolecci\u00f3n est\u00e1 por arriba del 93 por ciento de eficiencia, contra el 52 por ciento que ten\u00eda el sistema corrupto de la empresa Caabsa, si es que bien nos iba.<\/p>\n\n\n\n<p>En Tonal\u00e1, transformamos \u201cla basura en salud\u201d para nuestra gente, les platico, de la cantidad que se le pagaba a Caabsa, ahora, nos estamos ahorrando alrededor de 2 millones de pesos al mes, ahorro que se aplica al \u201cHOSPITALITO\u201d.<\/p>\n\n\n\n<p>Se\u00f1or gobernador, el pasado 19 de junio, en la reuni\u00f3n de IMEPLAN celebrada en Ixtlahuac\u00e1n de los Membrillos, se anunci\u00f3 que ya estaba el compromiso firmado con la empresa Caabsa para la remediaci\u00f3n de los ex vertederos de Matatl\u00e1n y Los Laureles. Me preocupa como tonalteca y como gobernante que el tiempo sigue corriendo y la empresa no ha hecho, hasta el momento, ninguna acci\u00f3n de remediaci\u00f3n, conforme a los acuerdos firmados<\/p>\n\n\n\n<p>Recordemos que la empresa tiene un plazo no mayor a dos a\u00f1os, a partir de la fecha que firm\u00f3 el compromiso,para hacer la remediaci\u00f3n e invertir los 341 millones de pesos que ello implica.<\/p>\n\n\n\n<p>El pueblo de Tonal\u00e1 y de la parte oriente de la zona metropolitana sigue atento a que se cumpla con esta obligaci\u00f3n; le reitero, gobernador, de parte de este presidente municipal y como un habitante m\u00e1s de la zona oriente, cuenta conmigo para que juntos hagamos valer lo que firm\u00f3 la empresa.<\/p>\n\n\n\n<p>En mi andar por la pol\u00edtica me ha tocado ir cuesta arriba, pero siempre he avanzado y desde, las veces, que fui diputado inici\u00e9 la lucha hasta lograr que sacaran de Tonal\u00e1 la caseta de cobro; hecho, que nos ha dado la oportunidad de apuntalar la instalaci\u00f3n de 12 parques industriales, ubicados en nuevo perif\u00e9rico oriente, autopista a Zapotlanejo y camino a El Vado.<\/p>\n\n\n\n<p>Hablamos del esfuerzo y trabajo de cuatro a\u00f1os en este tema. Esas empresas, en conjunto, est\u00e1n invirtiendo recursos que est\u00e1n superando los DOS MIL MILLONES DE D\u00d3LARES, lo cual significa generaci\u00f3n de miles de empleos de calidad para nuestros habitantes.<\/p>\n\n\n\n<p>Reconozco se\u00f1or gobernador que usted es un gran promotor de jalisco ante el mundo, para la instalaci\u00f3n de empresas nacionales e internacionales; decirle a usted que, en sus misiones comerciales nos ayude a seguir promocionando al municipio de Tonal\u00e1, paralograr que sea la \u201cpechuga\u201d del desarrollo econ\u00f3mico en la metr\u00f3poli.<\/p>\n\n\n\n<p>Al igual que reconozco, por supuesto, el gran trabajo que est\u00e1 realizando nuestra presidenta Claudia Sheinbaum, demostrando una templanza, decisi\u00f3n y capacidad para afrontar las decisiones del gobierno americano, lo que nos da estabilidad y oportunidad de m\u00e1s y mejores inversiones en el territorio nacional.<\/p>\n\n\n\n<p>En materia de transporte, se\u00f1or gobernador: los tonaltecas le tomamos la palabra, s\u00ed queremos l\u00ednea 6 del tren, la que nosotros hemos impulsado como l\u00ednea 5. Lo de menos es que sea la 5 o la 6, lo importante es que se ejecute la gran obra.<\/p>\n\n\n\n<p>Todav\u00eda recordamos aquel mensaje tan sentido que dirigi\u00f3 a Tonal\u00e1 en su toma de protesta y estamos listos para apoyar, en lo que nos toca, para que el sistema de Mi Macro Perif\u00e9rico llegue hasta el centro de Tonal\u00e1, para lo cual, si no mal recuerdo est\u00e1n etiquetados y aprobados 800 millones de pesos para ejercerse en este a\u00f1o.<\/p>\n\n\n\n<p>Con satisfacci\u00f3n puedo informar al pueblo de Tonal\u00e1, respecto del tan anunciado y anhelado \u201chospitalito\u201d de Tonal\u00e1 centro; al que acud\u00ed hace unos momentos a hacer una vista de supervisi\u00f3n, que est\u00e1 al cien porciento construida la obra civil y tambi\u00e9n el equipamiento y mobiliario m\u00e9dico.<\/p>\n\n\n\n<p>Hablamos de un complejo m\u00e9dico que contar\u00e1 con unidades de atenci\u00f3n para la prevenci\u00f3n de hipotensi\u00f3n y debates; ginecobstetricia, neonatolog\u00eda, hemodi\u00e1lisis, consulta externa, odontolog\u00eda y oftalmolog\u00eda.<\/p>\n\n\n\n<p>Desde luego, urgencias, en donde contaremos con especialistas doctores urgenci\u00f3logos y traumat\u00f3logos, servicio de tomograf\u00eda, rayos X, y laboratorio de an\u00e1lisis cl\u00ednicos. Todo esto en tres edificios con una superficie de atenci\u00f3n de m\u00e1s de 4 mil metros cuadrados. Este hospital, tambi\u00e9n, cuenta con una ambulancia de terapia intensiva a\u00f1o 2025.<\/p>\n\n\n\n<p>Gracias al apoyo un\u00e1nime de este Ayuntamiento se aprob\u00f3 constituir el Organismo P\u00fablico Descentralizado llamado SERVICIOS DE SALUD TONAL\u00c1 (SESAT), cuyo consejo qued\u00f3 integrado por: la Universidad de Guadalajara, la Universidad Aut\u00f3noma de Guadalajara, el TEC de Monterrey, la UNIVA, el Banco de Alimentos de Guadalajara y, por supuesto, tambi\u00e9n lo integra el secretario de salud del estado.<\/p>\n\n\n\n<p>Para evitar influyent\u00edsimos y recomendaciones, lanzamos una convocatoria para seleccionar, mediante ex\u00e1menes, a los profesionistas de la salud que estar\u00e1nlaborando en el hospital y contar as\u00ed, con los mejores perfiles.<\/p>\n\n\n\n<p>Este complejo m\u00e9dico es un legado para la poblaci\u00f3n, en el que, gracias a las finanzas sanas, el ahorro y el esfuerzo de cuatro a\u00f1os, invertimos 250 millones de pesos, dinero de los impuestos que nos pagan los tonaltecas, aqu\u00ed no entr\u00f3 recurso del estado ni de la federaci\u00f3n.<\/p>\n\n\n\n<p>Aprovecho para ofrecer disculpas a las personas que me han venido solicitando, en los \u00faltimos meses, diversas obras para las colonias; es necesario decirlo, la gran parte de los recursos los destinamos a la construcci\u00f3n de nuestro hospital, me queda claro que primero es la salud de los tonaltecas.<\/p>\n\n\n\n<p>En materia de seguridad y prevenci\u00f3n, es gratificante que instituciones ajenas al gobierno municipal como el INEGI y Jalisco como Vamos, nos hayan colocado, en las \u00faltimas mediciones, como uno de los municipios metropolitanos con mejor percepci\u00f3n de seguridad y en un municipio donde la gente se siente segura.<\/p>\n\n\n\n<p>Yo siempre lo he dicho el tema de la seguridad hay que defenderlo y no presumirlo porque de un momento a otro cambian las cosas.<\/p>\n\n\n\n<p>Pasando al tema de reglamentaci\u00f3n, hemos adecuado y creado nuevos reglamentos que \u201camarran\u201d las manosa la voracidad y el desarrollo urban\u00edstico inadecuado y sentamos bases para que en adelante se d\u00e9 con armon\u00eda y sustentable con nuestro medio ambiente.En Tonal\u00e1 mi lucha ha sido, es y seguir\u00e1 siendo contra la venta de terrenos en zonas que no debe de existir vivienda.<\/p>\n\n\n\n<p>Reformas para concertar buenas pr\u00e1cticas comerciales, para resolver conflictos sociales, para lograr la mejora regulatoria y el ciudadano se sienta atendido con calidez y prontitud.<\/p>\n\n\n\n<p>Un c\u00famulo de reformas que nos alinean con el entorno metropolitano; esto, aunado a la implementaci\u00f3n de tecnolog\u00edas que nos permitir\u00e1n dar mejor servicio a los habitantes de nuestro municipio.<\/p>\n\n\n\n<p>En el impreso del informe, que acaban de recibir, y que en breve estar\u00e1 de manera digital en nuestra p\u00e1gina, encontrar\u00e1n plasmado todo el quehacer desarrollado por todas y cada una de las dependencias que integran la administraci\u00f3n.<\/p>\n\n\n\n<p>Para terminar, agradezco el trabajo, la disposici\u00f3n y la disciplina de mi gabinete legal y ampliado por estos \u00faltimos 12 mes de la administraci\u00f3n. S\u00e9 que cuento con su respaldo para seguir transformando nuestro gran municipio, como los tonaltecas lo quieren ver.<\/p>\n\n\n\n<p>Anexo al libro, les estamos entregando una USB que contiene el disco llamado un \u201cCanto a Tonal\u00e1\u201d volumen 2. Los invito a que lo escuchen, habla de nuestra cultura y tradiciones.<\/p>\n\n\n\n<p>Gracias Tonal\u00e1: nos faltan dos a\u00f1os m\u00e1s de trabajo, si Dios quiere<\/p>\n\n\n\n<figure class=\"wp-block-embed is-type-video is-provider-youtube wp-block-embed-youtube wp-embed-aspect-16-9 wp-has-aspect-ratio\"><div class=\"wp-block-embed__wrapper\">\n<iframe title=\"SESI\u00d3N SOLEMNE DE AYUNTAMIENTO INFORME DE GOBIERNO 2024-2025\" width=\"800\" height=\"450\" src=\"https:\/\/www.youtube.com\/embed\/wC3cEzgtw0s?feature=oembed\" frameborder=\"0\" allow=\"accelerometer; autoplay; clipboard-write; encrypted-media; gyroscope; picture-in-picture; web-share\" referrerpolicy=\"strict-origin-when-cross-origin\" allowfullscreen><\/iframe>\n<\/div><\/figure>\n\n\n\n<p><a href=\"https:\/\/tonala.gob.mx\/portal\/wp-content\/uploads\/2025\/09\/INFORME-2024-2025.pdf\">DESCARGA LA VERSI\u00d3N DIGITAL DEL LIBRO AQU\u00cd<\/a><\/p>\n\n\n\n<p><\/p>\n","protected":false},"excerpt":{"rendered":"<p>DISCURSO DEL PRESIDENTE Regidoras, regidores, comparezco a esta sesi\u00f3n, particularmente ante las y los habitantes de Tonal\u00e1, para cumplir con<\/p>\n","protected":false},"author":2,"featured_media":37903,"comment_status":"closed","ping_status":"open","sticky":false,"template":"","format":"standard","meta":{"colormag_page_container_layout":"default_layout","colormag_page_sidebar_layout":"default_layout","footnotes":""},"categories":[2],"tags":[],"class_list":["post-37902","post","type-post","status-publish","format-standard","has-post-thumbnail","hentry","category-comunicacion-social"],"_links":{"self":[{"href":"https:\/\/tonala.gob.mx\/portal\/wp-json\/wp\/v2\/posts\/37902","targetHints":{"allow":["GET"]}}],"collection":[{"href":"https:\/\/tonala.gob.mx\/portal\/wp-json\/wp\/v2\/posts"}],"about":[{"href":"https:\/\/tonala.gob.mx\/portal\/wp-json\/wp\/v2\/types\/post"}],"author":[{"embeddable":true,"href":"https:\/\/tonala.gob.mx\/portal\/wp-json\/wp\/v2\/users\/2"}],"replies":[{"embeddable":true,"href":"https:\/\/tonala.gob.mx\/portal\/wp-json\/wp\/v2\/comments?post=37902"}],"version-history":[{"count":1,"href":"https:\/\/tonala.gob.mx\/portal\/wp-json\/wp\/v2\/posts\/37902\/revisions"}],"predecessor-version":[{"id":37904,"href":"https:\/\/tonala.gob.mx\/portal\/wp-json\/wp\/v2\/posts\/37902\/revisions\/37904"}],"wp:featuredmedia":[{"embeddable":true,"href":"https:\/\/tonala.gob.mx\/portal\/wp-json\/wp\/v2\/media\/37903"}],"wp:attachment":[{"href":"https:\/\/tonala.gob.mx\/portal\/wp-json\/wp\/v2\/media?parent=37902"}],"wp:term":[{"taxonomy":"category","embeddable":true,"href":"https:\/\/tonala.gob.mx\/portal\/wp-json\/wp\/v2\/categories?post=37902"},{"taxonomy":"post_tag","embeddable":true,"href":"https:\/\/tonala.gob.mx\/portal\/wp-json\/wp\/v2\/tags?post=37902"}],"curies":[{"name":"wp","href":"https:\/\/api.w.org\/{rel}","templated":true}]}}