{"id":37723,"date":"2025-07-15T15:29:00","date_gmt":"2025-07-15T21:29:00","guid":{"rendered":"https:\/\/tonala.gob.mx\/portal\/?p=37723"},"modified":"2025-07-15T17:32:29","modified_gmt":"2025-07-15T23:32:29","slug":"festival-tradicion-fiesta-y-fe-2025","status":"publish","type":"post","link":"https:\/\/tonala.gob.mx\/portal\/2025\/07\/15\/festival-tradicion-fiesta-y-fe-2025\/","title":{"rendered":"\u00a0FESTIVAL TRADICI\u00d3N, FIESTA Y FE 2025"},"content":{"rendered":"\n<figure class=\"wp-block-image size-large\"><a href=\"https:\/\/tonala.gob.mx\/portal\/wp-content\/uploads\/2025\/07\/PHOTO-2025-07-15-14-16-34.jpg\"><img fetchpriority=\"high\" decoding=\"async\" width=\"1024\" height=\"573\" src=\"https:\/\/tonala.gob.mx\/portal\/wp-content\/uploads\/2025\/07\/PHOTO-2025-07-15-14-16-34-1024x573.jpg\" alt=\"\" class=\"wp-image-37725\" srcset=\"https:\/\/tonala.gob.mx\/portal\/wp-content\/uploads\/2025\/07\/PHOTO-2025-07-15-14-16-34-1024x573.jpg 1024w, https:\/\/tonala.gob.mx\/portal\/wp-content\/uploads\/2025\/07\/PHOTO-2025-07-15-14-16-34-300x168.jpg 300w, https:\/\/tonala.gob.mx\/portal\/wp-content\/uploads\/2025\/07\/PHOTO-2025-07-15-14-16-34-768x430.jpg 768w, https:\/\/tonala.gob.mx\/portal\/wp-content\/uploads\/2025\/07\/PHOTO-2025-07-15-14-16-34-1536x859.jpg 1536w, https:\/\/tonala.gob.mx\/portal\/wp-content\/uploads\/2025\/07\/PHOTO-2025-07-15-14-16-34.jpg 1600w\" sizes=\"(max-width: 1024px) 100vw, 1024px\" \/><\/a><\/figure>\n\n\n\n<p>El gobierno de Tonal\u00e1 est\u00e1 listo para celebrar el festival cultural y art\u00edstico \u201cTradici\u00f3n, Fiesta y Fe 2025\u201d, mismo que se llevar\u00e1 a cabo del mi\u00e9rcoles 16 al viernes 25 de julio con las jugadas de los Tastoanes, un andador tur\u00edstico y gastron\u00f3mico, y concurso de m\u00e1scaras.&nbsp;<\/p>\n\n\n\n<p>Dentro del programa de actividades habr\u00e1 una amplia variedad de eventos: mi\u00e9rcoles 16 de julio a las 19:45 horas, rondalla Voces del Alma en el Quiosco de la plaza Cihualpilli, jueves 17 de julio a las 19:45 horas, Banda Sinf\u00f3nica infantil del n\u00facleo ecos Santa Paula en el atrio de la Parroquia Santiago Ap\u00f3stol, viernes 18 de julio a las 19:45 la presentaci\u00f3n del Ballet Folcl\u00f3rico Taize en&nbsp; el atrio de la Parroquia Santiago Ap\u00f3stol, s\u00e1bado 19 de julio en punto de las 20:30 horas, el Mariachi Nuevo Tecalitl\u00e1n en el Patio Miguel Hidalgo de la presidencia municipal.&nbsp;&nbsp;&nbsp;<\/p>\n\n\n\n<p>Domingo 20 de julio en punto de la 19:45 horas, Mariachi en vivo en el Quiosco de la Plaza Cihualpilli, lunes 21, coro del ayuntamiento de Zapopan en el interior de la parroquia Santiago Ap\u00f3stol, martes 22, Feria de Talentos que transforman \u201cEl show\u201d en el atrio de la parroquia Santiago Ap\u00f3stol, mi\u00e9rcoles 23 a las 19:45 la orquesta t\u00edpica de Jalisco en el atrio de la parroquia Santiago Ap\u00f3stol, jueves 24, la presentaci\u00f3n del coro cl\u00e1sico de Guadalajara&nbsp; en el atrio de la parroquia Santiago Ap\u00f3stol, Viernes 25 de julio de 2025, durante el d\u00eda corridas de tastoanes en la explanada Plaza Cihualpilli y a las 20:00 horas, mariachi en la explanada de la parroquia Santiago Ap\u00f3stol y por \u00faltimo el cierre del festival ser\u00e1 en la Plaza Cihualpilli con la Banda Tonal\u00e1 Caliente.&nbsp;&nbsp;<\/p>\n\n\n\n<p>As\u00ed mismo, el coordinador se seguridad municipal, Miguel Maga\u00f1a Orozco, invita a la ciudadan\u00eda tomar las siguientes precauciones : Si observas personas sospechosas rep\u00f3rtalas, no pierdas de vista a los menores y adultos mayores de edad que te acompa\u00f1en, si sufres de alg\u00fan malestar f\u00edsico o requieres servicios m\u00e9dicos comun\u00edcate a los contactos de emergencia, disfruta las festividades con moderaci\u00f3n y evita ingerir con exceso bebidas embriagantes, durante los recorridos de peregrinaci\u00f3n mantente hidratado y atento a tu camino, si un artificio pirot\u00e9cnico cae al suelo, NO LO TOQUES, avisa inmediatamente a las autoridades. Recuerda respetar el \u00e1rea acordonada por las autoridades para la exhibici\u00f3n de los fuegos artificiales, evita cargar objetos de valor, aseg\u00farate de estacionar y cerrar debidamente tu autom\u00f3vil.<\/p>\n\n\n\n<p>La autoridad municipal hace un llamado a la poblaci\u00f3n de celebrar de manera segura y en sana convivencia, por tal motivo el viernes 25 de julio a partir de las 11:00 horas habr\u00e1 cierres viales y v\u00edas de acceso alternas; por tal motivo es importante resaltar el compromiso de brindar seguridad y evitar incidentes a los asistentes de recorrido \u201cTastoanes de la Calle\u201d, que pasar\u00e1 por Nicol\u00e1s Bravo, L\u00f3pez Cotilla, Morelos, Constituci\u00f3n, Hidalgo y culminando en la presidencia municipal.&nbsp;<\/p>\n","protected":false},"excerpt":{"rendered":"<p>El gobierno de Tonal\u00e1 est\u00e1 listo para celebrar el festival cultural y art\u00edstico \u201cTradici\u00f3n, Fiesta y Fe 2025\u201d, mismo que<\/p>\n","protected":false},"author":1,"featured_media":37725,"comment_status":"closed","ping_status":"open","sticky":false,"template":"","format":"standard","meta":{"colormag_page_container_layout":"default_layout","colormag_page_sidebar_layout":"default_layout","footnotes":""},"categories":[2],"tags":[],"class_list":["post-37723","post","type-post","status-publish","format-standard","has-post-thumbnail","hentry","category-comunicacion-social"],"_links":{"self":[{"href":"https:\/\/tonala.gob.mx\/portal\/wp-json\/wp\/v2\/posts\/37723","targetHints":{"allow":["GET"]}}],"collection":[{"href":"https:\/\/tonala.gob.mx\/portal\/wp-json\/wp\/v2\/posts"}],"about":[{"href":"https:\/\/tonala.gob.mx\/portal\/wp-json\/wp\/v2\/types\/post"}],"author":[{"embeddable":true,"href":"https:\/\/tonala.gob.mx\/portal\/wp-json\/wp\/v2\/users\/1"}],"replies":[{"embeddable":true,"href":"https:\/\/tonala.gob.mx\/portal\/wp-json\/wp\/v2\/comments?post=37723"}],"version-history":[{"count":1,"href":"https:\/\/tonala.gob.mx\/portal\/wp-json\/wp\/v2\/posts\/37723\/revisions"}],"predecessor-version":[{"id":37726,"href":"https:\/\/tonala.gob.mx\/portal\/wp-json\/wp\/v2\/posts\/37723\/revisions\/37726"}],"wp:featuredmedia":[{"embeddable":true,"href":"https:\/\/tonala.gob.mx\/portal\/wp-json\/wp\/v2\/media\/37725"}],"wp:attachment":[{"href":"https:\/\/tonala.gob.mx\/portal\/wp-json\/wp\/v2\/media?parent=37723"}],"wp:term":[{"taxonomy":"category","embeddable":true,"href":"https:\/\/tonala.gob.mx\/portal\/wp-json\/wp\/v2\/categories?post=37723"},{"taxonomy":"post_tag","embeddable":true,"href":"https:\/\/tonala.gob.mx\/portal\/wp-json\/wp\/v2\/tags?post=37723"}],"curies":[{"name":"wp","href":"https:\/\/api.w.org\/{rel}","templated":true}]}}