{"id":37628,"date":"2025-05-16T15:01:00","date_gmt":"2025-05-16T21:01:00","guid":{"rendered":"https:\/\/tonala.gob.mx\/portal\/?p=37628"},"modified":"2025-05-17T12:08:37","modified_gmt":"2025-05-17T18:08:37","slug":"tonala-reconoce-a-maestros-por-30-40-y-50-anos-de-servicio","status":"publish","type":"post","link":"https:\/\/tonala.gob.mx\/portal\/2025\/05\/16\/tonala-reconoce-a-maestros-por-30-40-y-50-anos-de-servicio\/","title":{"rendered":"TONAL\u00c1 RECONOCE A MAESTROS POR 30, 40 Y 50 A\u00d1OS DE SERVICIO"},"content":{"rendered":"\n<figure class=\"wp-block-image size-large\"><a href=\"https:\/\/tonala.gob.mx\/portal\/wp-content\/uploads\/2025\/05\/307ad344-7fcf-4e37-b1eb-cf4ca48c76ad.jpg\"><img fetchpriority=\"high\" decoding=\"async\" width=\"1024\" height=\"682\" src=\"https:\/\/tonala.gob.mx\/portal\/wp-content\/uploads\/2025\/05\/307ad344-7fcf-4e37-b1eb-cf4ca48c76ad-1024x682.jpg\" alt=\"\" class=\"wp-image-37629\" srcset=\"https:\/\/tonala.gob.mx\/portal\/wp-content\/uploads\/2025\/05\/307ad344-7fcf-4e37-b1eb-cf4ca48c76ad-1024x682.jpg 1024w, https:\/\/tonala.gob.mx\/portal\/wp-content\/uploads\/2025\/05\/307ad344-7fcf-4e37-b1eb-cf4ca48c76ad-300x200.jpg 300w, https:\/\/tonala.gob.mx\/portal\/wp-content\/uploads\/2025\/05\/307ad344-7fcf-4e37-b1eb-cf4ca48c76ad-768x512.jpg 768w, https:\/\/tonala.gob.mx\/portal\/wp-content\/uploads\/2025\/05\/307ad344-7fcf-4e37-b1eb-cf4ca48c76ad.jpg 1280w\" sizes=\"(max-width: 1024px) 100vw, 1024px\" \/><\/a><\/figure>\n\n\n\n<p>En reconocimiento a la labor de los docentes del municipio, esta tarde el gobierno municipal entreg\u00f3 42 reconocimientos por 30, 40 y 50 a\u00f1os de servicio en la Galer\u00eda Candelario Medrano, dentro del palacio municipal.&nbsp;<\/p>\n\n\n\n<p>En representaci\u00f3n del presidente municipal, Sergio Ch\u00e1vez D\u00e1valos, el regidor Miguel Arana Coldivar, dedico un mensaje emotivo a los profesores: <em>\u201cHoy Queremos reconocer su compromiso, pasi\u00f3n y capacidad \u00fanica de dar d\u00eda a d\u00eda, gracias por ser mentores y consejeros e incluso ser padres y madres<\/em>\u201d.<\/p>\n\n\n\n<p>Y acentu\u00f3 que nunca olviden el impacto que generan detr\u00e1s de cada profesi\u00f3n y que de cada sue\u00f1o cumplido hay un maestro que crey\u00f3, motivo y acompa\u00f1o; muchas gracias por todo lo que hacen y seguiremos trabajando juntos por una mejor educaci\u00f3n a las nuevas generaciones.&nbsp;<\/p>\n\n\n\n<p>Por \u00faltimo, el director, Ra\u00fal Hurtado Velasco, agradeci\u00f3&nbsp; a los presentes la convicci\u00f3n, vocaci\u00f3n y amor por la ense\u00f1anza, as\u00ed como la firme creencia de que en cada ni\u00f1o y joven merece una oportunidad para descubrir sus talentos; por que ense\u00f1ar es acompa\u00f1arlos en los procesos, inspirar mentes y tocar corazones.&nbsp;<\/p>\n\n\n\n<figure class=\"wp-block-image size-large\"><a href=\"https:\/\/tonala.gob.mx\/portal\/wp-content\/uploads\/2025\/05\/3f9130ee-53a6-4880-b87e-4afdaf100c3b.jpg\"><img decoding=\"async\" width=\"1024\" height=\"768\" src=\"https:\/\/tonala.gob.mx\/portal\/wp-content\/uploads\/2025\/05\/3f9130ee-53a6-4880-b87e-4afdaf100c3b-1024x768.jpg\" alt=\"\" class=\"wp-image-37630\" srcset=\"https:\/\/tonala.gob.mx\/portal\/wp-content\/uploads\/2025\/05\/3f9130ee-53a6-4880-b87e-4afdaf100c3b-1024x768.jpg 1024w, https:\/\/tonala.gob.mx\/portal\/wp-content\/uploads\/2025\/05\/3f9130ee-53a6-4880-b87e-4afdaf100c3b-300x225.jpg 300w, https:\/\/tonala.gob.mx\/portal\/wp-content\/uploads\/2025\/05\/3f9130ee-53a6-4880-b87e-4afdaf100c3b-768x576.jpg 768w, https:\/\/tonala.gob.mx\/portal\/wp-content\/uploads\/2025\/05\/3f9130ee-53a6-4880-b87e-4afdaf100c3b-1536x1152.jpg 1536w, https:\/\/tonala.gob.mx\/portal\/wp-content\/uploads\/2025\/05\/3f9130ee-53a6-4880-b87e-4afdaf100c3b.jpg 1600w\" sizes=\"(max-width: 1024px) 100vw, 1024px\" \/><\/a><\/figure>\n","protected":false},"excerpt":{"rendered":"<p>En reconocimiento a la labor de los docentes del municipio, esta tarde el gobierno municipal entreg\u00f3 42 reconocimientos por 30,<\/p>\n","protected":false},"author":1,"featured_media":37631,"comment_status":"closed","ping_status":"open","sticky":false,"template":"","format":"standard","meta":{"colormag_page_container_layout":"default_layout","colormag_page_sidebar_layout":"default_layout","footnotes":""},"categories":[2],"tags":[],"class_list":["post-37628","post","type-post","status-publish","format-standard","has-post-thumbnail","hentry","category-comunicacion-social"],"_links":{"self":[{"href":"https:\/\/tonala.gob.mx\/portal\/wp-json\/wp\/v2\/posts\/37628","targetHints":{"allow":["GET"]}}],"collection":[{"href":"https:\/\/tonala.gob.mx\/portal\/wp-json\/wp\/v2\/posts"}],"about":[{"href":"https:\/\/tonala.gob.mx\/portal\/wp-json\/wp\/v2\/types\/post"}],"author":[{"embeddable":true,"href":"https:\/\/tonala.gob.mx\/portal\/wp-json\/wp\/v2\/users\/1"}],"replies":[{"embeddable":true,"href":"https:\/\/tonala.gob.mx\/portal\/wp-json\/wp\/v2\/comments?post=37628"}],"version-history":[{"count":1,"href":"https:\/\/tonala.gob.mx\/portal\/wp-json\/wp\/v2\/posts\/37628\/revisions"}],"predecessor-version":[{"id":37632,"href":"https:\/\/tonala.gob.mx\/portal\/wp-json\/wp\/v2\/posts\/37628\/revisions\/37632"}],"wp:featuredmedia":[{"embeddable":true,"href":"https:\/\/tonala.gob.mx\/portal\/wp-json\/wp\/v2\/media\/37631"}],"wp:attachment":[{"href":"https:\/\/tonala.gob.mx\/portal\/wp-json\/wp\/v2\/media?parent=37628"}],"wp:term":[{"taxonomy":"category","embeddable":true,"href":"https:\/\/tonala.gob.mx\/portal\/wp-json\/wp\/v2\/categories?post=37628"},{"taxonomy":"post_tag","embeddable":true,"href":"https:\/\/tonala.gob.mx\/portal\/wp-json\/wp\/v2\/tags?post=37628"}],"curies":[{"name":"wp","href":"https:\/\/api.w.org\/{rel}","templated":true}]}}