{"id":37553,"date":"2025-04-28T12:58:00","date_gmt":"2025-04-28T18:58:00","guid":{"rendered":"https:\/\/tonala.gob.mx\/portal\/?p=37553"},"modified":"2025-04-28T16:03:11","modified_gmt":"2025-04-28T22:03:11","slug":"saldo-blanco-en-el-operativo-vacacional-de-semana-santa-y-pascua-2025","status":"publish","type":"post","link":"https:\/\/tonala.gob.mx\/portal\/2025\/04\/28\/saldo-blanco-en-el-operativo-vacacional-de-semana-santa-y-pascua-2025\/","title":{"rendered":"Saldo blanco en el operativo vacacional de semana santa y pascua 2025"},"content":{"rendered":"\n<figure class=\"wp-block-image size-full\"><a href=\"https:\/\/tonala.gob.mx\/portal\/wp-content\/uploads\/2025\/04\/e6739ee2-2caf-44b4-bf78-90821a5c9e79.jpg\"><img fetchpriority=\"high\" decoding=\"async\" width=\"1600\" height=\"1200\" src=\"https:\/\/tonala.gob.mx\/portal\/wp-content\/uploads\/2025\/04\/e6739ee2-2caf-44b4-bf78-90821a5c9e79.jpg\" alt=\"\" class=\"wp-image-37555\" srcset=\"https:\/\/tonala.gob.mx\/portal\/wp-content\/uploads\/2025\/04\/e6739ee2-2caf-44b4-bf78-90821a5c9e79.jpg 1600w, https:\/\/tonala.gob.mx\/portal\/wp-content\/uploads\/2025\/04\/e6739ee2-2caf-44b4-bf78-90821a5c9e79-300x225.jpg 300w, https:\/\/tonala.gob.mx\/portal\/wp-content\/uploads\/2025\/04\/e6739ee2-2caf-44b4-bf78-90821a5c9e79-1024x768.jpg 1024w, https:\/\/tonala.gob.mx\/portal\/wp-content\/uploads\/2025\/04\/e6739ee2-2caf-44b4-bf78-90821a5c9e79-768x576.jpg 768w, https:\/\/tonala.gob.mx\/portal\/wp-content\/uploads\/2025\/04\/e6739ee2-2caf-44b4-bf78-90821a5c9e79-1536x1152.jpg 1536w\" sizes=\"(max-width: 1600px) 100vw, 1600px\" \/><\/a><\/figure>\n\n\n\n<p><strong>Resultados del Operativo de Semana Santa y de Pascua 2025<\/strong><\/p>\n\n\n\n<p>Este domingo 27 de abril, termin\u00f3 de manera oficial el Operativo Vacacional de <strong>SEMANA SANTA Y PASCUA 2025<\/strong>, se informa concluye en <strong>SALDO BLANCO<\/strong>, con una afluencia de familias y visitantes <strong>de m\u00e1s 43,000 personas<\/strong> en los diferentes centros de recreaci\u00f3n, culturales y eventos religiosos.&nbsp;<\/p>\n\n\n\n<p><strong>&nbsp;&nbsp;Destacando:<\/strong><\/p>\n\n\n\n<p><strong>1.<\/strong> Recorridos de vigilancia en las principales v\u00edas de acceso al municipio, plazas comerciales y centros de recreaci\u00f3n (balnearios y Presa El Ocotillo, destacando el rescate en la Barranca en \u201cLos Monos\u201d sanos y salvos)&nbsp;<\/p>\n\n\n\n<p><strong>2.<\/strong> \u2060Atenci\u00f3n eventos religiosos (marcha del silencio, lavatorio de pies y tradicional Viacrucis)<\/p>\n\n\n\n<p><strong>3.<\/strong> \u2060Atenci\u00f3n con personal del Taller Mec\u00e1nico de la Coordinaci\u00f3n brindando apoyo por fallas mec\u00e1nicas para un trayecto seguro.<\/p>\n\n\n\n<p><strong>4<\/strong>. \u2060Servicio Integral durante el Tradicional Torneo de F\u00fatbol de Semana Santa en Campo Oriente.<\/p>\n\n\n\n<p><strong>5.<\/strong> \u2060Apoyo intermunicipal en la Judea 2025 en San Mart\u00edn de las Flores en Tlaquepaque.<\/p>\n\n\n\n<p><strong>6<\/strong>. \u2060Labores de proximidad en coordinaci\u00f3n con personal de Guardia Nacional.<\/p>\n\n\n\n<p><strong>7.<\/strong> Atenci\u00f3n a familias durante el Recorrido de Guadalajara-Tepatitl\u00e1n 2025 con una afluencia de <strong>800 feligreses<\/strong>, donde se les brind\u00f3 vigilancia y apoyo de atenci\u00f3n Prehospitalaria para su trayecto seguro.<\/p>\n\n\n\n<p><strong>8.<\/strong> Se brind\u00f3 apoyo a una familia ya que su menor de 4 meses cay\u00f3 golpe\u00e1ndose en la cabeza y fue trasladada al hospital m\u00e1s cercano la cual se encuentra sana.<\/p>\n\n\n\n<p><strong>9.<\/strong> Se brind\u00f3 apoyo por veh\u00edculo volcado en camino a Matatl\u00e1n resultando ileso el tripulante (chofer).<\/p>\n\n\n\n<p><strong>10.<\/strong> Se brindaron atenciones m\u00e9dicas a personas mayores por descompensaci\u00f3n derivado del calor.<\/p>\n\n\n\n<p><strong>11<\/strong>. Se brind\u00f3 servicio integral en el tradicional evento D\u00cdA DEL TACO 2025 en el Paseo de los Guardianes.<\/p>\n\n\n\n<p>Estrategias de Prevenci\u00f3n y Seguridad implementadas durante estados dos semanas de periodo vacacional, con el estado de fuerza de personal y unidades de la Coordinaci\u00f3n del Gabinete de Seguridad, Emergencias y Movilidad que encabeza el Lic. Miguel Maga\u00f1a Orozco.<\/p>\n\n\n\n<figure class=\"wp-block-image size-large\"><a href=\"https:\/\/tonala.gob.mx\/portal\/wp-content\/uploads\/2025\/04\/cabd9027-0c06-4191-9ef3-d9dbf85856e7.jpg\"><img decoding=\"async\" width=\"1024\" height=\"768\" src=\"https:\/\/tonala.gob.mx\/portal\/wp-content\/uploads\/2025\/04\/cabd9027-0c06-4191-9ef3-d9dbf85856e7-1024x768.jpg\" alt=\"\" class=\"wp-image-37557\" srcset=\"https:\/\/tonala.gob.mx\/portal\/wp-content\/uploads\/2025\/04\/cabd9027-0c06-4191-9ef3-d9dbf85856e7-1024x768.jpg 1024w, https:\/\/tonala.gob.mx\/portal\/wp-content\/uploads\/2025\/04\/cabd9027-0c06-4191-9ef3-d9dbf85856e7-300x225.jpg 300w, https:\/\/tonala.gob.mx\/portal\/wp-content\/uploads\/2025\/04\/cabd9027-0c06-4191-9ef3-d9dbf85856e7-768x576.jpg 768w, https:\/\/tonala.gob.mx\/portal\/wp-content\/uploads\/2025\/04\/cabd9027-0c06-4191-9ef3-d9dbf85856e7-1536x1152.jpg 1536w, https:\/\/tonala.gob.mx\/portal\/wp-content\/uploads\/2025\/04\/cabd9027-0c06-4191-9ef3-d9dbf85856e7.jpg 1600w\" sizes=\"(max-width: 1024px) 100vw, 1024px\" \/><\/a><\/figure>\n","protected":false},"excerpt":{"rendered":"<p>Resultados del Operativo de Semana Santa y de Pascua 2025 Este domingo 27 de abril, termin\u00f3 de manera oficial el<\/p>\n","protected":false},"author":1,"featured_media":37557,"comment_status":"closed","ping_status":"open","sticky":false,"template":"","format":"standard","meta":{"colormag_page_container_layout":"default_layout","colormag_page_sidebar_layout":"default_layout","footnotes":""},"categories":[2],"tags":[],"class_list":["post-37553","post","type-post","status-publish","format-standard","has-post-thumbnail","hentry","category-comunicacion-social"],"_links":{"self":[{"href":"https:\/\/tonala.gob.mx\/portal\/wp-json\/wp\/v2\/posts\/37553","targetHints":{"allow":["GET"]}}],"collection":[{"href":"https:\/\/tonala.gob.mx\/portal\/wp-json\/wp\/v2\/posts"}],"about":[{"href":"https:\/\/tonala.gob.mx\/portal\/wp-json\/wp\/v2\/types\/post"}],"author":[{"embeddable":true,"href":"https:\/\/tonala.gob.mx\/portal\/wp-json\/wp\/v2\/users\/1"}],"replies":[{"embeddable":true,"href":"https:\/\/tonala.gob.mx\/portal\/wp-json\/wp\/v2\/comments?post=37553"}],"version-history":[{"count":1,"href":"https:\/\/tonala.gob.mx\/portal\/wp-json\/wp\/v2\/posts\/37553\/revisions"}],"predecessor-version":[{"id":37558,"href":"https:\/\/tonala.gob.mx\/portal\/wp-json\/wp\/v2\/posts\/37553\/revisions\/37558"}],"wp:featuredmedia":[{"embeddable":true,"href":"https:\/\/tonala.gob.mx\/portal\/wp-json\/wp\/v2\/media\/37557"}],"wp:attachment":[{"href":"https:\/\/tonala.gob.mx\/portal\/wp-json\/wp\/v2\/media?parent=37553"}],"wp:term":[{"taxonomy":"category","embeddable":true,"href":"https:\/\/tonala.gob.mx\/portal\/wp-json\/wp\/v2\/categories?post=37553"},{"taxonomy":"post_tag","embeddable":true,"href":"https:\/\/tonala.gob.mx\/portal\/wp-json\/wp\/v2\/tags?post=37553"}],"curies":[{"name":"wp","href":"https:\/\/api.w.org\/{rel}","templated":true}]}}