{"id":37544,"date":"2025-04-22T16:08:35","date_gmt":"2025-04-22T22:08:35","guid":{"rendered":"https:\/\/tonala.gob.mx\/portal\/?p=37544"},"modified":"2025-04-23T16:11:27","modified_gmt":"2025-04-23T22:11:27","slug":"tonala-se-coloca-en-el-primer-lugar-nacional-en-disminucion-porcentual-de-percepcion-de-inseguridad","status":"publish","type":"post","link":"https:\/\/tonala.gob.mx\/portal\/2025\/04\/22\/tonala-se-coloca-en-el-primer-lugar-nacional-en-disminucion-porcentual-de-percepcion-de-inseguridad\/","title":{"rendered":"TONAL\u00c1 SE COLOCA EN EL PRIMER LUGAR NACIONAL EN DISMINUCI\u00d3N PORCENTUAL DE PERCEPCI\u00d3N DE INSEGURIDAD"},"content":{"rendered":"\n<figure class=\"wp-block-image size-large\"><a href=\"https:\/\/tonala.gob.mx\/portal\/wp-content\/uploads\/2025\/04\/cc7a0672-c42d-4581-b05e-0c46e6c8cbb8-1.jpg\"><img fetchpriority=\"high\" decoding=\"async\" width=\"1024\" height=\"672\" src=\"https:\/\/tonala.gob.mx\/portal\/wp-content\/uploads\/2025\/04\/cc7a0672-c42d-4581-b05e-0c46e6c8cbb8-1-1024x672.jpg\" alt=\"\" class=\"wp-image-37545\" srcset=\"https:\/\/tonala.gob.mx\/portal\/wp-content\/uploads\/2025\/04\/cc7a0672-c42d-4581-b05e-0c46e6c8cbb8-1-1024x672.jpg 1024w, https:\/\/tonala.gob.mx\/portal\/wp-content\/uploads\/2025\/04\/cc7a0672-c42d-4581-b05e-0c46e6c8cbb8-1-300x197.jpg 300w, https:\/\/tonala.gob.mx\/portal\/wp-content\/uploads\/2025\/04\/cc7a0672-c42d-4581-b05e-0c46e6c8cbb8-1-768x504.jpg 768w, https:\/\/tonala.gob.mx\/portal\/wp-content\/uploads\/2025\/04\/cc7a0672-c42d-4581-b05e-0c46e6c8cbb8-1.jpg 1280w\" sizes=\"(max-width: 1024px) 100vw, 1024px\" \/><\/a><\/figure>\n\n\n\n<p>En el \u00faltimo a\u00f1o, Tonal\u00e1, Jalisco, se coloc\u00f3 en el primer lugar en la disminuci\u00f3n de la percepci\u00f3n de Inseguridad, seg\u00fan datos que arroja la Encuesta Nacional de Seguridad P\u00fablica Urbana (ENSU), que realiza el INEGI&nbsp;<\/p>\n\n\n\n<p>Este resultado se da gracias al trabajo y esfuerzo desplegado por las dependencias que integran el Gabinete de Seguridad, Emergencias y Movilidad, a cargo del licenciado Miguel Maga\u00f1a Orozco, y cuya creaci\u00f3n se dio a instancia del presidente municipal, Sergio Ch\u00e1vez D\u00e1valos&nbsp;<\/p>\n\n\n\n<p>Seg\u00fan las encuestas, Tonal\u00e1 ha venido disminuyendo la percepci\u00f3n de inseguridad paulatinamente, de tal suerte que, en septiembre del a\u00f1o 2021, los n\u00fameros estaban en 78.8 y a marzo de 2025 descendieron a 51.5, lo que coloca al municipio alfarero a nivel nacional como el que logr\u00f3 la mayor disminuci\u00f3n porcentual.<\/p>\n\n\n\n<p>Cabe recordar que el trienio anterior estuvo encabezado por Ch\u00e1vez D\u00e1valos y el responsable del gabinete de seguridad era, tambi\u00e9n, Maga\u00f1a Orozco, quien con la conjunci\u00f3n de dependencias como Seguridad Publica, Protecci\u00f3n Civil y Bomberos, Movilidad y unidades prehospitalarias ha logrado optimizar recursos humanos y materiales para alcanzar mejores resultados.&nbsp;&nbsp;&nbsp;<\/p>\n\n\n\n<figure class=\"wp-block-image size-large\"><a href=\"https:\/\/tonala.gob.mx\/portal\/wp-content\/uploads\/2025\/04\/262aef45-3349-49fb-9d9f-604ceb108e50.jpg\"><img decoding=\"async\" width=\"1024\" height=\"1016\" src=\"https:\/\/tonala.gob.mx\/portal\/wp-content\/uploads\/2025\/04\/262aef45-3349-49fb-9d9f-604ceb108e50-1024x1016.jpg\" alt=\"\" class=\"wp-image-37546\" srcset=\"https:\/\/tonala.gob.mx\/portal\/wp-content\/uploads\/2025\/04\/262aef45-3349-49fb-9d9f-604ceb108e50-1024x1016.jpg 1024w, https:\/\/tonala.gob.mx\/portal\/wp-content\/uploads\/2025\/04\/262aef45-3349-49fb-9d9f-604ceb108e50-300x298.jpg 300w, https:\/\/tonala.gob.mx\/portal\/wp-content\/uploads\/2025\/04\/262aef45-3349-49fb-9d9f-604ceb108e50-150x150.jpg 150w, https:\/\/tonala.gob.mx\/portal\/wp-content\/uploads\/2025\/04\/262aef45-3349-49fb-9d9f-604ceb108e50-768x762.jpg 768w, https:\/\/tonala.gob.mx\/portal\/wp-content\/uploads\/2025\/04\/262aef45-3349-49fb-9d9f-604ceb108e50.jpg 1072w\" sizes=\"(max-width: 1024px) 100vw, 1024px\" \/><\/a><\/figure>\n\n\n\n<p>De la encuesta emitida este d\u00eda por el INEGI, el alcalde Ch\u00e1vez D\u00e1valos se\u00f1al\u00f3: \u201ces el reflejo de un trabajo que hemos venido haciendo los \u00faltimos cuarenta meses que llevamos en la administraci\u00f3n y que a mi me da \u00e1nimo para seguirle invirtiendo, seguir revisando todos los d\u00edas para que estos niveles no suban y que tengamos un Tonal\u00e1 tranquilizado y con orden\u201d.<\/p>\n","protected":false},"excerpt":{"rendered":"<p>En el \u00faltimo a\u00f1o, Tonal\u00e1, Jalisco, se coloc\u00f3 en el primer lugar en la disminuci\u00f3n de la percepci\u00f3n de Inseguridad,<\/p>\n","protected":false},"author":1,"featured_media":37547,"comment_status":"closed","ping_status":"open","sticky":false,"template":"","format":"standard","meta":{"colormag_page_container_layout":"default_layout","colormag_page_sidebar_layout":"default_layout","footnotes":""},"categories":[2],"tags":[],"class_list":["post-37544","post","type-post","status-publish","format-standard","has-post-thumbnail","hentry","category-comunicacion-social"],"_links":{"self":[{"href":"https:\/\/tonala.gob.mx\/portal\/wp-json\/wp\/v2\/posts\/37544","targetHints":{"allow":["GET"]}}],"collection":[{"href":"https:\/\/tonala.gob.mx\/portal\/wp-json\/wp\/v2\/posts"}],"about":[{"href":"https:\/\/tonala.gob.mx\/portal\/wp-json\/wp\/v2\/types\/post"}],"author":[{"embeddable":true,"href":"https:\/\/tonala.gob.mx\/portal\/wp-json\/wp\/v2\/users\/1"}],"replies":[{"embeddable":true,"href":"https:\/\/tonala.gob.mx\/portal\/wp-json\/wp\/v2\/comments?post=37544"}],"version-history":[{"count":1,"href":"https:\/\/tonala.gob.mx\/portal\/wp-json\/wp\/v2\/posts\/37544\/revisions"}],"predecessor-version":[{"id":37548,"href":"https:\/\/tonala.gob.mx\/portal\/wp-json\/wp\/v2\/posts\/37544\/revisions\/37548"}],"wp:featuredmedia":[{"embeddable":true,"href":"https:\/\/tonala.gob.mx\/portal\/wp-json\/wp\/v2\/media\/37547"}],"wp:attachment":[{"href":"https:\/\/tonala.gob.mx\/portal\/wp-json\/wp\/v2\/media?parent=37544"}],"wp:term":[{"taxonomy":"category","embeddable":true,"href":"https:\/\/tonala.gob.mx\/portal\/wp-json\/wp\/v2\/categories?post=37544"},{"taxonomy":"post_tag","embeddable":true,"href":"https:\/\/tonala.gob.mx\/portal\/wp-json\/wp\/v2\/tags?post=37544"}],"curies":[{"name":"wp","href":"https:\/\/api.w.org\/{rel}","templated":true}]}}