{"id":37538,"date":"2025-04-11T14:38:44","date_gmt":"2025-04-11T20:38:44","guid":{"rendered":"https:\/\/tonala.gob.mx\/portal\/?p=37538"},"modified":"2025-04-11T14:38:44","modified_gmt":"2025-04-11T20:38:44","slug":"arranco-operativo-vacacional-semana-santa-y-pascua","status":"publish","type":"post","link":"https:\/\/tonala.gob.mx\/portal\/2025\/04\/11\/arranco-operativo-vacacional-semana-santa-y-pascua\/","title":{"rendered":"ARRANC\u00d3 OPERATIVO VACACIONAL SEMANA SANTA Y PASCUA"},"content":{"rendered":"\n<figure class=\"wp-block-image size-large\"><a href=\"https:\/\/tonala.gob.mx\/portal\/wp-content\/uploads\/2025\/04\/5ab705be-740b-4c6e-9167-aa8c4c4e9e40.jpg\"><img fetchpriority=\"high\" decoding=\"async\" width=\"1024\" height=\"683\" src=\"https:\/\/tonala.gob.mx\/portal\/wp-content\/uploads\/2025\/04\/5ab705be-740b-4c6e-9167-aa8c4c4e9e40-1024x683.jpg\" alt=\"\" class=\"wp-image-37539\" srcset=\"https:\/\/tonala.gob.mx\/portal\/wp-content\/uploads\/2025\/04\/5ab705be-740b-4c6e-9167-aa8c4c4e9e40-1024x683.jpg 1024w, https:\/\/tonala.gob.mx\/portal\/wp-content\/uploads\/2025\/04\/5ab705be-740b-4c6e-9167-aa8c4c4e9e40-300x200.jpg 300w, https:\/\/tonala.gob.mx\/portal\/wp-content\/uploads\/2025\/04\/5ab705be-740b-4c6e-9167-aa8c4c4e9e40-768x512.jpg 768w, https:\/\/tonala.gob.mx\/portal\/wp-content\/uploads\/2025\/04\/5ab705be-740b-4c6e-9167-aa8c4c4e9e40-1536x1024.jpg 1536w, https:\/\/tonala.gob.mx\/portal\/wp-content\/uploads\/2025\/04\/5ab705be-740b-4c6e-9167-aa8c4c4e9e40.jpg 1560w\" sizes=\"(max-width: 1024px) 100vw, 1024px\" \/><\/a><\/figure>\n\n\n\n<p>Con el prop\u00f3sito y la encomienda de lograr saldo blanco durante el periodo vacacional de semana Santa y Pascua, arranc\u00f3 en Tonal\u00e1 el operativo preventivo en el que participan dependencias de la federaci\u00f3n, estado y municipio.&nbsp;<\/p>\n\n\n\n<p>El banderazo de arranque lo dieron el presidente municipal Sergio Ch\u00e1vez D\u00e1valos y el coordinador del gabinete de seguridad emergencias y movilidad, Miguel Maga\u00f1a Orozco, acompa\u00f1ados de representantes de la guardia nacional, protecci\u00f3n civil y movilidad estatal.<\/p>\n\n\n\n<figure class=\"wp-block-image size-large\"><a href=\"https:\/\/tonala.gob.mx\/portal\/wp-content\/uploads\/2025\/04\/71ef5591-daf6-451e-bd9c-47fcf5672aca.jpg\"><img decoding=\"async\" width=\"1024\" height=\"683\" src=\"https:\/\/tonala.gob.mx\/portal\/wp-content\/uploads\/2025\/04\/71ef5591-daf6-451e-bd9c-47fcf5672aca-1024x683.jpg\" alt=\"\" class=\"wp-image-37540\" srcset=\"https:\/\/tonala.gob.mx\/portal\/wp-content\/uploads\/2025\/04\/71ef5591-daf6-451e-bd9c-47fcf5672aca-1024x683.jpg 1024w, https:\/\/tonala.gob.mx\/portal\/wp-content\/uploads\/2025\/04\/71ef5591-daf6-451e-bd9c-47fcf5672aca-300x200.jpg 300w, https:\/\/tonala.gob.mx\/portal\/wp-content\/uploads\/2025\/04\/71ef5591-daf6-451e-bd9c-47fcf5672aca-768x512.jpg 768w, https:\/\/tonala.gob.mx\/portal\/wp-content\/uploads\/2025\/04\/71ef5591-daf6-451e-bd9c-47fcf5672aca-1536x1024.jpg 1536w, https:\/\/tonala.gob.mx\/portal\/wp-content\/uploads\/2025\/04\/71ef5591-daf6-451e-bd9c-47fcf5672aca.jpg 1560w\" sizes=\"(max-width: 1024px) 100vw, 1024px\" \/><\/a><\/figure>\n\n\n\n<p>El discurso oficial estuvo a cargo de Miguel Maga\u00f1a, en cual expres\u00f3: \u201c<em>Nuestro Presidente Municipal Sergio Ch\u00e1vez, nos pide saldo blanco en Semana Santa y en la de Pascua y unidos lo vamos a lograr con este Operativo, sin descuidar la proximidad social, reforzaremos la vigilancia en las m\u00e1s de 480 colonias de Tonal\u00e1. En salidas, ingresos, perif\u00e9rico, avenidas, maxi pista, v\u00edas r\u00e1pidas. En lugares de mayor flujo vehicular, afluencia tur\u00edstica y donde se realicen actividades religiosas, culturales o recreativas. Garantizando la seguridad y protecci\u00f3n de la poblaci\u00f3n y su patrimonio\u201d<\/em>.&nbsp;<\/p>\n\n\n\n<p>As\u00ed mismo dijo que se dispondr\u00e1 de un estado de fuerza municipal de 642 elementos y 113 unidades, 450 polic\u00edas de la Comisar\u00eda, 55 unidades, 10 motos y 10 bicicletas. Protecci\u00f3n Civil, 120 bomberos y 17 unidades, Jefatura Operativa Prehospitalaria 50 param\u00e9dicos, 09 ambulancias, 03 motos y 01 pick up; Movilidad 22 agentes, 03 unidades, 02 motocicletas, 02 bicicletas y 01 gr\u00faa.&nbsp;<\/p>\n","protected":false},"excerpt":{"rendered":"<p>Con el prop\u00f3sito y la encomienda de lograr saldo blanco durante el periodo vacacional de semana Santa y Pascua, arranc\u00f3<\/p>\n","protected":false},"author":1,"featured_media":37541,"comment_status":"closed","ping_status":"open","sticky":false,"template":"","format":"standard","meta":{"colormag_page_container_layout":"default_layout","colormag_page_sidebar_layout":"default_layout","footnotes":""},"categories":[2],"tags":[],"class_list":["post-37538","post","type-post","status-publish","format-standard","has-post-thumbnail","hentry","category-comunicacion-social"],"_links":{"self":[{"href":"https:\/\/tonala.gob.mx\/portal\/wp-json\/wp\/v2\/posts\/37538","targetHints":{"allow":["GET"]}}],"collection":[{"href":"https:\/\/tonala.gob.mx\/portal\/wp-json\/wp\/v2\/posts"}],"about":[{"href":"https:\/\/tonala.gob.mx\/portal\/wp-json\/wp\/v2\/types\/post"}],"author":[{"embeddable":true,"href":"https:\/\/tonala.gob.mx\/portal\/wp-json\/wp\/v2\/users\/1"}],"replies":[{"embeddable":true,"href":"https:\/\/tonala.gob.mx\/portal\/wp-json\/wp\/v2\/comments?post=37538"}],"version-history":[{"count":1,"href":"https:\/\/tonala.gob.mx\/portal\/wp-json\/wp\/v2\/posts\/37538\/revisions"}],"predecessor-version":[{"id":37542,"href":"https:\/\/tonala.gob.mx\/portal\/wp-json\/wp\/v2\/posts\/37538\/revisions\/37542"}],"wp:featuredmedia":[{"embeddable":true,"href":"https:\/\/tonala.gob.mx\/portal\/wp-json\/wp\/v2\/media\/37541"}],"wp:attachment":[{"href":"https:\/\/tonala.gob.mx\/portal\/wp-json\/wp\/v2\/media?parent=37538"}],"wp:term":[{"taxonomy":"category","embeddable":true,"href":"https:\/\/tonala.gob.mx\/portal\/wp-json\/wp\/v2\/categories?post=37538"},{"taxonomy":"post_tag","embeddable":true,"href":"https:\/\/tonala.gob.mx\/portal\/wp-json\/wp\/v2\/tags?post=37538"}],"curies":[{"name":"wp","href":"https:\/\/api.w.org\/{rel}","templated":true}]}}