{"id":37532,"date":"2025-04-10T18:33:00","date_gmt":"2025-04-11T00:33:00","guid":{"rendered":"https:\/\/tonala.gob.mx\/portal\/?p=37532"},"modified":"2025-04-11T14:39:33","modified_gmt":"2025-04-11T20:39:33","slug":"se-aprueban-programas-municipales-para-la-igualdad-sustantiva-de-genero-y-erradicar-la-violencia-contra-las-mujeres-de-tonala","status":"publish","type":"post","link":"https:\/\/tonala.gob.mx\/portal\/2025\/04\/10\/se-aprueban-programas-municipales-para-la-igualdad-sustantiva-de-genero-y-erradicar-la-violencia-contra-las-mujeres-de-tonala\/","title":{"rendered":"SE APRUEBAN PROGRAMAS MUNICIPALES PARA LA IGUALDAD SUSTANTIVA DE G\u00c9NERO Y ERRADICAR LA VIOLENCIA CONTRA LAS MUJERES DE TONAL\u00c1"},"content":{"rendered":"\n<figure class=\"wp-block-image size-large\"><a href=\"https:\/\/tonala.gob.mx\/portal\/wp-content\/uploads\/2025\/04\/50772c69-f801-4db5-81a9-37cf595c527e.jpg\"><img fetchpriority=\"high\" decoding=\"async\" width=\"1024\" height=\"682\" src=\"https:\/\/tonala.gob.mx\/portal\/wp-content\/uploads\/2025\/04\/50772c69-f801-4db5-81a9-37cf595c527e-1024x682.jpg\" alt=\"\" class=\"wp-image-37533\" srcset=\"https:\/\/tonala.gob.mx\/portal\/wp-content\/uploads\/2025\/04\/50772c69-f801-4db5-81a9-37cf595c527e-1024x682.jpg 1024w, https:\/\/tonala.gob.mx\/portal\/wp-content\/uploads\/2025\/04\/50772c69-f801-4db5-81a9-37cf595c527e-300x200.jpg 300w, https:\/\/tonala.gob.mx\/portal\/wp-content\/uploads\/2025\/04\/50772c69-f801-4db5-81a9-37cf595c527e-768x512.jpg 768w, https:\/\/tonala.gob.mx\/portal\/wp-content\/uploads\/2025\/04\/50772c69-f801-4db5-81a9-37cf595c527e-1536x1023.jpg 1536w, https:\/\/tonala.gob.mx\/portal\/wp-content\/uploads\/2025\/04\/50772c69-f801-4db5-81a9-37cf595c527e.jpg 1600w\" sizes=\"(max-width: 1024px) 100vw, 1024px\" \/><\/a><\/figure>\n\n\n\n<p>Esta ma\u00f1ana se llev\u00f3&nbsp; a cabo la primera sesi\u00f3n conjunta extraordinaria del Instituto Municipal de la Mujer, donde se aprobaron los Programas municipales para la Igualdad Sustantiva entre Mujeres y hombres de Tonal\u00e1, Jalisco, as\u00ed como el Sistema Municipal para prevenir, atender, sancionar y erradicar la violencia contra las mujeres de Tonal\u00e1, Jalisco 2024-2027.<\/p>\n\n\n\n<p>El Sistema Municipal para la Igualdad Sustantiva entre Mujeres y Hombres de Tonal\u00e1, Jalisco, tiene como objetivo incorporar las herramientas institucionales 13 existentes para atender la problem\u00e1tica en materia de desigualdad y discriminaci\u00f3n. En este sentido, el gobierno municipal cuenta con el Sistema Municipal para la Igualdad Sustantiva entre Mujeres y Hombres, un mecanismo de articulaci\u00f3n entre diversas dependencias municipales y el cabildo para dise\u00f1ar, implementar y evaluar pol\u00edticas p\u00fablicas que garanticen la igualdad sustantiva y la no discriminaci\u00f3n por raz\u00f3n de g\u00e9nero.<\/p>\n\n\n\n<p>Las trece dependencias que est\u00e1n dentro de este programa son: La Secretar\u00eda General del Ayuntamiento, Regidur\u00edas de diversas comisiones edilicias (Igualdad Sustantiva y Derechos Humanos; Gobernaci\u00f3n, Justicia, Asuntos Metropolitanos y Fortalecimiento Municipal; Bienestar, Desarrollo, Asistencia Social y Familiar; y Reglamentos, Puntos Constitucionales, Administraci\u00f3n y Planeaci\u00f3n Legislativa), Direcci\u00f3n General de Bienestar Social, &nbsp; Direcci\u00f3n General de Atracci\u00f3n a la Inversi\u00f3n,&nbsp; Comisar\u00eda de Seguridad P\u00fablica, Hacienda Municipal, Jefatura de la Agenda para el Desarrollo Municipal,&nbsp; Direcci\u00f3n de Educaci\u00f3n, El Instituto Municipal de Alternativas para los J\u00f3venes, Direcci\u00f3n de Participaci\u00f3n Ciudadana, Direcci\u00f3n de Servicios M\u00e9dicos Municipales, Direcci\u00f3n General de Administraci\u00f3n y Desarrollo Humano, OPD Servicios de Salud Municipal de Tonal\u00e1, Jalisco.<\/p>\n\n\n\n<p>La creaci\u00f3n y fortalecimiento de las Unidades de G\u00e9nero y No Discriminaci\u00f3n representa un avance significativo en la consolidaci\u00f3n de una administraci\u00f3n municipal comprometida con la igualdad sustantiva. Estas unidades no s\u00f3lo garantizaran la transversalizaci\u00f3n de la perspectiva de g\u00e9nero en todas las dependencias, sino que tambi\u00e9n impulsan un cambio estructural en la cultura organizacional del gobierno municipal, promoviendo la equidad, la diversidad y el respeto por los derechos humanos. A trav\u00e9s de su labor, el municipio de Tonal\u00e1 refuerza su compromiso con la no discriminaci\u00f3n y la construcci\u00f3n de un entorno m\u00e1s justo e incluyente, en el que todas las personas, sin distinci\u00f3n de g\u00e9nero, puedan ejercer plenamente sus derechos y contribuir al desarrollo del municipio.<\/p>\n\n\n\n<figure class=\"wp-block-image size-large\"><a href=\"https:\/\/tonala.gob.mx\/portal\/wp-content\/uploads\/2025\/04\/2ee0df79-1d47-4767-a485-52e0de982024-1.jpg\"><img decoding=\"async\" width=\"1024\" height=\"683\" src=\"https:\/\/tonala.gob.mx\/portal\/wp-content\/uploads\/2025\/04\/2ee0df79-1d47-4767-a485-52e0de982024-1-1024x683.jpg\" alt=\"\" class=\"wp-image-37534\" srcset=\"https:\/\/tonala.gob.mx\/portal\/wp-content\/uploads\/2025\/04\/2ee0df79-1d47-4767-a485-52e0de982024-1-1024x683.jpg 1024w, https:\/\/tonala.gob.mx\/portal\/wp-content\/uploads\/2025\/04\/2ee0df79-1d47-4767-a485-52e0de982024-1-300x200.jpg 300w, https:\/\/tonala.gob.mx\/portal\/wp-content\/uploads\/2025\/04\/2ee0df79-1d47-4767-a485-52e0de982024-1-768x512.jpg 768w, https:\/\/tonala.gob.mx\/portal\/wp-content\/uploads\/2025\/04\/2ee0df79-1d47-4767-a485-52e0de982024-1-1536x1024.jpg 1536w, https:\/\/tonala.gob.mx\/portal\/wp-content\/uploads\/2025\/04\/2ee0df79-1d47-4767-a485-52e0de982024-1.jpg 1560w\" sizes=\"(max-width: 1024px) 100vw, 1024px\" \/><\/a><\/figure>\n\n\n\n<p>Estas estrategias permitir\u00e1n una difusi\u00f3n efectiva del programa y una evaluaci\u00f3n rigurosa de sus acciones, garantizando la transparencia y el cumplimiento de sus objetivos en la construcci\u00f3n de un Tonal\u00e1 m\u00e1s igualitario.<\/p>\n\n\n\n<p>El Programa Integral para Prevenir, Atender, Sancionar y Erradicar la Violencia contra las Mujeres en Tonal\u00e1, Jalisco 2024 \u2013 2027. Tiene como objetivo principal implementar estrategias y acciones que promuevan la prevenci\u00f3n de la violencia, la protecci\u00f3n de las v\u00edctimas, la sanci\u00f3n de los agresores y la transformaci\u00f3n de las condiciones estructurales que perpet\u00faan la desigualdad de g\u00e9nero.<\/p>\n\n\n\n<p>El dise\u00f1o de este programa se fundamenta en un enfoque integral y multidisciplinario que articula los esfuerzos de los distintos niveles de gobierno, dependencias del Ayuntamiento de Tonal\u00e1 y la sociedad en general, donde busca atender las causas ra\u00edz de la violencia mediante la sensibilizaci\u00f3n, la educaci\u00f3n y la promoci\u00f3n de valores que fomenten la igualdad y el respeto entre hombres y mujeres. Adem\u00e1s, se prioriza la generaci\u00f3n de mecanismos de atenci\u00f3n accesibles, eficaces y centrados en las necesidades de las mujeres en situaci\u00f3n de violencia, garantizando as\u00ed una respuesta oportuna y eficiente.<\/p>\n\n\n\n<p>Dicho programa representa no solo una herramienta clave para combatir la violencia de g\u00e9nero, sino tambi\u00e9n un paso firme hacia la construcci\u00f3n de un municipio m\u00e1s justo, igualitario y libre de violencia. Por lo que el gobierno municipal har\u00e1 una invitaci\u00f3n a todos los sectores de la sociedad tonalteca a sumarse a esta causa, reconociendo que el combate a la violencia contra las mujeres es una responsabilidad colectiva y una condici\u00f3n indispensable para el desarrollo sostenible y el bienestar de toda la comunidad.<\/p>\n\n\n\n<p>Tonal\u00e1 se ubica en el quinto lugar estatal con el 8.495% de las personas v\u00edctimas de violencia en Jalisco, seg\u00fan la Fiscal\u00eda del Estado.&nbsp;<\/p>\n\n\n\n<figure class=\"wp-block-image size-large\"><a href=\"https:\/\/tonala.gob.mx\/portal\/wp-content\/uploads\/2025\/04\/150244da-c5a3-463f-a4d1-361f225f2dea.jpg\"><img decoding=\"async\" width=\"1024\" height=\"683\" src=\"https:\/\/tonala.gob.mx\/portal\/wp-content\/uploads\/2025\/04\/150244da-c5a3-463f-a4d1-361f225f2dea-1024x683.jpg\" alt=\"\" class=\"wp-image-37535\" srcset=\"https:\/\/tonala.gob.mx\/portal\/wp-content\/uploads\/2025\/04\/150244da-c5a3-463f-a4d1-361f225f2dea-1024x683.jpg 1024w, https:\/\/tonala.gob.mx\/portal\/wp-content\/uploads\/2025\/04\/150244da-c5a3-463f-a4d1-361f225f2dea-300x200.jpg 300w, https:\/\/tonala.gob.mx\/portal\/wp-content\/uploads\/2025\/04\/150244da-c5a3-463f-a4d1-361f225f2dea-768x512.jpg 768w, https:\/\/tonala.gob.mx\/portal\/wp-content\/uploads\/2025\/04\/150244da-c5a3-463f-a4d1-361f225f2dea-1536x1024.jpg 1536w, https:\/\/tonala.gob.mx\/portal\/wp-content\/uploads\/2025\/04\/150244da-c5a3-463f-a4d1-361f225f2dea.jpg 1560w\" sizes=\"(max-width: 1024px) 100vw, 1024px\" \/><\/a><\/figure>\n\n\n\n<p>En el presente Programa Integral, se analizar\u00e1 la violencia en raz\u00f3n de g\u00e9nero en el Municipio, con los datos estad\u00edsticos de la mesa de Seguridad de alto nivel para el mapeo territorial de la fiscal\u00eda del Estado de Jalisco y la Secretaria de Igualdad Sustantiva entre Mujeres y Hombres, tomando como referencia el \u00faltimo informe, que comprende el mes de Junio de 2024, para generar un par\u00e1metro de los \u00edndices del municipio del 2024 al 2027.<\/p>\n\n\n\n<p>Es importante mencionar que se rendir\u00e1n informes sobre este programa, para que se puedan reflejar datos estad\u00edsticos, sobre Violencia intrafamiliar, Abuso Sexual Infantil y muertes violentas.<\/p>\n","protected":false},"excerpt":{"rendered":"<p>Esta ma\u00f1ana se llev\u00f3&nbsp; a cabo la primera sesi\u00f3n conjunta extraordinaria del Instituto Municipal de la Mujer, donde se aprobaron<\/p>\n","protected":false},"author":1,"featured_media":37536,"comment_status":"closed","ping_status":"open","sticky":false,"template":"","format":"standard","meta":{"colormag_page_container_layout":"default_layout","colormag_page_sidebar_layout":"default_layout","footnotes":""},"categories":[2],"tags":[],"class_list":["post-37532","post","type-post","status-publish","format-standard","has-post-thumbnail","hentry","category-comunicacion-social"],"_links":{"self":[{"href":"https:\/\/tonala.gob.mx\/portal\/wp-json\/wp\/v2\/posts\/37532","targetHints":{"allow":["GET"]}}],"collection":[{"href":"https:\/\/tonala.gob.mx\/portal\/wp-json\/wp\/v2\/posts"}],"about":[{"href":"https:\/\/tonala.gob.mx\/portal\/wp-json\/wp\/v2\/types\/post"}],"author":[{"embeddable":true,"href":"https:\/\/tonala.gob.mx\/portal\/wp-json\/wp\/v2\/users\/1"}],"replies":[{"embeddable":true,"href":"https:\/\/tonala.gob.mx\/portal\/wp-json\/wp\/v2\/comments?post=37532"}],"version-history":[{"count":1,"href":"https:\/\/tonala.gob.mx\/portal\/wp-json\/wp\/v2\/posts\/37532\/revisions"}],"predecessor-version":[{"id":37537,"href":"https:\/\/tonala.gob.mx\/portal\/wp-json\/wp\/v2\/posts\/37532\/revisions\/37537"}],"wp:featuredmedia":[{"embeddable":true,"href":"https:\/\/tonala.gob.mx\/portal\/wp-json\/wp\/v2\/media\/37536"}],"wp:attachment":[{"href":"https:\/\/tonala.gob.mx\/portal\/wp-json\/wp\/v2\/media?parent=37532"}],"wp:term":[{"taxonomy":"category","embeddable":true,"href":"https:\/\/tonala.gob.mx\/portal\/wp-json\/wp\/v2\/categories?post=37532"},{"taxonomy":"post_tag","embeddable":true,"href":"https:\/\/tonala.gob.mx\/portal\/wp-json\/wp\/v2\/tags?post=37532"}],"curies":[{"name":"wp","href":"https:\/\/api.w.org\/{rel}","templated":true}]}}