{"id":37517,"date":"2025-04-06T21:48:00","date_gmt":"2025-04-07T03:48:00","guid":{"rendered":"https:\/\/tonala.gob.mx\/portal\/?p=37517"},"modified":"2025-04-07T09:53:24","modified_gmt":"2025-04-07T15:53:24","slug":"arranca-sistema-de-aseo-y-limpia-municipal","status":"publish","type":"post","link":"https:\/\/tonala.gob.mx\/portal\/2025\/04\/06\/arranca-sistema-de-aseo-y-limpia-municipal\/","title":{"rendered":"ARRANCA SISTEMA DE ASEO Y LIMPIA MUNICIPAL"},"content":{"rendered":"\n<p>Sergio Ch\u00e1vez D\u00e1valos, presidente municipal de Tonal\u00e1, dio este d\u00eda el banderazo de arranque al nuevo sistema de aseo y limpia del municipio, al asumir el gobierno municipal el 100 por ciento de la responsabilidad de la recolecci\u00f3n de la basura dom\u00e9stica, despu\u00e9s de 20 a\u00f1os que este servicio estuvo concesionado con la empresa Caabsa.<\/p>\n\n\n\n<p>Las unidades salieron a su ruta desde las instalaciones de la estaci\u00f3n de transferencia Tonal\u00e1-Oriente, un total de 40 camiones para cubrir 64 rutas en las 500 colonias que tiene el municipio tonalteca en el que se generan alrededor de 500 toneladas de residuos por d\u00eda.<\/p>\n\n\n\n<figure class=\"wp-block-image size-large\"><a href=\"https:\/\/tonala.gob.mx\/portal\/wp-content\/uploads\/2025\/04\/e1c9412d-d024-4e52-9e95-7fbdda00bb43-scaled.jpg\"><img fetchpriority=\"high\" decoding=\"async\" width=\"1024\" height=\"576\" src=\"https:\/\/tonala.gob.mx\/portal\/wp-content\/uploads\/2025\/04\/e1c9412d-d024-4e52-9e95-7fbdda00bb43-1024x576.jpg\" alt=\"\" class=\"wp-image-37518\" srcset=\"https:\/\/tonala.gob.mx\/portal\/wp-content\/uploads\/2025\/04\/e1c9412d-d024-4e52-9e95-7fbdda00bb43-1024x576.jpg 1024w, https:\/\/tonala.gob.mx\/portal\/wp-content\/uploads\/2025\/04\/e1c9412d-d024-4e52-9e95-7fbdda00bb43-300x169.jpg 300w, https:\/\/tonala.gob.mx\/portal\/wp-content\/uploads\/2025\/04\/e1c9412d-d024-4e52-9e95-7fbdda00bb43-768x432.jpg 768w, https:\/\/tonala.gob.mx\/portal\/wp-content\/uploads\/2025\/04\/e1c9412d-d024-4e52-9e95-7fbdda00bb43-1536x864.jpg 1536w, https:\/\/tonala.gob.mx\/portal\/wp-content\/uploads\/2025\/04\/e1c9412d-d024-4e52-9e95-7fbdda00bb43-2048x1152.jpg 2048w\" sizes=\"(max-width: 1024px) 100vw, 1024px\" \/><\/a><\/figure>\n\n\n\n<p>Ch\u00e1vez D\u00e1valos explic\u00f3 que el siguiente paso ser\u00e1 edificar, aleda\u00f1o a la transferencia, un centro de separaci\u00f3n de basura para aprovechar los desperdicios susceptibles de reciclarse y, a la vez, disminuir los residuos que llegan al destino final en los rellenos sanitarios.&nbsp;<\/p>\n\n\n\n<p>Despu\u00e9s de dar el arranque oficial del sistema de aseo y limpia, Ch\u00e1vez D\u00e1valos se traslad\u00f3 a la estaci\u00f3n de transferencia temporal denominada \u201cEl Cielo\u201d, que oper\u00f3 poco m\u00e1s de dos a\u00f1os, para supervisar el inicio de las labores de abandono que se deben seguir conforme a las leyes ambientales.<\/p>\n\n\n\n<figure class=\"wp-block-image size-large\"><a href=\"https:\/\/tonala.gob.mx\/portal\/wp-content\/uploads\/2025\/04\/afbed22f-d008-470d-a181-3b00f301ad9a-scaled.jpg\"><img decoding=\"async\" width=\"1024\" height=\"576\" src=\"https:\/\/tonala.gob.mx\/portal\/wp-content\/uploads\/2025\/04\/afbed22f-d008-470d-a181-3b00f301ad9a-1024x576.jpg\" alt=\"\" class=\"wp-image-37519\" srcset=\"https:\/\/tonala.gob.mx\/portal\/wp-content\/uploads\/2025\/04\/afbed22f-d008-470d-a181-3b00f301ad9a-1024x576.jpg 1024w, https:\/\/tonala.gob.mx\/portal\/wp-content\/uploads\/2025\/04\/afbed22f-d008-470d-a181-3b00f301ad9a-300x169.jpg 300w, https:\/\/tonala.gob.mx\/portal\/wp-content\/uploads\/2025\/04\/afbed22f-d008-470d-a181-3b00f301ad9a-768x432.jpg 768w, https:\/\/tonala.gob.mx\/portal\/wp-content\/uploads\/2025\/04\/afbed22f-d008-470d-a181-3b00f301ad9a-1536x864.jpg 1536w, https:\/\/tonala.gob.mx\/portal\/wp-content\/uploads\/2025\/04\/afbed22f-d008-470d-a181-3b00f301ad9a-2048x1152.jpg 2048w\" sizes=\"(max-width: 1024px) 100vw, 1024px\" \/><\/a><\/figure>\n","protected":false},"excerpt":{"rendered":"<p>Sergio Ch\u00e1vez D\u00e1valos, presidente municipal de Tonal\u00e1, dio este d\u00eda el banderazo de arranque al nuevo sistema de aseo y<\/p>\n","protected":false},"author":1,"featured_media":37520,"comment_status":"closed","ping_status":"open","sticky":false,"template":"","format":"standard","meta":{"colormag_page_container_layout":"default_layout","colormag_page_sidebar_layout":"default_layout","footnotes":""},"categories":[2],"tags":[],"class_list":["post-37517","post","type-post","status-publish","format-standard","has-post-thumbnail","hentry","category-comunicacion-social"],"_links":{"self":[{"href":"https:\/\/tonala.gob.mx\/portal\/wp-json\/wp\/v2\/posts\/37517","targetHints":{"allow":["GET"]}}],"collection":[{"href":"https:\/\/tonala.gob.mx\/portal\/wp-json\/wp\/v2\/posts"}],"about":[{"href":"https:\/\/tonala.gob.mx\/portal\/wp-json\/wp\/v2\/types\/post"}],"author":[{"embeddable":true,"href":"https:\/\/tonala.gob.mx\/portal\/wp-json\/wp\/v2\/users\/1"}],"replies":[{"embeddable":true,"href":"https:\/\/tonala.gob.mx\/portal\/wp-json\/wp\/v2\/comments?post=37517"}],"version-history":[{"count":1,"href":"https:\/\/tonala.gob.mx\/portal\/wp-json\/wp\/v2\/posts\/37517\/revisions"}],"predecessor-version":[{"id":37521,"href":"https:\/\/tonala.gob.mx\/portal\/wp-json\/wp\/v2\/posts\/37517\/revisions\/37521"}],"wp:featuredmedia":[{"embeddable":true,"href":"https:\/\/tonala.gob.mx\/portal\/wp-json\/wp\/v2\/media\/37520"}],"wp:attachment":[{"href":"https:\/\/tonala.gob.mx\/portal\/wp-json\/wp\/v2\/media?parent=37517"}],"wp:term":[{"taxonomy":"category","embeddable":true,"href":"https:\/\/tonala.gob.mx\/portal\/wp-json\/wp\/v2\/categories?post=37517"},{"taxonomy":"post_tag","embeddable":true,"href":"https:\/\/tonala.gob.mx\/portal\/wp-json\/wp\/v2\/tags?post=37517"}],"curies":[{"name":"wp","href":"https:\/\/api.w.org\/{rel}","templated":true}]}}