{"id":37511,"date":"2025-04-03T13:40:00","date_gmt":"2025-04-03T19:40:00","guid":{"rendered":"https:\/\/tonala.gob.mx\/portal\/?p=37511"},"modified":"2025-04-07T09:47:50","modified_gmt":"2025-04-07T15:47:50","slug":"recorridos-turisticos-gratuitos-durante-santa-y-pascua","status":"publish","type":"post","link":"https:\/\/tonala.gob.mx\/portal\/2025\/04\/03\/recorridos-turisticos-gratuitos-durante-santa-y-pascua\/","title":{"rendered":"RECORRIDOS TUR\u00cdSTICOS GRATUITOS DURANTE SANTA Y PASCUA"},"content":{"rendered":"\n<figure class=\"wp-block-image size-large\"><a href=\"https:\/\/tonala.gob.mx\/portal\/wp-content\/uploads\/2025\/04\/dd898bd1-2bdd-4810-befa-21823a6396e2.jpg\"><img fetchpriority=\"high\" decoding=\"async\" width=\"1024\" height=\"682\" src=\"https:\/\/tonala.gob.mx\/portal\/wp-content\/uploads\/2025\/04\/dd898bd1-2bdd-4810-befa-21823a6396e2-1024x682.jpg\" alt=\"\" class=\"wp-image-37515\" srcset=\"https:\/\/tonala.gob.mx\/portal\/wp-content\/uploads\/2025\/04\/dd898bd1-2bdd-4810-befa-21823a6396e2-1024x682.jpg 1024w, https:\/\/tonala.gob.mx\/portal\/wp-content\/uploads\/2025\/04\/dd898bd1-2bdd-4810-befa-21823a6396e2-300x200.jpg 300w, https:\/\/tonala.gob.mx\/portal\/wp-content\/uploads\/2025\/04\/dd898bd1-2bdd-4810-befa-21823a6396e2-768x512.jpg 768w, https:\/\/tonala.gob.mx\/portal\/wp-content\/uploads\/2025\/04\/dd898bd1-2bdd-4810-befa-21823a6396e2.jpg 1280w\" sizes=\"(max-width: 1024px) 100vw, 1024px\" \/><\/a><\/figure>\n\n\n\n<p>El gobierno municipal de Tonal\u00e1, a trav\u00e9s de la direcci\u00f3n de turismo, estructur\u00f3 un programa de recorridos tur\u00edsticos que comprende del 14 al 25 de abril, con salida de plaza Guadalajara a las 9:30 horas y regreso a la ciudad capital a las 14:00 horas, aproximadamente.<\/p>\n\n\n\n<p>Estos recorridos por puntos emblem\u00e1ticos, talleres y centros religiosos del municipio alfarero se llevar\u00e1n a cabo de lunes a viernes durante las semanas Santa y Pascua, con el prop\u00f3sito de que los visitantes conozcan y disfruten los procesos de creaci\u00f3n artesanal que han dado fama internacional a Tonal\u00e1.<\/p>\n\n\n\n<figure class=\"wp-block-image size-large\"><a href=\"https:\/\/tonala.gob.mx\/portal\/wp-content\/uploads\/2025\/04\/2430e3ec-92d5-4514-82d4-37afcdce3a2f.jpg\"><img decoding=\"async\" width=\"1024\" height=\"682\" src=\"https:\/\/tonala.gob.mx\/portal\/wp-content\/uploads\/2025\/04\/2430e3ec-92d5-4514-82d4-37afcdce3a2f-1024x682.jpg\" alt=\"\" class=\"wp-image-37513\" srcset=\"https:\/\/tonala.gob.mx\/portal\/wp-content\/uploads\/2025\/04\/2430e3ec-92d5-4514-82d4-37afcdce3a2f-1024x682.jpg 1024w, https:\/\/tonala.gob.mx\/portal\/wp-content\/uploads\/2025\/04\/2430e3ec-92d5-4514-82d4-37afcdce3a2f-300x200.jpg 300w, https:\/\/tonala.gob.mx\/portal\/wp-content\/uploads\/2025\/04\/2430e3ec-92d5-4514-82d4-37afcdce3a2f-768x512.jpg 768w, https:\/\/tonala.gob.mx\/portal\/wp-content\/uploads\/2025\/04\/2430e3ec-92d5-4514-82d4-37afcdce3a2f.jpg 1280w\" sizes=\"(max-width: 1024px) 100vw, 1024px\" \/><\/a><\/figure>\n\n\n\n<p>Juan Carlos Nu\u00f1o G\u00f3mez, director de turismo, explic\u00f3 que se visitar\u00e1n talleres de barro bru\u00f1ido, de cer\u00e1mica de baja y alta temperatura, barro canelo, barro petatillo y vidrio soplado, entre otras t\u00e9cnicas tradicionales.<\/p>\n\n\n\n<p>Detall\u00f3 que se har\u00e1n recorridos en lugares como la presa de El Ocotillo, cerro de la reina, museo nacional de la cer\u00e1mica, parroquia de nuestra se\u00f1ora de El Rosario, capilla de nichos Cristo Resucitado, garita de Puente Grande, andador guardianes de la reina, entre otros, con la explicaci\u00f3n correspondiente en cada lugar.&nbsp; La capacidad de traslado, por d\u00eda, ser\u00e1 de 40 personas.&nbsp;<\/p>\n","protected":false},"excerpt":{"rendered":"<p>El gobierno municipal de Tonal\u00e1, a trav\u00e9s de la direcci\u00f3n de turismo, estructur\u00f3 un programa de recorridos tur\u00edsticos que comprende<\/p>\n","protected":false},"author":1,"featured_media":37512,"comment_status":"closed","ping_status":"open","sticky":false,"template":"","format":"standard","meta":{"colormag_page_container_layout":"default_layout","colormag_page_sidebar_layout":"default_layout","footnotes":""},"categories":[2],"tags":[],"class_list":["post-37511","post","type-post","status-publish","format-standard","has-post-thumbnail","hentry","category-comunicacion-social"],"_links":{"self":[{"href":"https:\/\/tonala.gob.mx\/portal\/wp-json\/wp\/v2\/posts\/37511","targetHints":{"allow":["GET"]}}],"collection":[{"href":"https:\/\/tonala.gob.mx\/portal\/wp-json\/wp\/v2\/posts"}],"about":[{"href":"https:\/\/tonala.gob.mx\/portal\/wp-json\/wp\/v2\/types\/post"}],"author":[{"embeddable":true,"href":"https:\/\/tonala.gob.mx\/portal\/wp-json\/wp\/v2\/users\/1"}],"replies":[{"embeddable":true,"href":"https:\/\/tonala.gob.mx\/portal\/wp-json\/wp\/v2\/comments?post=37511"}],"version-history":[{"count":1,"href":"https:\/\/tonala.gob.mx\/portal\/wp-json\/wp\/v2\/posts\/37511\/revisions"}],"predecessor-version":[{"id":37516,"href":"https:\/\/tonala.gob.mx\/portal\/wp-json\/wp\/v2\/posts\/37511\/revisions\/37516"}],"wp:featuredmedia":[{"embeddable":true,"href":"https:\/\/tonala.gob.mx\/portal\/wp-json\/wp\/v2\/media\/37512"}],"wp:attachment":[{"href":"https:\/\/tonala.gob.mx\/portal\/wp-json\/wp\/v2\/media?parent=37511"}],"wp:term":[{"taxonomy":"category","embeddable":true,"href":"https:\/\/tonala.gob.mx\/portal\/wp-json\/wp\/v2\/categories?post=37511"},{"taxonomy":"post_tag","embeddable":true,"href":"https:\/\/tonala.gob.mx\/portal\/wp-json\/wp\/v2\/tags?post=37511"}],"curies":[{"name":"wp","href":"https:\/\/api.w.org\/{rel}","templated":true}]}}