{"id":37463,"date":"2025-03-27T15:23:54","date_gmt":"2025-03-27T21:23:54","guid":{"rendered":"https:\/\/tonala.gob.mx\/portal\/?p=37463"},"modified":"2025-03-27T15:24:23","modified_gmt":"2025-03-27T21:24:23","slug":"desecha-tonala-ampliacion-de-caabsa-y-retoma-rectoria-de-recoleccion-de-basura","status":"publish","type":"post","link":"https:\/\/tonala.gob.mx\/portal\/2025\/03\/27\/desecha-tonala-ampliacion-de-caabsa-y-retoma-rectoria-de-recoleccion-de-basura\/","title":{"rendered":"Desecha Tonal\u00e1 ampliaci\u00f3n de CAABSA y retoma rector\u00eda de recolecci\u00f3n de basura"},"content":{"rendered":"\n<p>El Gobierno de Tonal\u00e1 recuperar\u00e1 la rector\u00eda del Sistema de Aseo y Limpia municipal a partir del domingo 6 de abril, luego de que este jueves el Pleno del Ayuntamiento desech\u00f3 la petici\u00f3n de la empresa Caabsa para ampliar el periodo de la concesi\u00f3n para la recolecci\u00f3n de la basura.<\/p>\n\n\n\n<p>Con una votaci\u00f3n un\u00e1nime, el Pleno del Ayuntamiento desech\u00f3 la petici\u00f3n de ampliar la vigencia del contrato de concesi\u00f3n, luego de que la comisi\u00f3n de gobernaci\u00f3n emitiera un dictamen que tom\u00f3 en cuenta diversos factores, incluyendo el incumplimiento de obligaciones contractuales, las condiciones del servicio prestado, as\u00ed como la salvaguarda del medio ambiente, el mantenimiento del orden p\u00fablico y el resguardo del inter\u00e9s social.<\/p>\n\n\n\n<p>Por su parte el presidente municipal, Sergio Ch\u00e1vez D\u00e1valos, dijo que a partir del pr\u00f3ximo 6 de abril se ampliar\u00e1n los trabajos que ya se realizan de recolecci\u00f3n de basura con 40 unidades que se han venido adquiriendo los \u00faltimos dos a\u00f1os, 23 de estas ya est\u00e1n en las calles y 17 comenzaran el primer domingo de abril, con una operaci\u00f3n mensual que no rebase los 10 millones de pesos que se pagaban a Caabsa cada mes.<\/p>\n\n\n\n<p>\u201cYo no debo de pasarme de 10 millones de pesos que es lo que nos gastamos por mes, entre lo que yo le pon\u00eda y lo que pag\u00e1bamos a la empresa Caabsa, ese es el tope que tenemos de 130 millones de pesos presupuestados para este a\u00f1o 2025\u201d, explico el presidente municipal.&nbsp;<\/p>\n\n\n\n<figure class=\"wp-block-image size-large\"><a href=\"https:\/\/tonala.gob.mx\/portal\/wp-content\/uploads\/2025\/03\/54414436498_fbf8b7a000_o.jpg\"><img fetchpriority=\"high\" decoding=\"async\" width=\"1024\" height=\"682\" src=\"https:\/\/tonala.gob.mx\/portal\/wp-content\/uploads\/2025\/03\/54414436498_fbf8b7a000_o-1024x682.jpg\" alt=\"\" class=\"wp-image-37466\" srcset=\"https:\/\/tonala.gob.mx\/portal\/wp-content\/uploads\/2025\/03\/54414436498_fbf8b7a000_o-1024x682.jpg 1024w, https:\/\/tonala.gob.mx\/portal\/wp-content\/uploads\/2025\/03\/54414436498_fbf8b7a000_o-300x200.jpg 300w, https:\/\/tonala.gob.mx\/portal\/wp-content\/uploads\/2025\/03\/54414436498_fbf8b7a000_o-768x512.jpg 768w, https:\/\/tonala.gob.mx\/portal\/wp-content\/uploads\/2025\/03\/54414436498_fbf8b7a000_o-1536x1023.jpg 1536w, https:\/\/tonala.gob.mx\/portal\/wp-content\/uploads\/2025\/03\/54414436498_fbf8b7a000_o.jpg 1600w\" sizes=\"(max-width: 1024px) 100vw, 1024px\" \/><\/a><\/figure>\n\n\n\n<p>Entre otros temas, el dictamen se\u00f1ala que la empresa no atendi\u00f3 responsablemente los da\u00f1os ambientales que se causaron con la contaminaci\u00f3n que se gener\u00f3 en los predios conocidos como Matatl\u00e1n y Laureles, que, en diferentes momentos, fungieron como puntos de destino final para la basura que proven\u00eda de Tonal\u00e1 y otros municipios.<\/p>\n\n\n\n<p>Destaca el dictamen que la trasgresi\u00f3n de las obligaciones contractuales de la empresa, son p\u00fablicas, notorias e irrefutables, pues se registraron omisiones, deficiencias e ineficiencias que han comprometido la salud de los ciudadanos del municipio y han ocasionado da\u00f1os ambientales que se enumeraron y documentaron.<\/p>\n\n\n\n<p>\u201cSe ha evidenciado que el deficiente manejo en los predios utilizados por la concesionaria para la transferencia y la disposici\u00f3n final de residuos, espec\u00edficamente en Matatl\u00e1n y Los Laureles, ha provocado da\u00f1os ambientales notables, los cuales son de conocimiento p\u00fablico y se encuentran debidamente documentados\u201d, dice el dictamen que se someti\u00f3 a votaci\u00f3n.<\/p>\n\n\n\n<figure class=\"wp-block-image size-large\"><a href=\"https:\/\/tonala.gob.mx\/portal\/wp-content\/uploads\/2025\/03\/WhatsApp-Image-2025-03-27-at-15.12.58.jpeg\"><img decoding=\"async\" width=\"1024\" height=\"682\" src=\"https:\/\/tonala.gob.mx\/portal\/wp-content\/uploads\/2025\/03\/WhatsApp-Image-2025-03-27-at-15.12.58-1024x682.jpeg\" alt=\"\" class=\"wp-image-37464\" srcset=\"https:\/\/tonala.gob.mx\/portal\/wp-content\/uploads\/2025\/03\/WhatsApp-Image-2025-03-27-at-15.12.58-1024x682.jpeg 1024w, https:\/\/tonala.gob.mx\/portal\/wp-content\/uploads\/2025\/03\/WhatsApp-Image-2025-03-27-at-15.12.58-300x200.jpeg 300w, https:\/\/tonala.gob.mx\/portal\/wp-content\/uploads\/2025\/03\/WhatsApp-Image-2025-03-27-at-15.12.58-768x512.jpeg 768w, https:\/\/tonala.gob.mx\/portal\/wp-content\/uploads\/2025\/03\/WhatsApp-Image-2025-03-27-at-15.12.58-1536x1023.jpeg 1536w, https:\/\/tonala.gob.mx\/portal\/wp-content\/uploads\/2025\/03\/WhatsApp-Image-2025-03-27-at-15.12.58.jpeg 1600w\" sizes=\"(max-width: 1024px) 100vw, 1024px\" \/><\/a><\/figure>\n\n\n\n<p>\u201cEstos da\u00f1os incluyen el escurrimiento de lixiviados y la falta de control sobre el biog\u00e1s, afectando significativamente a las colonias aleda\u00f1as a dichos sitios. Adicionalmente, ya sea por omisi\u00f3n, negligencia o ausencia de verificaci\u00f3n, por parte de la empresa Caabsa E. Tonal\u00e1 S.A. de C.V. se presentaron incendios en estas instalaciones, generando contaminaci\u00f3n ambiental que han constituido situaciones de emergencias para la protecci\u00f3n de la ciudadan\u00eda y el entorno ambiental, poniendo en riesgo la salud de los habitantes del municipio\u201d.&nbsp;<\/p>\n\n\n\n<p>Adem\u00e1s, el dictamen da cuenta de c\u00f3mo el gobierno municipal tuvo que asumir las labores de recolecci\u00f3n de basura despu\u00e9s de que la empresa suspendi\u00f3 el servicio; y se detalla como la autoridad supervis\u00f3 en 2022 y en 2023 las unidades que la empresa destinaba para prestar el servicio de recolecci\u00f3n y se evidenci\u00f3 el deterioro que provocaba riesgos para la salud de la poblaci\u00f3n.<\/p>\n\n\n\n<p>Tambi\u00e9n se se\u00f1ala que la Comisi\u00f3n Estatal de Derechos Humanos de Jalisco emiti\u00f3 la recomendaci\u00f3n 20\/2019 debido a los da\u00f1os ambientales ocasionados en Matatl\u00e1n, terreno bajo la responsabilidad de Caabsa.<\/p>\n\n\n\n<figure class=\"wp-block-image size-large\"><a href=\"https:\/\/tonala.gob.mx\/portal\/wp-content\/uploads\/2025\/03\/54414190186_1eab7cb34b_o.jpg\"><img decoding=\"async\" width=\"1024\" height=\"682\" src=\"https:\/\/tonala.gob.mx\/portal\/wp-content\/uploads\/2025\/03\/54414190186_1eab7cb34b_o-1024x682.jpg\" alt=\"\" class=\"wp-image-37467\" srcset=\"https:\/\/tonala.gob.mx\/portal\/wp-content\/uploads\/2025\/03\/54414190186_1eab7cb34b_o-1024x682.jpg 1024w, https:\/\/tonala.gob.mx\/portal\/wp-content\/uploads\/2025\/03\/54414190186_1eab7cb34b_o-300x200.jpg 300w, https:\/\/tonala.gob.mx\/portal\/wp-content\/uploads\/2025\/03\/54414190186_1eab7cb34b_o-768x512.jpg 768w, https:\/\/tonala.gob.mx\/portal\/wp-content\/uploads\/2025\/03\/54414190186_1eab7cb34b_o-1536x1023.jpg 1536w, https:\/\/tonala.gob.mx\/portal\/wp-content\/uploads\/2025\/03\/54414190186_1eab7cb34b_o.jpg 1600w\" sizes=\"(max-width: 1024px) 100vw, 1024px\" \/><\/a><\/figure>\n\n\n\n<p>El dictamen votado este jueves tambi\u00e9n retoma el sentir de la poblaci\u00f3n, que a trav\u00e9s de medios de comunicaci\u00f3n y de quejas espec\u00edficas, ha manifestado su descontento e insatisfacci\u00f3n con el servicio de la empresa.<\/p>\n\n\n\n<p>\u201cSocialmente, es evidente el rechazo de la ciudadan\u00eda, manifestado a trav\u00e9s de los medios de comunicaci\u00f3n, frente a la calidad del servicio brindado por la concesionaria en el municipio. Esta insatisfacci\u00f3n queda debidamente registrada, evidenciando que, en diciembre de 2022, se decret\u00f3 una contingencia y emergencia, debido a que, entre octubre de 2021 y agosto de 2022, se recibieron aproximadamente 3,000 reportes relacionados con fallas en el servicio de recolecci\u00f3n, provenientes de diversas colonias del municipio de Tonal\u00e1\u201d, indica el documento.&nbsp;<\/p>\n\n\n\n<p>\u201cEsta situaci\u00f3n ha causado riesgos inminentes para la salud p\u00fablica y el medio ambiente, debido a la inadecuada disposici\u00f3n de los residuos s\u00f3lidos urbanos, la proliferaci\u00f3n de fauna nociva y la transmisi\u00f3n de enfermedades, incluyendo enfermedades gastrointestinales y de la piel, as\u00ed como riesgos derivados de la contaminaci\u00f3n de suelos y cuerpos de agua\u201d.<\/p>\n\n\n\n<p>Despu\u00e9s de 20 a\u00f1os de mantenerse un contrato con la empresa Caabsa, este vencer\u00e1 el 5 de abril, de manera que el domingo 6 de abril, el proceso de recolecci\u00f3n, transferencia y traslado al sitio de disposici\u00f3n final, ser\u00e1n responsabilidad del gobierno municipal.<\/p>\n","protected":false},"excerpt":{"rendered":"<p>El Gobierno de Tonal\u00e1 recuperar\u00e1 la rector\u00eda del Sistema de Aseo y Limpia municipal a partir del domingo 6 de<\/p>\n","protected":false},"author":2,"featured_media":37470,"comment_status":"closed","ping_status":"open","sticky":false,"template":"","format":"standard","meta":{"colormag_page_container_layout":"default_layout","colormag_page_sidebar_layout":"default_layout","footnotes":""},"categories":[2],"tags":[],"class_list":["post-37463","post","type-post","status-publish","format-standard","has-post-thumbnail","hentry","category-comunicacion-social"],"_links":{"self":[{"href":"https:\/\/tonala.gob.mx\/portal\/wp-json\/wp\/v2\/posts\/37463","targetHints":{"allow":["GET"]}}],"collection":[{"href":"https:\/\/tonala.gob.mx\/portal\/wp-json\/wp\/v2\/posts"}],"about":[{"href":"https:\/\/tonala.gob.mx\/portal\/wp-json\/wp\/v2\/types\/post"}],"author":[{"embeddable":true,"href":"https:\/\/tonala.gob.mx\/portal\/wp-json\/wp\/v2\/users\/2"}],"replies":[{"embeddable":true,"href":"https:\/\/tonala.gob.mx\/portal\/wp-json\/wp\/v2\/comments?post=37463"}],"version-history":[{"count":1,"href":"https:\/\/tonala.gob.mx\/portal\/wp-json\/wp\/v2\/posts\/37463\/revisions"}],"predecessor-version":[{"id":37471,"href":"https:\/\/tonala.gob.mx\/portal\/wp-json\/wp\/v2\/posts\/37463\/revisions\/37471"}],"wp:featuredmedia":[{"embeddable":true,"href":"https:\/\/tonala.gob.mx\/portal\/wp-json\/wp\/v2\/media\/37470"}],"wp:attachment":[{"href":"https:\/\/tonala.gob.mx\/portal\/wp-json\/wp\/v2\/media?parent=37463"}],"wp:term":[{"taxonomy":"category","embeddable":true,"href":"https:\/\/tonala.gob.mx\/portal\/wp-json\/wp\/v2\/categories?post=37463"},{"taxonomy":"post_tag","embeddable":true,"href":"https:\/\/tonala.gob.mx\/portal\/wp-json\/wp\/v2\/tags?post=37463"}],"curies":[{"name":"wp","href":"https:\/\/api.w.org\/{rel}","templated":true}]}}