{"id":37449,"date":"2025-03-25T15:37:27","date_gmt":"2025-03-25T21:37:27","guid":{"rendered":"https:\/\/tonala.gob.mx\/portal\/?p=37449"},"modified":"2025-03-25T15:37:28","modified_gmt":"2025-03-25T21:37:28","slug":"tonala-conmemora-los-495-anos-del-mestizaje","status":"publish","type":"post","link":"https:\/\/tonala.gob.mx\/portal\/2025\/03\/25\/tonala-conmemora-los-495-anos-del-mestizaje\/","title":{"rendered":"TONAL\u00c1 CONMEMORA LOS 495 AN\u0303OS DEL MESTIZAJE"},"content":{"rendered":"\n<figure class=\"wp-block-image size-large\"><a href=\"https:\/\/tonala.gob.mx\/portal\/wp-content\/uploads\/2025\/03\/0a63f444-ba50-47c9-9ca2-2cc33b7fae66.jpg\"><img fetchpriority=\"high\" decoding=\"async\" width=\"1024\" height=\"682\" src=\"https:\/\/tonala.gob.mx\/portal\/wp-content\/uploads\/2025\/03\/0a63f444-ba50-47c9-9ca2-2cc33b7fae66-1024x682.jpg\" alt=\"\" class=\"wp-image-37450\" srcset=\"https:\/\/tonala.gob.mx\/portal\/wp-content\/uploads\/2025\/03\/0a63f444-ba50-47c9-9ca2-2cc33b7fae66-1024x682.jpg 1024w, https:\/\/tonala.gob.mx\/portal\/wp-content\/uploads\/2025\/03\/0a63f444-ba50-47c9-9ca2-2cc33b7fae66-300x200.jpg 300w, https:\/\/tonala.gob.mx\/portal\/wp-content\/uploads\/2025\/03\/0a63f444-ba50-47c9-9ca2-2cc33b7fae66-768x512.jpg 768w, https:\/\/tonala.gob.mx\/portal\/wp-content\/uploads\/2025\/03\/0a63f444-ba50-47c9-9ca2-2cc33b7fae66-1536x1023.jpg 1536w, https:\/\/tonala.gob.mx\/portal\/wp-content\/uploads\/2025\/03\/0a63f444-ba50-47c9-9ca2-2cc33b7fae66.jpg 1600w\" sizes=\"(max-width: 1024px) 100vw, 1024px\" \/><\/a><\/figure>\n\n\n\n<p>Hoy el Gobierno de Tonal\u00e1, conmemor\u00f3 en Sesi\u00f3n Solemne los 495 a\u00f1os del mestizaje, esa mezcla de culturas y razas que se dio entre los pueblos originarios y los espa\u00f1oles; Un fen\u00f3meno que se dio a partir de la Conquista, la cual caracteriza al pueblo tonalteca y le da identidad hasta el d\u00eda de hoy.<\/p>\n\n\n\n<p>Entrando en la historia, la suerte y el destino hicieron que un grupo de guerreros de Tetl\u00e1n, Coyula y Zalatit\u00e1n pelearan contra los invasores, el resultado de esta batalla es conocida por todos, donde naci\u00f3 el mito, la tradici\u00f3n y la historia que, a\u00f1o con a\u00f1o, festejamos: la celebraci\u00f3n de los Tastoanes, el cerro de la reina y la consolidaci\u00f3n de nuestra identidad a trav\u00e9s de esa mezcla de pueblos.<\/p>\n\n\n\n<p>En su mensaje, el primer edil, Sergio Ch\u00e1vez D\u00e1valos, pronunci\u00f3: <em>\u201cDebemos sentirnos orgullosos como tonaltecas, por haber superado tantas y tantas dificultades que la historia nos plante\u00f3, desde la conquista, pasando por la colonia, la independencia de nuestro pa\u00eds, la creaci\u00f3n de nuestro estado, la revoluci\u00f3n y hasta llegar al reconocimiento de nuestro municipio, que, por cierto, ma\u00f1ana tenemos tambi\u00e9n el reconocimiento como ciudad jalisciense y que se encuentra inscrito en este muro a mis espaldas\u201d.<\/em><\/p>\n\n\n\n<figure class=\"wp-block-image size-large\"><a href=\"https:\/\/tonala.gob.mx\/portal\/wp-content\/uploads\/2025\/03\/925f8928-e654-4384-aa39-f4b24cf2ebc2.jpg\"><img decoding=\"async\" width=\"1024\" height=\"682\" src=\"https:\/\/tonala.gob.mx\/portal\/wp-content\/uploads\/2025\/03\/925f8928-e654-4384-aa39-f4b24cf2ebc2-1024x682.jpg\" alt=\"\" class=\"wp-image-37451\" srcset=\"https:\/\/tonala.gob.mx\/portal\/wp-content\/uploads\/2025\/03\/925f8928-e654-4384-aa39-f4b24cf2ebc2-1024x682.jpg 1024w, https:\/\/tonala.gob.mx\/portal\/wp-content\/uploads\/2025\/03\/925f8928-e654-4384-aa39-f4b24cf2ebc2-300x200.jpg 300w, https:\/\/tonala.gob.mx\/portal\/wp-content\/uploads\/2025\/03\/925f8928-e654-4384-aa39-f4b24cf2ebc2-768x512.jpg 768w, https:\/\/tonala.gob.mx\/portal\/wp-content\/uploads\/2025\/03\/925f8928-e654-4384-aa39-f4b24cf2ebc2-1536x1023.jpg 1536w, https:\/\/tonala.gob.mx\/portal\/wp-content\/uploads\/2025\/03\/925f8928-e654-4384-aa39-f4b24cf2ebc2.jpg 1600w\" sizes=\"(max-width: 1024px) 100vw, 1024px\" \/><\/a><\/figure>\n\n\n\n<p>Y enfatiz\u00f3: <em>\u201clos tonaltecas somos una autentica raza de bronce, los hijos del sol nos han llamado tambi\u00e9n, herederos de un arte \u00fanico en el mundo, de gente trabajadora, creativa, innovadora, pero, sobre todo, de gente buena, bien nacida. Debemos sentirnos orgullosos porqu\u00e9 formamos parte un gran proyecto como jaliscienses, como mexicanos, que abrimos las puertas a la inversi\u00f3n, al desarrollo tecnol\u00f3gico, aportando nuestro granito de arena para un mejor futuro para nuestros hijos\u201d.<\/em><\/p>\n\n\n\n<p>Para finalizar, Ch\u00e1vez D\u00e1valos, cit\u00f3 al cabildo y presentes a la Sesi\u00f3n Solemne del pr\u00f3ximo jueves 27 de marzo del presente a\u00f1o a las 12:00 horas y terminando la misma a la Sesi\u00f3n Ordinaria de ayuntamiento en la sala se sesiones de la presidencia municipal.&nbsp;<\/p>\n\n\n\n<figure class=\"wp-block-image size-large\"><a href=\"https:\/\/tonala.gob.mx\/portal\/wp-content\/uploads\/2025\/03\/cec4dbfb-f3d6-477d-9b74-7bdaea644b9e.jpg\"><img decoding=\"async\" width=\"1024\" height=\"682\" src=\"https:\/\/tonala.gob.mx\/portal\/wp-content\/uploads\/2025\/03\/cec4dbfb-f3d6-477d-9b74-7bdaea644b9e-1024x682.jpg\" alt=\"\" class=\"wp-image-37452\" srcset=\"https:\/\/tonala.gob.mx\/portal\/wp-content\/uploads\/2025\/03\/cec4dbfb-f3d6-477d-9b74-7bdaea644b9e-1024x682.jpg 1024w, https:\/\/tonala.gob.mx\/portal\/wp-content\/uploads\/2025\/03\/cec4dbfb-f3d6-477d-9b74-7bdaea644b9e-300x200.jpg 300w, https:\/\/tonala.gob.mx\/portal\/wp-content\/uploads\/2025\/03\/cec4dbfb-f3d6-477d-9b74-7bdaea644b9e-768x512.jpg 768w, https:\/\/tonala.gob.mx\/portal\/wp-content\/uploads\/2025\/03\/cec4dbfb-f3d6-477d-9b74-7bdaea644b9e-1536x1023.jpg 1536w, https:\/\/tonala.gob.mx\/portal\/wp-content\/uploads\/2025\/03\/cec4dbfb-f3d6-477d-9b74-7bdaea644b9e.jpg 1600w\" sizes=\"(max-width: 1024px) 100vw, 1024px\" \/><\/a><\/figure>\n","protected":false},"excerpt":{"rendered":"<p>Hoy el Gobierno de Tonal\u00e1, conmemor\u00f3 en Sesi\u00f3n Solemne los 495 a\u00f1os del mestizaje, esa mezcla de culturas y razas<\/p>\n","protected":false},"author":1,"featured_media":37453,"comment_status":"closed","ping_status":"open","sticky":false,"template":"","format":"standard","meta":{"colormag_page_container_layout":"default_layout","colormag_page_sidebar_layout":"default_layout","footnotes":""},"categories":[2],"tags":[],"class_list":["post-37449","post","type-post","status-publish","format-standard","has-post-thumbnail","hentry","category-comunicacion-social"],"_links":{"self":[{"href":"https:\/\/tonala.gob.mx\/portal\/wp-json\/wp\/v2\/posts\/37449","targetHints":{"allow":["GET"]}}],"collection":[{"href":"https:\/\/tonala.gob.mx\/portal\/wp-json\/wp\/v2\/posts"}],"about":[{"href":"https:\/\/tonala.gob.mx\/portal\/wp-json\/wp\/v2\/types\/post"}],"author":[{"embeddable":true,"href":"https:\/\/tonala.gob.mx\/portal\/wp-json\/wp\/v2\/users\/1"}],"replies":[{"embeddable":true,"href":"https:\/\/tonala.gob.mx\/portal\/wp-json\/wp\/v2\/comments?post=37449"}],"version-history":[{"count":1,"href":"https:\/\/tonala.gob.mx\/portal\/wp-json\/wp\/v2\/posts\/37449\/revisions"}],"predecessor-version":[{"id":37454,"href":"https:\/\/tonala.gob.mx\/portal\/wp-json\/wp\/v2\/posts\/37449\/revisions\/37454"}],"wp:featuredmedia":[{"embeddable":true,"href":"https:\/\/tonala.gob.mx\/portal\/wp-json\/wp\/v2\/media\/37453"}],"wp:attachment":[{"href":"https:\/\/tonala.gob.mx\/portal\/wp-json\/wp\/v2\/media?parent=37449"}],"wp:term":[{"taxonomy":"category","embeddable":true,"href":"https:\/\/tonala.gob.mx\/portal\/wp-json\/wp\/v2\/categories?post=37449"},{"taxonomy":"post_tag","embeddable":true,"href":"https:\/\/tonala.gob.mx\/portal\/wp-json\/wp\/v2\/tags?post=37449"}],"curies":[{"name":"wp","href":"https:\/\/api.w.org\/{rel}","templated":true}]}}