{"id":37440,"date":"2025-03-21T11:56:00","date_gmt":"2025-03-21T17:56:00","guid":{"rendered":"https:\/\/tonala.gob.mx\/portal\/?p=37440"},"modified":"2025-03-24T08:59:25","modified_gmt":"2025-03-24T14:59:25","slug":"tonala-conmemoro-el-ccxix-aniversario-del-natalicio-de-benito-juarez","status":"publish","type":"post","link":"https:\/\/tonala.gob.mx\/portal\/2025\/03\/21\/tonala-conmemoro-el-ccxix-aniversario-del-natalicio-de-benito-juarez\/","title":{"rendered":"TONAL\u00c1 CONMEMOR\u00d3 EL CCXIX ANIVERSARIO DEL NATALICIO DE BENITO J\u00daAREZ"},"content":{"rendered":"\n<p>Esta ma\u00f1ana en la plaza c\u00edvica de Benito Ju\u00e1rez en las faldas del cerro de la reina, se llev\u00f3 a cabo el acto patri\u00f3tico por el CCXIX Aniversario del Natalicio de Benito Pablo Ju\u00e1rez Garc\u00eda, mejor conocido como&nbsp;el Benem\u00e9rito de las Am\u00e9ricas.<\/p>\n\n\n\n<figure class=\"wp-block-image size-large\"><a href=\"https:\/\/tonala.gob.mx\/portal\/wp-content\/uploads\/2025\/03\/4-1.jpg\"><img fetchpriority=\"high\" decoding=\"async\" width=\"1024\" height=\"682\" src=\"https:\/\/tonala.gob.mx\/portal\/wp-content\/uploads\/2025\/03\/4-1-1024x682.jpg\" alt=\"\" class=\"wp-image-37444\" srcset=\"https:\/\/tonala.gob.mx\/portal\/wp-content\/uploads\/2025\/03\/4-1-1024x682.jpg 1024w, https:\/\/tonala.gob.mx\/portal\/wp-content\/uploads\/2025\/03\/4-1-300x200.jpg 300w, https:\/\/tonala.gob.mx\/portal\/wp-content\/uploads\/2025\/03\/4-1-768x512.jpg 768w, https:\/\/tonala.gob.mx\/portal\/wp-content\/uploads\/2025\/03\/4-1-1536x1023.jpg 1536w, https:\/\/tonala.gob.mx\/portal\/wp-content\/uploads\/2025\/03\/4-1.jpg 1600w\" sizes=\"(max-width: 1024px) 100vw, 1024px\" \/><\/a><\/figure>\n\n\n\n<p>Benito Ju\u00e1rez es ejemplo de entrega y de convicci\u00f3n para salir adelante. Hoy, en el 219 aniversario de su natalicio, es menester recordar lo que este gran hombre signific\u00f3 y significa para nuestra naci\u00f3n, como hombre, como servidor p\u00fablico y como estadista.<\/p>\n\n\n\n<p>Durante la celebraci\u00f3n, en representaci\u00f3n del presidente municipal, Sergio Ch\u00e1vez D\u00e1valos, el s\u00edndico, Nicol\u00e1s Maestro Landeros, en su mensaje se\u00f1al\u00f3 que deBenito Ju\u00e1rez debemos aprender que, el poder del que es embestido un gobernante, del nivel que sea, solo tiene sentido y se justifica si se sirve al pueblo que es en el que reside la total soberan\u00eda; Servir y no servirse, es la base y fundamento de la transformaci\u00f3n que estamos viviendo y el poder se vuelve virtud cuando se aplica sin distingos y en beneficio de las clases m\u00e1s desprotegidas en nuestra sociedad.<\/p>\n\n\n\n<figure class=\"wp-block-image size-large\"><a href=\"https:\/\/tonala.gob.mx\/portal\/wp-content\/uploads\/2025\/03\/3-1.jpg\"><img decoding=\"async\" width=\"1024\" height=\"682\" src=\"https:\/\/tonala.gob.mx\/portal\/wp-content\/uploads\/2025\/03\/3-1-1024x682.jpg\" alt=\"\" class=\"wp-image-37443\" srcset=\"https:\/\/tonala.gob.mx\/portal\/wp-content\/uploads\/2025\/03\/3-1-1024x682.jpg 1024w, https:\/\/tonala.gob.mx\/portal\/wp-content\/uploads\/2025\/03\/3-1-300x200.jpg 300w, https:\/\/tonala.gob.mx\/portal\/wp-content\/uploads\/2025\/03\/3-1-768x512.jpg 768w, https:\/\/tonala.gob.mx\/portal\/wp-content\/uploads\/2025\/03\/3-1-1536x1023.jpg 1536w, https:\/\/tonala.gob.mx\/portal\/wp-content\/uploads\/2025\/03\/3-1.jpg 1600w\" sizes=\"(max-width: 1024px) 100vw, 1024px\" \/><\/a><\/figure>\n\n\n\n<p>Y concluy\u00f3, diciendo <em>\u201cEl gobierno municipal de Tonal\u00e1, el d\u00eda a d\u00eda, es ese, Servir y atender las necesidades sociales, en la medida de las posibilidades. Aun cuando algunos \u201cnuevos\u201d conservadores no lo entiendan o no quieran entenderlo, y pongan piedras en el camino\u2026El de Ju\u00e1rez no fue un camino terso, tampoco el de quienes estamos en puestos de gobierno lo es ahora\u2026al final, como sucedi\u00f3 con el Benem\u00e9rito\u2026la historia hablar\u00e1\u201d<\/em>.&nbsp;&nbsp;<\/p>\n\n\n\n<p>En el acto c\u00edvico estuvieron presentes integrantes del Ayuntamiento y funcionarios del primer nivel, representantes de la logia mas\u00f3nica Benito Ju\u00e1rez y alumnos de la escuela preparatoria Tonal\u00e1.&nbsp;<\/p>\n\n\n\n<figure class=\"wp-block-image size-large\"><a href=\"https:\/\/tonala.gob.mx\/portal\/wp-content\/uploads\/2025\/03\/1-1.jpg\"><img decoding=\"async\" width=\"1024\" height=\"682\" src=\"https:\/\/tonala.gob.mx\/portal\/wp-content\/uploads\/2025\/03\/1-1-1024x682.jpg\" alt=\"\" class=\"wp-image-37441\" srcset=\"https:\/\/tonala.gob.mx\/portal\/wp-content\/uploads\/2025\/03\/1-1-1024x682.jpg 1024w, https:\/\/tonala.gob.mx\/portal\/wp-content\/uploads\/2025\/03\/1-1-300x200.jpg 300w, https:\/\/tonala.gob.mx\/portal\/wp-content\/uploads\/2025\/03\/1-1-768x512.jpg 768w, https:\/\/tonala.gob.mx\/portal\/wp-content\/uploads\/2025\/03\/1-1-1536x1023.jpg 1536w, https:\/\/tonala.gob.mx\/portal\/wp-content\/uploads\/2025\/03\/1-1.jpg 1600w\" sizes=\"(max-width: 1024px) 100vw, 1024px\" \/><\/a><\/figure>\n\n\n\n<p><\/p>\n","protected":false},"excerpt":{"rendered":"<p>Esta ma\u00f1ana en la plaza c\u00edvica de Benito Ju\u00e1rez en las faldas del cerro de la reina, se llev\u00f3 a<\/p>\n","protected":false},"author":2,"featured_media":37442,"comment_status":"closed","ping_status":"open","sticky":false,"template":"","format":"standard","meta":{"colormag_page_container_layout":"default_layout","colormag_page_sidebar_layout":"default_layout","footnotes":""},"categories":[2],"tags":[],"class_list":["post-37440","post","type-post","status-publish","format-standard","has-post-thumbnail","hentry","category-comunicacion-social"],"_links":{"self":[{"href":"https:\/\/tonala.gob.mx\/portal\/wp-json\/wp\/v2\/posts\/37440","targetHints":{"allow":["GET"]}}],"collection":[{"href":"https:\/\/tonala.gob.mx\/portal\/wp-json\/wp\/v2\/posts"}],"about":[{"href":"https:\/\/tonala.gob.mx\/portal\/wp-json\/wp\/v2\/types\/post"}],"author":[{"embeddable":true,"href":"https:\/\/tonala.gob.mx\/portal\/wp-json\/wp\/v2\/users\/2"}],"replies":[{"embeddable":true,"href":"https:\/\/tonala.gob.mx\/portal\/wp-json\/wp\/v2\/comments?post=37440"}],"version-history":[{"count":1,"href":"https:\/\/tonala.gob.mx\/portal\/wp-json\/wp\/v2\/posts\/37440\/revisions"}],"predecessor-version":[{"id":37445,"href":"https:\/\/tonala.gob.mx\/portal\/wp-json\/wp\/v2\/posts\/37440\/revisions\/37445"}],"wp:featuredmedia":[{"embeddable":true,"href":"https:\/\/tonala.gob.mx\/portal\/wp-json\/wp\/v2\/media\/37442"}],"wp:attachment":[{"href":"https:\/\/tonala.gob.mx\/portal\/wp-json\/wp\/v2\/media?parent=37440"}],"wp:term":[{"taxonomy":"category","embeddable":true,"href":"https:\/\/tonala.gob.mx\/portal\/wp-json\/wp\/v2\/categories?post=37440"},{"taxonomy":"post_tag","embeddable":true,"href":"https:\/\/tonala.gob.mx\/portal\/wp-json\/wp\/v2\/tags?post=37440"}],"curies":[{"name":"wp","href":"https:\/\/api.w.org\/{rel}","templated":true}]}}