{"id":37424,"date":"2025-03-19T20:35:00","date_gmt":"2025-03-20T02:35:00","guid":{"rendered":"https:\/\/tonala.gob.mx\/portal\/?p=37424"},"modified":"2025-03-20T08:39:43","modified_gmt":"2025-03-20T14:39:43","slug":"despiden-con-honores-a-ex-presidente-municipal-juan-lara-lucano","status":"publish","type":"post","link":"https:\/\/tonala.gob.mx\/portal\/2025\/03\/19\/despiden-con-honores-a-ex-presidente-municipal-juan-lara-lucano\/","title":{"rendered":"Despiden con honores a ex presidente municipal Juan Lara Lucano"},"content":{"rendered":"\n<p>Este d\u00eda en el patio Miguel Hidalgo de la presidencia municipal, son\u00f3 la banda de guerra en honor a qui\u00e9n fue alcalde, Juan Lara Lucano, donde se realizaron guardias de honor al cuerpo presente de familiares, ex presidentes y los integrantes del cabildo municipal.<\/p>\n\n\n\n<figure class=\"wp-block-image size-large\"><a href=\"https:\/\/tonala.gob.mx\/portal\/wp-content\/uploads\/2025\/03\/2.jpg\"><img fetchpriority=\"high\" decoding=\"async\" width=\"2560\" height=\"1706\" src=\"https:\/\/tonala.gob.mx\/portal\/wp-content\/uploads\/2025\/03\/2-1024x682.jpg\" alt=\"\" class=\"wp-image-37426\" srcset=\"https:\/\/tonala.gob.mx\/portal\/wp-content\/uploads\/2025\/03\/2-1024x682.jpg 1024w, https:\/\/tonala.gob.mx\/portal\/wp-content\/uploads\/2025\/03\/2-300x200.jpg 300w, https:\/\/tonala.gob.mx\/portal\/wp-content\/uploads\/2025\/03\/2-768x512.jpg 768w, https:\/\/tonala.gob.mx\/portal\/wp-content\/uploads\/2025\/03\/2-1536x1024.jpg 1536w, https:\/\/tonala.gob.mx\/portal\/wp-content\/uploads\/2025\/03\/2-2048x1365.jpg 2048w\" sizes=\"(max-width: 2560px) 100vw, 2560px\" \/><\/a><\/figure>\n\n\n\n<p>Don Juan Lara, fue de oficio agricultor, incursion\u00f3 en la fabricaci\u00f3n de artesan\u00edas, a trav\u00e9s de la elaboraci\u00f3n de jarritos, su facilidad de palabra y don de convencimiento, lo llevaron a estudiar la carrera de docente, egresando de la Escuela Normal de Jalisco y de la cual ser\u00eda profesor por m\u00e1s de 25 a\u00f1os.&nbsp;<\/p>\n\n\n\n<p>Entre los cargos p\u00fablicos que ejerci\u00f3 fue titular del registro civil hasta alcanzar la vicepresidencia municipal, en el a\u00f1o de 1998.&nbsp; Pero el destino le ten\u00eda reservado el m\u00e1ximo escal\u00f3n al que un tonalteca puede aspirar en el municipio y en el mes de marzo del a\u00f1o 2000 se convirti\u00f3 en presidente municipal.<\/p>\n\n\n\n<figure class=\"wp-block-image size-large\"><a href=\"https:\/\/tonala.gob.mx\/portal\/wp-content\/uploads\/2025\/03\/3.jpg\"><img decoding=\"async\" width=\"1024\" height=\"682\" src=\"https:\/\/tonala.gob.mx\/portal\/wp-content\/uploads\/2025\/03\/3-1024x682.jpg\" alt=\"\" class=\"wp-image-37427\" srcset=\"https:\/\/tonala.gob.mx\/portal\/wp-content\/uploads\/2025\/03\/3-1024x682.jpg 1024w, https:\/\/tonala.gob.mx\/portal\/wp-content\/uploads\/2025\/03\/3-300x200.jpg 300w, https:\/\/tonala.gob.mx\/portal\/wp-content\/uploads\/2025\/03\/3-768x512.jpg 768w, https:\/\/tonala.gob.mx\/portal\/wp-content\/uploads\/2025\/03\/3-1536x1023.jpg 1536w, https:\/\/tonala.gob.mx\/portal\/wp-content\/uploads\/2025\/03\/3.jpg 1600w\" sizes=\"(max-width: 1024px) 100vw, 1024px\" \/><\/a><\/figure>\n\n\n\n<p>Adem\u00e1s; incursion\u00f3 en la abogac\u00eda, ejerciendo este ministerio pr\u00e1cticamente hasta el d\u00eda anterior de su fallecimiento.&nbsp;<\/p>\n\n\n\n<p>En su fraternal mensaje, el presidente municipal Sergio Ch\u00e1vez D\u00e1valos, expres\u00f3 su m\u00e1s sentido p\u00e9same a t\u00edtulo personal y en calidad de presidente municipal, considerando que Don Juan fue una figura p\u00fablica que sirvi\u00f3 a los tonaltecas.&nbsp; &nbsp;<\/p>\n\n\n\n<figure class=\"wp-block-image size-large\"><a href=\"https:\/\/tonala.gob.mx\/portal\/wp-content\/uploads\/2025\/03\/4.jpg\"><img decoding=\"async\" width=\"1024\" height=\"682\" src=\"https:\/\/tonala.gob.mx\/portal\/wp-content\/uploads\/2025\/03\/4-1024x682.jpg\" alt=\"\" class=\"wp-image-37428\" srcset=\"https:\/\/tonala.gob.mx\/portal\/wp-content\/uploads\/2025\/03\/4-1024x682.jpg 1024w, https:\/\/tonala.gob.mx\/portal\/wp-content\/uploads\/2025\/03\/4-300x200.jpg 300w, https:\/\/tonala.gob.mx\/portal\/wp-content\/uploads\/2025\/03\/4-768x512.jpg 768w, https:\/\/tonala.gob.mx\/portal\/wp-content\/uploads\/2025\/03\/4-1536x1024.jpg 1536w, https:\/\/tonala.gob.mx\/portal\/wp-content\/uploads\/2025\/03\/4-2048x1365.jpg 2048w\" sizes=\"(max-width: 1024px) 100vw, 1024px\" \/><\/a><\/figure>\n\n\n\n<p><\/p>\n","protected":false},"excerpt":{"rendered":"<p>Este d\u00eda en el patio Miguel Hidalgo de la presidencia municipal, son\u00f3 la banda de guerra en honor a qui\u00e9n<\/p>\n","protected":false},"author":2,"featured_media":37425,"comment_status":"closed","ping_status":"open","sticky":false,"template":"","format":"standard","meta":{"colormag_page_container_layout":"default_layout","colormag_page_sidebar_layout":"default_layout","footnotes":""},"categories":[2],"tags":[],"class_list":["post-37424","post","type-post","status-publish","format-standard","has-post-thumbnail","hentry","category-comunicacion-social"],"_links":{"self":[{"href":"https:\/\/tonala.gob.mx\/portal\/wp-json\/wp\/v2\/posts\/37424","targetHints":{"allow":["GET"]}}],"collection":[{"href":"https:\/\/tonala.gob.mx\/portal\/wp-json\/wp\/v2\/posts"}],"about":[{"href":"https:\/\/tonala.gob.mx\/portal\/wp-json\/wp\/v2\/types\/post"}],"author":[{"embeddable":true,"href":"https:\/\/tonala.gob.mx\/portal\/wp-json\/wp\/v2\/users\/2"}],"replies":[{"embeddable":true,"href":"https:\/\/tonala.gob.mx\/portal\/wp-json\/wp\/v2\/comments?post=37424"}],"version-history":[{"count":1,"href":"https:\/\/tonala.gob.mx\/portal\/wp-json\/wp\/v2\/posts\/37424\/revisions"}],"predecessor-version":[{"id":37429,"href":"https:\/\/tonala.gob.mx\/portal\/wp-json\/wp\/v2\/posts\/37424\/revisions\/37429"}],"wp:featuredmedia":[{"embeddable":true,"href":"https:\/\/tonala.gob.mx\/portal\/wp-json\/wp\/v2\/media\/37425"}],"wp:attachment":[{"href":"https:\/\/tonala.gob.mx\/portal\/wp-json\/wp\/v2\/media?parent=37424"}],"wp:term":[{"taxonomy":"category","embeddable":true,"href":"https:\/\/tonala.gob.mx\/portal\/wp-json\/wp\/v2\/categories?post=37424"},{"taxonomy":"post_tag","embeddable":true,"href":"https:\/\/tonala.gob.mx\/portal\/wp-json\/wp\/v2\/tags?post=37424"}],"curies":[{"name":"wp","href":"https:\/\/api.w.org\/{rel}","templated":true}]}}