{"id":37380,"date":"2025-02-27T22:20:00","date_gmt":"2025-02-28T04:20:00","guid":{"rendered":"https:\/\/tonala.gob.mx\/portal\/?p=37380"},"modified":"2025-02-28T10:24:01","modified_gmt":"2025-02-28T16:24:01","slug":"aprueban-convenios-con-escudo-urbano","status":"publish","type":"post","link":"https:\/\/tonala.gob.mx\/portal\/2025\/02\/27\/aprueban-convenios-con-escudo-urbano\/","title":{"rendered":"Aprueban convenios con Escudo Urbano"},"content":{"rendered":"\n<figure class=\"wp-block-image size-large\"><a href=\"https:\/\/tonala.gob.mx\/portal\/wp-content\/uploads\/2025\/02\/3fa4dcf3-a519-4c33-9c96-757709f340a1.jpg\"><img fetchpriority=\"high\" decoding=\"async\" width=\"1024\" height=\"682\" src=\"https:\/\/tonala.gob.mx\/portal\/wp-content\/uploads\/2025\/02\/3fa4dcf3-a519-4c33-9c96-757709f340a1-1024x682.jpg\" alt=\"\" class=\"wp-image-37381\" srcset=\"https:\/\/tonala.gob.mx\/portal\/wp-content\/uploads\/2025\/02\/3fa4dcf3-a519-4c33-9c96-757709f340a1-1024x682.jpg 1024w, https:\/\/tonala.gob.mx\/portal\/wp-content\/uploads\/2025\/02\/3fa4dcf3-a519-4c33-9c96-757709f340a1-300x200.jpg 300w, https:\/\/tonala.gob.mx\/portal\/wp-content\/uploads\/2025\/02\/3fa4dcf3-a519-4c33-9c96-757709f340a1-768x512.jpg 768w, https:\/\/tonala.gob.mx\/portal\/wp-content\/uploads\/2025\/02\/3fa4dcf3-a519-4c33-9c96-757709f340a1-1536x1023.jpg 1536w, https:\/\/tonala.gob.mx\/portal\/wp-content\/uploads\/2025\/02\/3fa4dcf3-a519-4c33-9c96-757709f340a1.jpg 1600w\" sizes=\"(max-width: 1024px) 100vw, 1024px\" \/><\/a><\/figure>\n\n\n\n<p>El Ayuntamiento de Tonal\u00e1 aprob\u00f3 en sesi\u00f3n ordinaria, celebrada esta tarde, dos iniciativas presentadas por el presidente municipal Sergio Ch\u00e1vez D\u00e1valos para suscribir igual n\u00famero de convenios de coordinaci\u00f3n y colaboraci\u00f3n con el Centro de Coordinaci\u00f3n, Comando, Control, Comunicaciones y C\u00f3mputo del Estado de Jalisco (Escudo Urbano C5 Jalisco).<\/p>\n\n\n\n<p>El primero de ellos permitir\u00e1 a la instancia de seguridad p\u00fablica municipal acceso a la se\u00f1al de transmisi\u00f3n en la modalidad indirecta \u201cTerminal Espejo\u201d, para la realizaci\u00f3n de labores \u00fanica y exclusivamente en materia de protecci\u00f3n civil, seguridad p\u00fablica y movilidad y emergencias, as\u00ed como el intercambio de informaci\u00f3n en tiempo real.<\/p>\n\n\n\n<p>\u201cLa videovigilancia permanente de puntos estrat\u00e9gicos permite disuadir actos delictivos como robos a mano armada, asaltos a transe\u00fantes, vandalismo, tr\u00e1fico de drogas y otros delitos que afectan la seguridad p\u00fablica del municipio\u201d, justific\u00f3 el alcalde en su iniciativa.<\/p>\n\n\n\n<p>\u00a0\u00a0<img decoding=\"async\" width=\"4000\" height=\"2665\" class=\"wp-image-37382\" style=\"width: 4000px;\" src=\"https:\/\/tonala.gob.mx\/portal\/wp-content\/uploads\/2025\/02\/f379e579-cd88-48e0-ae7e-32667df6a93e.jpg\" alt=\"\" srcset=\"https:\/\/tonala.gob.mx\/portal\/wp-content\/uploads\/2025\/02\/f379e579-cd88-48e0-ae7e-32667df6a93e.jpg 1600w, https:\/\/tonala.gob.mx\/portal\/wp-content\/uploads\/2025\/02\/f379e579-cd88-48e0-ae7e-32667df6a93e-300x200.jpg 300w, https:\/\/tonala.gob.mx\/portal\/wp-content\/uploads\/2025\/02\/f379e579-cd88-48e0-ae7e-32667df6a93e-1024x682.jpg 1024w, https:\/\/tonala.gob.mx\/portal\/wp-content\/uploads\/2025\/02\/f379e579-cd88-48e0-ae7e-32667df6a93e-768x512.jpg 768w, https:\/\/tonala.gob.mx\/portal\/wp-content\/uploads\/2025\/02\/f379e579-cd88-48e0-ae7e-32667df6a93e-1536x1023.jpg 1536w\" sizes=\"(max-width: 4000px) 100vw, 4000px\" \/><\/p>\n\n\n\n<p>A\u00f1adi\u00f3: \u201cLa visualizaci\u00f3n en tiempo real de eventos delictivos o de emergencia permite una respuesta m\u00e1s r\u00e1pida y efectiva por parte de las fuerzas de seguridad p\u00fablica y de los servicios de protecci\u00f3n civil y atenci\u00f3n m\u00e9dica. El acceso a la infraestructura tecnol\u00f3gica del C5 Jalisco permitir\u00eda al Ayuntamiento aprovechar recursos ya existentes sin necesidad de realizar inversiones adicionales\u201d.<\/p>\n\n\n\n<p>Mediante el segundo convenio el gobierno municipal recibir\u00e1 del C5 Jalisco, de forma temporal y gratuita, bajo la figura de comodato, equipos de radiocomunicaci\u00f3n con tecnolog\u00eda P25, TETRAPOL y MXLINK. Ambos convenios tendr\u00e1n vigencia hasta el 30 de septiembre de 2027.<\/p>\n\n\n\n<p>Tambi\u00e9n a iniciativa de Ch\u00e1vez D\u00e1valos, se aprob\u00f3 renovar el convenio de incorporaci\u00f3n voluntaria al R\u00e9gimen Obligatorio de Seguro Social de los Trabajadores al Servicio del Municipio con el Instituto Mexicano del Seguro Social (IMSS).<\/p>\n","protected":false},"excerpt":{"rendered":"<p>El Ayuntamiento de Tonal\u00e1 aprob\u00f3 en sesi\u00f3n ordinaria, celebrada esta tarde, dos iniciativas presentadas por el presidente municipal Sergio Ch\u00e1vez<\/p>\n","protected":false},"author":1,"featured_media":37383,"comment_status":"closed","ping_status":"open","sticky":false,"template":"","format":"standard","meta":{"colormag_page_container_layout":"default_layout","colormag_page_sidebar_layout":"default_layout","footnotes":""},"categories":[2],"tags":[],"class_list":["post-37380","post","type-post","status-publish","format-standard","has-post-thumbnail","hentry","category-comunicacion-social"],"_links":{"self":[{"href":"https:\/\/tonala.gob.mx\/portal\/wp-json\/wp\/v2\/posts\/37380","targetHints":{"allow":["GET"]}}],"collection":[{"href":"https:\/\/tonala.gob.mx\/portal\/wp-json\/wp\/v2\/posts"}],"about":[{"href":"https:\/\/tonala.gob.mx\/portal\/wp-json\/wp\/v2\/types\/post"}],"author":[{"embeddable":true,"href":"https:\/\/tonala.gob.mx\/portal\/wp-json\/wp\/v2\/users\/1"}],"replies":[{"embeddable":true,"href":"https:\/\/tonala.gob.mx\/portal\/wp-json\/wp\/v2\/comments?post=37380"}],"version-history":[{"count":1,"href":"https:\/\/tonala.gob.mx\/portal\/wp-json\/wp\/v2\/posts\/37380\/revisions"}],"predecessor-version":[{"id":37384,"href":"https:\/\/tonala.gob.mx\/portal\/wp-json\/wp\/v2\/posts\/37380\/revisions\/37384"}],"wp:featuredmedia":[{"embeddable":true,"href":"https:\/\/tonala.gob.mx\/portal\/wp-json\/wp\/v2\/media\/37383"}],"wp:attachment":[{"href":"https:\/\/tonala.gob.mx\/portal\/wp-json\/wp\/v2\/media?parent=37380"}],"wp:term":[{"taxonomy":"category","embeddable":true,"href":"https:\/\/tonala.gob.mx\/portal\/wp-json\/wp\/v2\/categories?post=37380"},{"taxonomy":"post_tag","embeddable":true,"href":"https:\/\/tonala.gob.mx\/portal\/wp-json\/wp\/v2\/tags?post=37380"}],"curies":[{"name":"wp","href":"https:\/\/api.w.org\/{rel}","templated":true}]}}