{"id":37373,"date":"2025-02-26T17:15:00","date_gmt":"2025-02-26T23:15:00","guid":{"rendered":"https:\/\/tonala.gob.mx\/portal\/?p=37373"},"modified":"2025-02-28T10:20:09","modified_gmt":"2025-02-28T16:20:09","slug":"se-inauguro-estacion-de-transferencia-tonala-oriente","status":"publish","type":"post","link":"https:\/\/tonala.gob.mx\/portal\/2025\/02\/26\/se-inauguro-estacion-de-transferencia-tonala-oriente\/","title":{"rendered":"Se inaugur\u00f3 estaci\u00f3n de transferencia Tonala-Oriente"},"content":{"rendered":"\n<figure class=\"wp-block-image size-large\"><a href=\"https:\/\/tonala.gob.mx\/portal\/wp-content\/uploads\/2025\/02\/6002c7a9-d836-48b5-a413-8b6a8bdd14b0.jpg\"><img fetchpriority=\"high\" decoding=\"async\" width=\"1024\" height=\"682\" src=\"https:\/\/tonala.gob.mx\/portal\/wp-content\/uploads\/2025\/02\/6002c7a9-d836-48b5-a413-8b6a8bdd14b0-1024x682.jpg\" alt=\"\" class=\"wp-image-37374\" srcset=\"https:\/\/tonala.gob.mx\/portal\/wp-content\/uploads\/2025\/02\/6002c7a9-d836-48b5-a413-8b6a8bdd14b0-1024x682.jpg 1024w, https:\/\/tonala.gob.mx\/portal\/wp-content\/uploads\/2025\/02\/6002c7a9-d836-48b5-a413-8b6a8bdd14b0-300x200.jpg 300w, https:\/\/tonala.gob.mx\/portal\/wp-content\/uploads\/2025\/02\/6002c7a9-d836-48b5-a413-8b6a8bdd14b0-768x512.jpg 768w, https:\/\/tonala.gob.mx\/portal\/wp-content\/uploads\/2025\/02\/6002c7a9-d836-48b5-a413-8b6a8bdd14b0-1536x1024.jpg 1536w, https:\/\/tonala.gob.mx\/portal\/wp-content\/uploads\/2025\/02\/6002c7a9-d836-48b5-a413-8b6a8bdd14b0-2048x1365.jpg 2048w\" sizes=\"(max-width: 1024px) 100vw, 1024px\" \/><\/a><\/figure>\n\n\n\n<p>El gobernador del estado, Pablo Lemus Navarro y el presidente municipal de Tonal\u00e1 Sergio Ch\u00e1vez D\u00e1valos, inauguraron este d\u00eda la estaci\u00f3n de transferencia de residuos s\u00f3lidos Tonal\u00e1-Oriente, en la que se invirtieron 150 millones de pesos, de los cuales el gobierno estatal aport\u00f3 15 millones y el resto es de recursos propios del municipio.<\/p>\n\n\n\n<p>La estaci\u00f3n tiene permiso para transferir, al momento, mil 500 toneladas de residuos y capacidad, en un momento dado, de movilizar hasta dos mil 500 toneladas cada 24 horas.&nbsp;<\/p>\n\n\n\n<p>Se trata de una estaci\u00f3n de transferencia de \u00faltima generaci\u00f3n y amable con el medio ambiente, construida sobre 35 mil metros cuadrados de propiedad municipal. Cuenta con la tecnolog\u00eda necesaria para evitar filtraciones al subsuelo y un sistema de drenajes para conducir por separado aguas residuales y negras, aunado a una planta de tratamiento para procesar los lixiviados que pidiesen escurrir durante el proceso de transferencia.<\/p>\n\n\n\n<p>En materia de tecnolog\u00eda cuenta con un C 3 para una eficiente administraci\u00f3n de los movimientos que se realicen cada d\u00eda, como ser\u00eda, por ejemplo, el pesaje y tara de las unidades que trasladan los residuos.<\/p>\n\n\n\n<figure class=\"wp-block-image size-large\"><a href=\"https:\/\/tonala.gob.mx\/portal\/wp-content\/uploads\/2025\/02\/3b41c479-e540-401e-851d-d164be70ce4b-1.jpg\"><img decoding=\"async\" width=\"1024\" height=\"682\" src=\"https:\/\/tonala.gob.mx\/portal\/wp-content\/uploads\/2025\/02\/3b41c479-e540-401e-851d-d164be70ce4b-1-1024x682.jpg\" alt=\"\" class=\"wp-image-37377\" srcset=\"https:\/\/tonala.gob.mx\/portal\/wp-content\/uploads\/2025\/02\/3b41c479-e540-401e-851d-d164be70ce4b-1-1024x682.jpg 1024w, https:\/\/tonala.gob.mx\/portal\/wp-content\/uploads\/2025\/02\/3b41c479-e540-401e-851d-d164be70ce4b-1-300x200.jpg 300w, https:\/\/tonala.gob.mx\/portal\/wp-content\/uploads\/2025\/02\/3b41c479-e540-401e-851d-d164be70ce4b-1-768x512.jpg 768w, https:\/\/tonala.gob.mx\/portal\/wp-content\/uploads\/2025\/02\/3b41c479-e540-401e-851d-d164be70ce4b-1-1536x1024.jpg 1536w, https:\/\/tonala.gob.mx\/portal\/wp-content\/uploads\/2025\/02\/3b41c479-e540-401e-851d-d164be70ce4b-1-2048x1365.jpg 2048w\" sizes=\"(max-width: 1024px) 100vw, 1024px\" \/><\/a><\/figure>\n\n\n\n<p>Ch\u00e1vez D\u00e1valos hizo un recuento de las vicisitudes que ha enfrentado desde la pasada administraci\u00f3n y lo que va de la actual con el tema de la basura y su lucha en contra de la empresa Caabsa por el irresponsable manejo de la recolecci\u00f3n y de los vertederos de Los Laureles y Matatl\u00e1n.<\/p>\n\n\n\n<p>\u201cFue una larga batalla, de andar en Matatl\u00e1n en la madrugada, en la tarde, en la noche\u2026recibir amenazas y recibir mensajes de que no iba a poder con la empresa y de ah\u00ed le fuimos sumando para ver como entrarle a esto y hoy las cosas son diferentes porque hoy va para dos a\u00f1os que en Tonal\u00e1 no se queda un kilo de basura de ning\u00fan municipio de la Zona Metropolitana de Guadalajara\u201d.<\/p>\n\n\n\n<p>El primer edil tonalteca insisti\u00f3 en que el problema de la basura es un tema metropolitano y como tal se le debe dar soluci\u00f3n mediante la creaci\u00f3n del Sistema Metropolitana de Residuos S\u00f3lidos, conocido coloquialmente como el Siapa de la Basura.<\/p>\n\n\n\n<p>\u201cEsta ciudad de cinco millones de seres humanos que vivimos en 9 municipios generamos casi cinco mil toneladas de basura cada 24 horas. Guadalajara ya dio el primer paso y va para tres meses que ellos est\u00e1n haciendo la recolecci\u00f3n. Nosotros, en 38 d\u00edas, se\u00f1or gobernador, estaremos asumiendo el control total y la recolecci\u00f3n de 500 toneladas de basura que generamos los tonaltecas, pero esta estaci\u00f3n, con la coordinaci\u00f3n de usted, estar\u00e1 recibiendo (residuos) de los municipios de El Salto, Juanacatl\u00e1n y la parte oriente de Guadalajara\u201d, subray\u00f3 Ch\u00e1vez D\u00e1valos.&nbsp;&nbsp;<\/p>\n\n\n\n<p>En su momento, el titular del Ejecutivo, Pablo Lemos Navarro se refiri\u00f3 a la labor de Ch\u00e1vez Davalos y se\u00f1al\u00f3: \u201cpresidente quiero felicitarte porque lo que estas anunciando hoy no solamente es una inauguraci\u00f3n\u2026es una transformaci\u00f3n del modelo de Tonal\u00e1, que anteriormente recib\u00eda residuos y ahora el nuevo modelo es que aqu\u00ed solamente se hace la transferencia de los residuos y no se almacena, como bien los dijo el presidente,\u00a0 ni un solo kilo de basura por m\u00e1s de 24 horas en esta planta de transferencia\u201d.<\/p>\n\n\n\n<figure class=\"wp-block-image size-large\"><a href=\"https:\/\/tonala.gob.mx\/portal\/wp-content\/uploads\/2025\/02\/5ac0dedf-b59c-460c-b266-66c60d7d7c6b.jpg\"><img decoding=\"async\" width=\"1024\" height=\"682\" src=\"https:\/\/tonala.gob.mx\/portal\/wp-content\/uploads\/2025\/02\/5ac0dedf-b59c-460c-b266-66c60d7d7c6b-1024x682.jpg\" alt=\"\" class=\"wp-image-37376\" srcset=\"https:\/\/tonala.gob.mx\/portal\/wp-content\/uploads\/2025\/02\/5ac0dedf-b59c-460c-b266-66c60d7d7c6b-1024x682.jpg 1024w, https:\/\/tonala.gob.mx\/portal\/wp-content\/uploads\/2025\/02\/5ac0dedf-b59c-460c-b266-66c60d7d7c6b-300x200.jpg 300w, https:\/\/tonala.gob.mx\/portal\/wp-content\/uploads\/2025\/02\/5ac0dedf-b59c-460c-b266-66c60d7d7c6b-768x512.jpg 768w, https:\/\/tonala.gob.mx\/portal\/wp-content\/uploads\/2025\/02\/5ac0dedf-b59c-460c-b266-66c60d7d7c6b-1536x1024.jpg 1536w, https:\/\/tonala.gob.mx\/portal\/wp-content\/uploads\/2025\/02\/5ac0dedf-b59c-460c-b266-66c60d7d7c6b-2048x1365.jpg 2048w\" sizes=\"(max-width: 1024px) 100vw, 1024px\" \/><\/a><\/figure>\n\n\n\n<p>Lemus Navarro resalt\u00f3 y reiter\u00f3 la felicitaci\u00f3n a Ch\u00e1vez D\u00e1valos porque al edificar la estaci\u00f3n de transferencia no s\u00f3lo se pens\u00f3 en Tonal\u00e1.&nbsp; Se hizo pensando en que el beneficio alcance a tres municipios m\u00e1s del \u00e1rea metropolitana de Guadalajara.<\/p>\n\n\n\n<p>Con relaci\u00f3n al da\u00f1o ambiental que la empresa Caabsa ocasion\u00f3 al municipio con los vertederos de Los Laureles y Matatl\u00e1n, los que abandon\u00f3 sin la respectiva remediaci\u00f3n, Lemus Navarro y Ch\u00e1vez D\u00e1valos comentaron, por separado, que ya se presentaron las denuncias correspondientes en contra de la empresa.<\/p>\n","protected":false},"excerpt":{"rendered":"<p>El gobernador del estado, Pablo Lemus Navarro y el presidente municipal de Tonal\u00e1 Sergio Ch\u00e1vez D\u00e1valos, inauguraron este d\u00eda la<\/p>\n","protected":false},"author":1,"featured_media":37378,"comment_status":"closed","ping_status":"open","sticky":false,"template":"","format":"standard","meta":{"colormag_page_container_layout":"default_layout","colormag_page_sidebar_layout":"default_layout","footnotes":""},"categories":[2],"tags":[],"class_list":["post-37373","post","type-post","status-publish","format-standard","has-post-thumbnail","hentry","category-comunicacion-social"],"_links":{"self":[{"href":"https:\/\/tonala.gob.mx\/portal\/wp-json\/wp\/v2\/posts\/37373","targetHints":{"allow":["GET"]}}],"collection":[{"href":"https:\/\/tonala.gob.mx\/portal\/wp-json\/wp\/v2\/posts"}],"about":[{"href":"https:\/\/tonala.gob.mx\/portal\/wp-json\/wp\/v2\/types\/post"}],"author":[{"embeddable":true,"href":"https:\/\/tonala.gob.mx\/portal\/wp-json\/wp\/v2\/users\/1"}],"replies":[{"embeddable":true,"href":"https:\/\/tonala.gob.mx\/portal\/wp-json\/wp\/v2\/comments?post=37373"}],"version-history":[{"count":1,"href":"https:\/\/tonala.gob.mx\/portal\/wp-json\/wp\/v2\/posts\/37373\/revisions"}],"predecessor-version":[{"id":37379,"href":"https:\/\/tonala.gob.mx\/portal\/wp-json\/wp\/v2\/posts\/37373\/revisions\/37379"}],"wp:featuredmedia":[{"embeddable":true,"href":"https:\/\/tonala.gob.mx\/portal\/wp-json\/wp\/v2\/media\/37378"}],"wp:attachment":[{"href":"https:\/\/tonala.gob.mx\/portal\/wp-json\/wp\/v2\/media?parent=37373"}],"wp:term":[{"taxonomy":"category","embeddable":true,"href":"https:\/\/tonala.gob.mx\/portal\/wp-json\/wp\/v2\/categories?post=37373"},{"taxonomy":"post_tag","embeddable":true,"href":"https:\/\/tonala.gob.mx\/portal\/wp-json\/wp\/v2\/tags?post=37373"}],"curies":[{"name":"wp","href":"https:\/\/api.w.org\/{rel}","templated":true}]}}