{"id":37268,"date":"2025-01-30T20:19:00","date_gmt":"2025-01-31T02:19:00","guid":{"rendered":"https:\/\/tonala.gob.mx\/portal\/?p=37268"},"modified":"2025-01-31T11:14:42","modified_gmt":"2025-01-31T17:14:42","slug":"se-aprueba-nuevo-codigo-de-comercio-en-tonala","status":"publish","type":"post","link":"https:\/\/tonala.gob.mx\/portal\/2025\/01\/30\/se-aprueba-nuevo-codigo-de-comercio-en-tonala\/","title":{"rendered":"Se aprueba nuevo c\u00f3digo de comercio en Tonal\u00e1"},"content":{"rendered":"\n<figure class=\"wp-block-image size-large\"><a href=\"https:\/\/tonala.gob.mx\/portal\/wp-content\/uploads\/2025\/01\/e7bc6d0b-d80c-456b-aded-80f6ac3d40da.jpg\"><img fetchpriority=\"high\" decoding=\"async\" width=\"1024\" height=\"682\" src=\"https:\/\/tonala.gob.mx\/portal\/wp-content\/uploads\/2025\/01\/e7bc6d0b-d80c-456b-aded-80f6ac3d40da-1024x682.jpg\" alt=\"\" class=\"wp-image-37270\" srcset=\"https:\/\/tonala.gob.mx\/portal\/wp-content\/uploads\/2025\/01\/e7bc6d0b-d80c-456b-aded-80f6ac3d40da-1024x682.jpg 1024w, https:\/\/tonala.gob.mx\/portal\/wp-content\/uploads\/2025\/01\/e7bc6d0b-d80c-456b-aded-80f6ac3d40da-300x200.jpg 300w, https:\/\/tonala.gob.mx\/portal\/wp-content\/uploads\/2025\/01\/e7bc6d0b-d80c-456b-aded-80f6ac3d40da-768x512.jpg 768w, https:\/\/tonala.gob.mx\/portal\/wp-content\/uploads\/2025\/01\/e7bc6d0b-d80c-456b-aded-80f6ac3d40da-1536x1023.jpg 1536w, https:\/\/tonala.gob.mx\/portal\/wp-content\/uploads\/2025\/01\/e7bc6d0b-d80c-456b-aded-80f6ac3d40da.jpg 1600w\" sizes=\"(max-width: 1024px) 100vw, 1024px\" \/><\/a><\/figure>\n\n\n\n<p>Con 15 votos a favor y cuatro en contra, el Ayuntamiento de Tonal\u00e1 aprob\u00f3 en lo general el C\u00f3digo de Comercio que regular\u00e1 esta actividad en el territorio tonalteca y se acord\u00f3 ponerlo a discusi\u00f3n en lo particular, art\u00edculo por art\u00edculo, en la pr\u00f3xima sesi\u00f3n ordinaria.<\/p>\n\n\n\n<p>Previamente, en reuni\u00f3n de comisiones se desahogar\u00e1n las observaciones que al respecto tengan las y los Regidores, para que el d\u00eda de la siguiente sesi\u00f3n est\u00e9 todo claro y se vote en lo particular.&nbsp;&nbsp;<\/p>\n\n\n\n<p>Por otro lado, se aprob\u00f3 la creaci\u00f3n de la Jefatura de Inspecci\u00f3n de Urbanizaciones que tiene como prop\u00f3sito supervisar que los desarrollos urban\u00edsticos y los bancos de materiales cumplan con las obligaciones que las leyes y reglamentos les imponen y tratar de frenar de esta manera los asentamientos que no efect\u00faan correctamente sus acciones y a la postre se convierten en una carga para las autoridades municipales.<\/p>\n\n\n\n<p>La propuesta fue del presidente municipal Sergio Ch\u00e1vez D\u00e1valos y explic\u00f3 que dicha jefatura depender\u00e1 de la Direcci\u00f3n de Inspecci\u00f3n y Vigilancia y conlleva, primordialmente, el fin de evitar un crecimiento an\u00e1rquico y desmedido del municipio<\/p>\n\n\n\n<p>A propuesta del Regidor Juan Carlos Villarreal Salazar, se aprob\u00f3 solicitarle al gobernador del Estado Pablo Lemus Navarro que entregue en donaci\u00f3n al organismo p\u00fablico descentralizado Bosques Urbanos el predio que ocupa el Parque Ecol\u00f3gico del Cerro de la Reina.<\/p>\n\n\n\n<figure class=\"wp-block-image size-large\"><a href=\"https:\/\/tonala.gob.mx\/portal\/wp-content\/uploads\/2025\/01\/add493a6-4208-4a85-b7a4-0b10effb8b46.jpg\"><img decoding=\"async\" width=\"1024\" height=\"682\" src=\"https:\/\/tonala.gob.mx\/portal\/wp-content\/uploads\/2025\/01\/add493a6-4208-4a85-b7a4-0b10effb8b46-1024x682.jpg\" alt=\"\" class=\"wp-image-37272\" srcset=\"https:\/\/tonala.gob.mx\/portal\/wp-content\/uploads\/2025\/01\/add493a6-4208-4a85-b7a4-0b10effb8b46-1024x682.jpg 1024w, https:\/\/tonala.gob.mx\/portal\/wp-content\/uploads\/2025\/01\/add493a6-4208-4a85-b7a4-0b10effb8b46-300x200.jpg 300w, https:\/\/tonala.gob.mx\/portal\/wp-content\/uploads\/2025\/01\/add493a6-4208-4a85-b7a4-0b10effb8b46-768x512.jpg 768w, https:\/\/tonala.gob.mx\/portal\/wp-content\/uploads\/2025\/01\/add493a6-4208-4a85-b7a4-0b10effb8b46-1536x1023.jpg 1536w, https:\/\/tonala.gob.mx\/portal\/wp-content\/uploads\/2025\/01\/add493a6-4208-4a85-b7a4-0b10effb8b46.jpg 1600w\" sizes=\"(max-width: 1024px) 100vw, 1024px\" \/><\/a><\/figure>\n\n\n\n<p>Dicho predio, con superficie aproximada de 74 mil 893 metros fue donado al gobierno del estado por acuerdo de Ayuntamiento de Tonal\u00e1 n\u00famero 937, aprobado en sesi\u00f3n de fecha 07 de agosto de 2014, donaci\u00f3n que qued\u00f3 formalizada mediante escritura p\u00fablica 4 mil 859 pasada ante la fe del notario p\u00fablico n\u00famero 67, Jos\u00e9 Luis Leal Campos.<\/p>\n\n\n\n<p>Por otro lado, la Regidora Liliana Olea Fr\u00edas present\u00f3 iniciativa de primera lectura y con turno a comisiones para que se dictamine la modificaci\u00f3n de la estructura org\u00e1nica y disposiciones legales que ata\u00f1en al organismo publico descentralizado Servicios de Salud Municipal de Tonal\u00e1, para la inclusi\u00f3n en esta instituci\u00f3n de la Unidad M\u00e9dica denominada \u201cHospitalito\u201d municipal; de la Unidad de Hemodi\u00e1lisis; Unidad de Hipertensi\u00f3n y Diab\u00e9ticos y la Unidad de Maternidad.<\/p>\n\n\n\n<p>En total, las y los ediles tonaltecas dieron tramite a 42 asuntos agendados para la sesi\u00f3n ordinaria celebrada esta tarde de jueves 30 de enero. &nbsp;<\/p>\n","protected":false},"excerpt":{"rendered":"<p>Con 15 votos a favor y cuatro en contra, el Ayuntamiento de Tonal\u00e1 aprob\u00f3 en lo general el C\u00f3digo de<\/p>\n","protected":false},"author":1,"featured_media":37274,"comment_status":"closed","ping_status":"open","sticky":false,"template":"","format":"standard","meta":{"colormag_page_container_layout":"default_layout","colormag_page_sidebar_layout":"default_layout","footnotes":""},"categories":[2],"tags":[],"class_list":["post-37268","post","type-post","status-publish","format-standard","has-post-thumbnail","hentry","category-comunicacion-social"],"_links":{"self":[{"href":"https:\/\/tonala.gob.mx\/portal\/wp-json\/wp\/v2\/posts\/37268","targetHints":{"allow":["GET"]}}],"collection":[{"href":"https:\/\/tonala.gob.mx\/portal\/wp-json\/wp\/v2\/posts"}],"about":[{"href":"https:\/\/tonala.gob.mx\/portal\/wp-json\/wp\/v2\/types\/post"}],"author":[{"embeddable":true,"href":"https:\/\/tonala.gob.mx\/portal\/wp-json\/wp\/v2\/users\/1"}],"replies":[{"embeddable":true,"href":"https:\/\/tonala.gob.mx\/portal\/wp-json\/wp\/v2\/comments?post=37268"}],"version-history":[{"count":1,"href":"https:\/\/tonala.gob.mx\/portal\/wp-json\/wp\/v2\/posts\/37268\/revisions"}],"predecessor-version":[{"id":37275,"href":"https:\/\/tonala.gob.mx\/portal\/wp-json\/wp\/v2\/posts\/37268\/revisions\/37275"}],"wp:featuredmedia":[{"embeddable":true,"href":"https:\/\/tonala.gob.mx\/portal\/wp-json\/wp\/v2\/media\/37274"}],"wp:attachment":[{"href":"https:\/\/tonala.gob.mx\/portal\/wp-json\/wp\/v2\/media?parent=37268"}],"wp:term":[{"taxonomy":"category","embeddable":true,"href":"https:\/\/tonala.gob.mx\/portal\/wp-json\/wp\/v2\/categories?post=37268"},{"taxonomy":"post_tag","embeddable":true,"href":"https:\/\/tonala.gob.mx\/portal\/wp-json\/wp\/v2\/tags?post=37268"}],"curies":[{"name":"wp","href":"https:\/\/api.w.org\/{rel}","templated":true}]}}