{"id":37208,"date":"2025-01-12T15:13:00","date_gmt":"2025-01-12T21:13:00","guid":{"rendered":"https:\/\/tonala.gob.mx\/portal\/?p=37208"},"modified":"2025-01-13T22:17:53","modified_gmt":"2025-01-14T04:17:53","slug":"en-tonala-no-se-reportan-afectaciones-por-sismo","status":"publish","type":"post","link":"https:\/\/tonala.gob.mx\/portal\/2025\/01\/12\/en-tonala-no-se-reportan-afectaciones-por-sismo\/","title":{"rendered":"En Tonal\u00e1 no se  reportan afectaciones por sismo"},"content":{"rendered":"\n<figure class=\"wp-block-image size-large\"><a href=\"https:\/\/tonala.gob.mx\/portal\/wp-content\/uploads\/2025\/01\/a4181172-4a63-4485-b8d5-a6f749d1f466.jpg\"><img fetchpriority=\"high\" decoding=\"async\" width=\"1024\" height=\"576\" src=\"https:\/\/tonala.gob.mx\/portal\/wp-content\/uploads\/2025\/01\/a4181172-4a63-4485-b8d5-a6f749d1f466-1024x576.jpg\" alt=\"\" class=\"wp-image-37209\" srcset=\"https:\/\/tonala.gob.mx\/portal\/wp-content\/uploads\/2025\/01\/a4181172-4a63-4485-b8d5-a6f749d1f466-1024x576.jpg 1024w, https:\/\/tonala.gob.mx\/portal\/wp-content\/uploads\/2025\/01\/a4181172-4a63-4485-b8d5-a6f749d1f466-300x169.jpg 300w, https:\/\/tonala.gob.mx\/portal\/wp-content\/uploads\/2025\/01\/a4181172-4a63-4485-b8d5-a6f749d1f466-768x432.jpg 768w, https:\/\/tonala.gob.mx\/portal\/wp-content\/uploads\/2025\/01\/a4181172-4a63-4485-b8d5-a6f749d1f466-1536x864.jpg 1536w, https:\/\/tonala.gob.mx\/portal\/wp-content\/uploads\/2025\/01\/a4181172-4a63-4485-b8d5-a6f749d1f466.jpg 1599w\" sizes=\"(max-width: 1024px) 100vw, 1024px\" \/><\/a><\/figure>\n\n\n\n<p>Por indicaciones del presidente municipal Sergio Ch\u00e1vez Davalos y del coordinador del Gabinete de Seguridad, Emergencias y Movilidad de Tonal\u00e1, Miguel Maga\u00f1a Orozco, elementos de Seguridad P\u00fablica, Protecci\u00f3n Civil y Bomberos desplegaron un operativo preventivo tras el sismo de 6.1 grados con epicentro al suroeste de Coalcom\u00e1n, Michoac\u00e1n, registrado la madrugada de este d\u00eda 12 de enero.<\/p>\n\n\n\n<p>Se realizaron inspecciones visuales en edificios p\u00fablicos y privados en distintas zonas del municipio, confirmando la ausencia de da\u00f1os estructurales. Entre los puntos revisados se incluyen:<\/p>\n\n\n\n<p><strong>Zona Centro:<\/strong><\/p>\n\n\n\n<p>Presidencia Municipal<\/p>\n\n\n\n<p>Preparatoria Tonal\u00e1 Centro<\/p>\n\n\n\n<p>Cl\u00ednicas IMSS 93 y 84<\/p>\n\n\n\n<p>Unidad Administrativa Morelos<\/p>\n\n\n\n<p><strong>Zona Norte:<\/strong><\/p>\n\n\n\n<p>Cruz Verde Norte<\/p>\n\n\n\n<p>Escuela Primaria Francisco M\u00e1rquez<\/p>\n\n\n\n<p>Plaza Fuentes San Gaspar<\/p>\n\n\n\n<p>Centro Educativo COBAEJ<\/p>\n\n\n\n<p>Escuela Primaria Juan Escutia<\/p>\n\n\n\n<p>Plaza San Gerardo<\/p>\n\n\n\n<p><strong>Zona Sur:<\/strong><\/p>\n\n\n\n<p>Centro Universitario CUTonal\u00e1&nbsp;<\/p>\n\n\n\n<p>La supervisi\u00f3n contin\u00faa y cabe destacar que no se ha recibido ning\u00fan reporte ciudadano que se\u00f1ale alguna afectaci\u00f3n.&nbsp;<\/p>\n\n\n\n<figure class=\"wp-block-image size-large\"><a href=\"https:\/\/tonala.gob.mx\/portal\/wp-content\/uploads\/2025\/01\/dab6478f-9f39-4313-904d-569378d9c38e.jpg\"><img decoding=\"async\" width=\"1024\" height=\"756\" src=\"https:\/\/tonala.gob.mx\/portal\/wp-content\/uploads\/2025\/01\/dab6478f-9f39-4313-904d-569378d9c38e-1024x756.jpg\" alt=\"\" class=\"wp-image-37210\" srcset=\"https:\/\/tonala.gob.mx\/portal\/wp-content\/uploads\/2025\/01\/dab6478f-9f39-4313-904d-569378d9c38e-1024x756.jpg 1024w, https:\/\/tonala.gob.mx\/portal\/wp-content\/uploads\/2025\/01\/dab6478f-9f39-4313-904d-569378d9c38e-300x222.jpg 300w, https:\/\/tonala.gob.mx\/portal\/wp-content\/uploads\/2025\/01\/dab6478f-9f39-4313-904d-569378d9c38e-768x567.jpg 768w, https:\/\/tonala.gob.mx\/portal\/wp-content\/uploads\/2025\/01\/dab6478f-9f39-4313-904d-569378d9c38e.jpg 1472w\" sizes=\"(max-width: 1024px) 100vw, 1024px\" \/><\/a><\/figure>\n","protected":false},"excerpt":{"rendered":"<p>Por indicaciones del presidente municipal Sergio Ch\u00e1vez Davalos y del coordinador del Gabinete de Seguridad, Emergencias y Movilidad de Tonal\u00e1,<\/p>\n","protected":false},"author":1,"featured_media":37211,"comment_status":"closed","ping_status":"open","sticky":false,"template":"","format":"standard","meta":{"colormag_page_container_layout":"default_layout","colormag_page_sidebar_layout":"default_layout","footnotes":""},"categories":[2],"tags":[],"class_list":["post-37208","post","type-post","status-publish","format-standard","has-post-thumbnail","hentry","category-comunicacion-social"],"_links":{"self":[{"href":"https:\/\/tonala.gob.mx\/portal\/wp-json\/wp\/v2\/posts\/37208","targetHints":{"allow":["GET"]}}],"collection":[{"href":"https:\/\/tonala.gob.mx\/portal\/wp-json\/wp\/v2\/posts"}],"about":[{"href":"https:\/\/tonala.gob.mx\/portal\/wp-json\/wp\/v2\/types\/post"}],"author":[{"embeddable":true,"href":"https:\/\/tonala.gob.mx\/portal\/wp-json\/wp\/v2\/users\/1"}],"replies":[{"embeddable":true,"href":"https:\/\/tonala.gob.mx\/portal\/wp-json\/wp\/v2\/comments?post=37208"}],"version-history":[{"count":1,"href":"https:\/\/tonala.gob.mx\/portal\/wp-json\/wp\/v2\/posts\/37208\/revisions"}],"predecessor-version":[{"id":37212,"href":"https:\/\/tonala.gob.mx\/portal\/wp-json\/wp\/v2\/posts\/37208\/revisions\/37212"}],"wp:featuredmedia":[{"embeddable":true,"href":"https:\/\/tonala.gob.mx\/portal\/wp-json\/wp\/v2\/media\/37211"}],"wp:attachment":[{"href":"https:\/\/tonala.gob.mx\/portal\/wp-json\/wp\/v2\/media?parent=37208"}],"wp:term":[{"taxonomy":"category","embeddable":true,"href":"https:\/\/tonala.gob.mx\/portal\/wp-json\/wp\/v2\/categories?post=37208"},{"taxonomy":"post_tag","embeddable":true,"href":"https:\/\/tonala.gob.mx\/portal\/wp-json\/wp\/v2\/tags?post=37208"}],"curies":[{"name":"wp","href":"https:\/\/api.w.org\/{rel}","templated":true}]}}