{"id":37191,"date":"2025-01-02T15:12:00","date_gmt":"2025-01-02T21:12:00","guid":{"rendered":"https:\/\/tonala.gob.mx\/portal\/?p=37191"},"modified":"2025-01-03T12:20:13","modified_gmt":"2025-01-03T18:20:13","slug":"tonala-celebra-el-dia-internacional-del-policia","status":"publish","type":"post","link":"https:\/\/tonala.gob.mx\/portal\/2025\/01\/02\/tonala-celebra-el-dia-internacional-del-policia\/","title":{"rendered":"Tonal\u00e1 celebra el D\u00eda Internacional del Polic\u00eda"},"content":{"rendered":"\n<figure class=\"wp-block-image size-large\"><a href=\"https:\/\/tonala.gob.mx\/portal\/wp-content\/uploads\/2025\/01\/83753e08-ea76-4062-8c84-ae11e8907d14.jpg\"><img fetchpriority=\"high\" decoding=\"async\" width=\"1024\" height=\"682\" src=\"https:\/\/tonala.gob.mx\/portal\/wp-content\/uploads\/2025\/01\/83753e08-ea76-4062-8c84-ae11e8907d14-1024x682.jpg\" alt=\"\" class=\"wp-image-37192\" srcset=\"https:\/\/tonala.gob.mx\/portal\/wp-content\/uploads\/2025\/01\/83753e08-ea76-4062-8c84-ae11e8907d14-1024x682.jpg 1024w, https:\/\/tonala.gob.mx\/portal\/wp-content\/uploads\/2025\/01\/83753e08-ea76-4062-8c84-ae11e8907d14-300x200.jpg 300w, https:\/\/tonala.gob.mx\/portal\/wp-content\/uploads\/2025\/01\/83753e08-ea76-4062-8c84-ae11e8907d14-768x512.jpg 768w, https:\/\/tonala.gob.mx\/portal\/wp-content\/uploads\/2025\/01\/83753e08-ea76-4062-8c84-ae11e8907d14-1536x1023.jpg 1536w, https:\/\/tonala.gob.mx\/portal\/wp-content\/uploads\/2025\/01\/83753e08-ea76-4062-8c84-ae11e8907d14.jpg 1600w\" sizes=\"(max-width: 1024px) 100vw, 1024px\" \/><\/a><\/figure>\n\n\n\n<p>Esta ma\u00f1ana en el marco de la celebraci\u00f3n del D\u00eda Internacional del Polic\u00eda, el presidente municipal Sergio Ch\u00e1vez D\u00e1valos, hizo la entrega de uniformes al cuerpo de polic\u00edas, bomberos, param\u00e9dicos y agentes de movilidad, con una inversi\u00f3n de m\u00e1s de 05 millones de pesos.&nbsp;&nbsp;<\/p>\n\n\n\n<p>En homenaje a los funcionarios policiales en servicio, Ch\u00e1vez D\u00e1valos, les inform\u00f3 que recibir\u00e1n un est\u00edmulo econ\u00f3mico equivalente a 15 d\u00edas de trabajo, y realiz\u00f3 la entrega de reconocimientos por&nbsp; su dedicaci\u00f3n, profesionalismo y compromiso por la seguridad, bienestar de la comunidad tonalteca, al comandante, Jos\u00e9 Luis Arceo Guerrero por su 24 a\u00f1os de servicio, as\u00ed como a C\u00e1ndido Casta\u00f1eda Mart\u00ednez, por su valent\u00eda al mejor servicio del a\u00f1o y poner en alto a la corporaci\u00f3n, demostrando su pasi\u00f3n, valor y entrega de protecci\u00f3n a la ciudadan\u00eda.&nbsp;<\/p>\n\n\n\n<p>En su intervenci\u00f3n, el primer Edil, enfatiz\u00f3 que este es el s\u00e9ptimo d\u00eda que le toca celebrar a los polic\u00edas del municipio, y record\u00f3 c\u00f3mo ha cambiado todo despu\u00e9s de&nbsp; 04 a\u00f1os<em>&nbsp; \u201cHoy&nbsp; las cosas son diferentes, y s\u00e9 que falta m\u00e1s equipamiento, pero me alegra informarles que a partir del segundo semestre del a\u00f1o se empezar\u00e1 a construir la nueva base de la polic\u00eda, ya que la que est\u00e1 en perif\u00e9rico y L\u00f3pez Cotilla, ya se agot\u00f3 el espacio de movilidad y con esta nueva base estaremos al nivel de cualquier polic\u00eda metropolitana de nuestra ciudad e incluso del pa\u00eds\u201d.<\/em><\/p>\n\n\n\n<figure class=\"wp-block-image size-large\"><a href=\"https:\/\/tonala.gob.mx\/portal\/wp-content\/uploads\/2025\/01\/eb2032fe-4389-46fb-bd7a-6bbfc46d079b.jpg\"><img decoding=\"async\" width=\"1024\" height=\"682\" src=\"https:\/\/tonala.gob.mx\/portal\/wp-content\/uploads\/2025\/01\/eb2032fe-4389-46fb-bd7a-6bbfc46d079b-1024x682.jpg\" alt=\"\" class=\"wp-image-37193\" srcset=\"https:\/\/tonala.gob.mx\/portal\/wp-content\/uploads\/2025\/01\/eb2032fe-4389-46fb-bd7a-6bbfc46d079b-1024x682.jpg 1024w, https:\/\/tonala.gob.mx\/portal\/wp-content\/uploads\/2025\/01\/eb2032fe-4389-46fb-bd7a-6bbfc46d079b-300x200.jpg 300w, https:\/\/tonala.gob.mx\/portal\/wp-content\/uploads\/2025\/01\/eb2032fe-4389-46fb-bd7a-6bbfc46d079b-768x512.jpg 768w, https:\/\/tonala.gob.mx\/portal\/wp-content\/uploads\/2025\/01\/eb2032fe-4389-46fb-bd7a-6bbfc46d079b-1536x1023.jpg 1536w, https:\/\/tonala.gob.mx\/portal\/wp-content\/uploads\/2025\/01\/eb2032fe-4389-46fb-bd7a-6bbfc46d079b.jpg 1600w\" sizes=\"(max-width: 1024px) 100vw, 1024px\" \/><\/a><\/figure>\n\n\n\n<p>As\u00ed mismo dijo:<em> \u201cTenemos el proyecto del C5, donde queremos migrar de tener 600 c\u00e1maras en las 500 colonias del municipio a lograr tener 02 mil c\u00e1maras y as\u00ed lograr la capacidad como la tiene la capital del estado de Jalisco y Zapopan, quiero que sepan que cuentan con todo mi respaldo y les pido que seguimos apretando con mano dura al delincuente que esta all\u00e1 fuera, para tener un municipio seguro y seguir con la misma ruta del a\u00f1o 2024 sin ninguna baja\u201d.<\/em><\/p>\n\n\n\n<p>El Coordinador del Gabinete de Seguridad, Prevenci\u00f3n y Servicios de Emergencia, Miguel Maga\u00f1a Orozco, comunic\u00f3 que en el periodo 2021-2024, Tonal\u00e1 logr\u00f3 el primer lugar en la disminuci\u00f3n de la percepci\u00f3n inseguridad; Por encima de Zapopan, Guadalajara, Tlajomulco, Tlaquepaque y Puerto Vallarta, mismos que son los municipios evaluados en Jalisco por la Encuesta Nacional de Seguridad P\u00fablica Urbana (ENSU) del INEGI. Y destac\u00f3 que el m\u00e9rito es mayor cuando ese primer lugar se obtuvo teniendo el presupuesto m\u00e1s bajo en comparaci\u00f3n con dichos municipios.<\/p>\n\n\n\n<p>Por \u00faltimo, present\u00f3 al nuevo Oficial General Operativo, al Maestro en Administraci\u00f3n P\u00fablica Osvaldo Ad\u00e1n Bernache Valenzuela, Quien cuenta con una amplia experiencia en seguridad p\u00fablica que adquiri\u00f3 en la Polic\u00eda Federal de Caminos, Polic\u00eda Federal Preventiva, Polic\u00eda Federal y Guardia Nacional, entre otros cargos que ocup\u00f3 el de Inspector de las Estaciones de Zapopan, San Lu\u00eds de la Paz y Torre\u00f3n.&nbsp;<\/p>\n","protected":false},"excerpt":{"rendered":"<p>Esta ma\u00f1ana en el marco de la celebraci\u00f3n del D\u00eda Internacional del Polic\u00eda, el presidente municipal Sergio Ch\u00e1vez D\u00e1valos, hizo<\/p>\n","protected":false},"author":1,"featured_media":37194,"comment_status":"closed","ping_status":"open","sticky":false,"template":"","format":"standard","meta":{"colormag_page_container_layout":"default_layout","colormag_page_sidebar_layout":"default_layout","footnotes":""},"categories":[2],"tags":[],"class_list":["post-37191","post","type-post","status-publish","format-standard","has-post-thumbnail","hentry","category-comunicacion-social"],"_links":{"self":[{"href":"https:\/\/tonala.gob.mx\/portal\/wp-json\/wp\/v2\/posts\/37191","targetHints":{"allow":["GET"]}}],"collection":[{"href":"https:\/\/tonala.gob.mx\/portal\/wp-json\/wp\/v2\/posts"}],"about":[{"href":"https:\/\/tonala.gob.mx\/portal\/wp-json\/wp\/v2\/types\/post"}],"author":[{"embeddable":true,"href":"https:\/\/tonala.gob.mx\/portal\/wp-json\/wp\/v2\/users\/1"}],"replies":[{"embeddable":true,"href":"https:\/\/tonala.gob.mx\/portal\/wp-json\/wp\/v2\/comments?post=37191"}],"version-history":[{"count":1,"href":"https:\/\/tonala.gob.mx\/portal\/wp-json\/wp\/v2\/posts\/37191\/revisions"}],"predecessor-version":[{"id":37195,"href":"https:\/\/tonala.gob.mx\/portal\/wp-json\/wp\/v2\/posts\/37191\/revisions\/37195"}],"wp:featuredmedia":[{"embeddable":true,"href":"https:\/\/tonala.gob.mx\/portal\/wp-json\/wp\/v2\/media\/37194"}],"wp:attachment":[{"href":"https:\/\/tonala.gob.mx\/portal\/wp-json\/wp\/v2\/media?parent=37191"}],"wp:term":[{"taxonomy":"category","embeddable":true,"href":"https:\/\/tonala.gob.mx\/portal\/wp-json\/wp\/v2\/categories?post=37191"},{"taxonomy":"post_tag","embeddable":true,"href":"https:\/\/tonala.gob.mx\/portal\/wp-json\/wp\/v2\/tags?post=37191"}],"curies":[{"name":"wp","href":"https:\/\/api.w.org\/{rel}","templated":true}]}}