{"id":37186,"date":"2025-01-02T15:06:00","date_gmt":"2025-01-02T21:06:00","guid":{"rendered":"https:\/\/tonala.gob.mx\/portal\/?p=37186"},"modified":"2025-01-03T12:12:13","modified_gmt":"2025-01-03T18:12:13","slug":"con-gran-afluencia-inicia-pago-del-predial-2025","status":"publish","type":"post","link":"https:\/\/tonala.gob.mx\/portal\/2025\/01\/02\/con-gran-afluencia-inicia-pago-del-predial-2025\/","title":{"rendered":"Con gran afluencia inicia\u00a0pago del Predial 2025"},"content":{"rendered":"\n<figure class=\"wp-block-image size-large\"><a href=\"https:\/\/tonala.gob.mx\/portal\/wp-content\/uploads\/2025\/01\/IMG_8119-scaled.jpg\"><img fetchpriority=\"high\" decoding=\"async\" width=\"1024\" height=\"683\" src=\"https:\/\/tonala.gob.mx\/portal\/wp-content\/uploads\/2025\/01\/IMG_8119-1024x683.jpg\" alt=\"\" class=\"wp-image-37187\" srcset=\"https:\/\/tonala.gob.mx\/portal\/wp-content\/uploads\/2025\/01\/IMG_8119-1024x683.jpg 1024w, https:\/\/tonala.gob.mx\/portal\/wp-content\/uploads\/2025\/01\/IMG_8119-300x200.jpg 300w, https:\/\/tonala.gob.mx\/portal\/wp-content\/uploads\/2025\/01\/IMG_8119-768x512.jpg 768w, https:\/\/tonala.gob.mx\/portal\/wp-content\/uploads\/2025\/01\/IMG_8119-1536x1024.jpg 1536w, https:\/\/tonala.gob.mx\/portal\/wp-content\/uploads\/2025\/01\/IMG_8119-2048x1365.jpg 2048w\" sizes=\"(max-width: 1024px) 100vw, 1024px\" \/><\/a><\/figure>\n\n\n\n<p>Sergio Ch\u00e1vez D\u00e1valos, presidente municipal de Tonal\u00e1, inform\u00f3 que en el primer d\u00eda laboral de este a\u00f1o se ha registrado una buena afluencia de personas que acuden responsablemente a cumplir con la obligaci\u00f3n de pagar el impuesto predial e hizo un llamado a que se aproveche el periodo de descuentos por pronto pago, el que se aplica a personas de la tercera edad y el denominado \u201cborr\u00f3n y cuenta nueva\u201d.<\/p>\n\n\n\n<p>Record\u00f3 que \u201cborr\u00f3n y cuenta nueva\u201d consiste en la condonaci\u00f3n de multas y recargos a aquellas cuentas que vienen arrastrando adeudos de a\u00f1os y que al ponerse al corriente \u00fanicamente pagan la suerte principal&nbsp;<\/p>\n\n\n\n<p>Los descuentos que se estar\u00e1n aplicando son los siguientes: 15 por ciento durante los meses de enero y febrero del 2025; del 05 por ciento durante los meses de marzo y abril del 2025 y descuento del 50 por ciento a pensionados, jubilados, personas con discapacidad, viudez, jefas madres de familia o que tengan 60 a\u00f1os o m\u00e1s y que habiten en el inmueble motivo del pago.<\/p>\n\n\n\n<figure class=\"wp-block-image size-large\"><a href=\"https:\/\/tonala.gob.mx\/portal\/wp-content\/uploads\/2025\/01\/IMG_8122-scaled.jpg\"><img decoding=\"async\" width=\"1024\" height=\"683\" src=\"https:\/\/tonala.gob.mx\/portal\/wp-content\/uploads\/2025\/01\/IMG_8122-1024x683.jpg\" alt=\"\" class=\"wp-image-37188\" srcset=\"https:\/\/tonala.gob.mx\/portal\/wp-content\/uploads\/2025\/01\/IMG_8122-1024x683.jpg 1024w, https:\/\/tonala.gob.mx\/portal\/wp-content\/uploads\/2025\/01\/IMG_8122-300x200.jpg 300w, https:\/\/tonala.gob.mx\/portal\/wp-content\/uploads\/2025\/01\/IMG_8122-768x512.jpg 768w, https:\/\/tonala.gob.mx\/portal\/wp-content\/uploads\/2025\/01\/IMG_8122-1536x1024.jpg 1536w, https:\/\/tonala.gob.mx\/portal\/wp-content\/uploads\/2025\/01\/IMG_8122-2048x1365.jpg 2048w\" sizes=\"(max-width: 1024px) 100vw, 1024px\" \/><\/a><\/figure>\n\n\n\n<p>RECAUDADORAS MUNICIPALES<\/p>\n\n\n\n<p>Unidad Administrativa, cabecera municipal, Morelos #20, Tonal\u00e1, Centro, con horario de atenci\u00f3n de 7:00 a 16:00 horas de lunes a viernes y s\u00e1bados de 9:00 a 13:00 horas.<\/p>\n\n\n\n<p>Oficinas del Bienestar (frente a Wal-Mart R\u00edo Nilo) Avenida Rio Nilo 8096, colonia Loma Dorada, con horario de atenci\u00f3n de 9:00 a 15:00 horas, de lunes a viernes.<\/p>\n\n\n\n<p>Delegaci\u00f3n Puente Grande, calle independencia n\u00famero 49, con horario de atenci\u00f3n de 9:00 a 15:00 horas, de lunes a viernes&nbsp;<\/p>\n\n\n\n<p>Plaza Fuente San Gaspar (antes Plaza Bella) prolongaci\u00f3n Pablo Valdez 350, con horario de 9:00 a 15:00 horas de lunes a viernes y s\u00e1bados de 9:00 a 13:00 horas.<\/p>\n\n\n\n<p>Delegaci\u00f3n Lomas del Camich\u00edn, Vegetaci\u00f3n oriente 53-A, colonia Lomas del Camich\u00edn, con horario de atenci\u00f3n de 9:00 a 15:00 horas de lunes a viernes.<\/p>\n\n\n\n<p>Biblioteca Santa Paula, calle L\u00e1zaro C\u00e1rdenas S\/N, en su cruce con Santa Rosal\u00eda, colonia Santa Paula, con horario de atenci\u00f3n de 9:00 a 15:00 horas, de lunes a viernes.&nbsp;<\/p>\n\n\n\n<p>Delegaci\u00f3n Zalatit\u00e1n,&nbsp; Ju\u00e1rez esquina con Ni\u00f1os H\u00e9roes, con horario de atenci\u00f3n de 9:00 a 15:00 horas.<\/p>\n","protected":false},"excerpt":{"rendered":"<p>Sergio Ch\u00e1vez D\u00e1valos, presidente municipal de Tonal\u00e1, inform\u00f3 que en el primer d\u00eda laboral de este a\u00f1o se ha registrado<\/p>\n","protected":false},"author":1,"featured_media":37189,"comment_status":"closed","ping_status":"open","sticky":false,"template":"","format":"standard","meta":{"colormag_page_container_layout":"default_layout","colormag_page_sidebar_layout":"default_layout","footnotes":""},"categories":[2],"tags":[],"class_list":["post-37186","post","type-post","status-publish","format-standard","has-post-thumbnail","hentry","category-comunicacion-social"],"_links":{"self":[{"href":"https:\/\/tonala.gob.mx\/portal\/wp-json\/wp\/v2\/posts\/37186","targetHints":{"allow":["GET"]}}],"collection":[{"href":"https:\/\/tonala.gob.mx\/portal\/wp-json\/wp\/v2\/posts"}],"about":[{"href":"https:\/\/tonala.gob.mx\/portal\/wp-json\/wp\/v2\/types\/post"}],"author":[{"embeddable":true,"href":"https:\/\/tonala.gob.mx\/portal\/wp-json\/wp\/v2\/users\/1"}],"replies":[{"embeddable":true,"href":"https:\/\/tonala.gob.mx\/portal\/wp-json\/wp\/v2\/comments?post=37186"}],"version-history":[{"count":1,"href":"https:\/\/tonala.gob.mx\/portal\/wp-json\/wp\/v2\/posts\/37186\/revisions"}],"predecessor-version":[{"id":37190,"href":"https:\/\/tonala.gob.mx\/portal\/wp-json\/wp\/v2\/posts\/37186\/revisions\/37190"}],"wp:featuredmedia":[{"embeddable":true,"href":"https:\/\/tonala.gob.mx\/portal\/wp-json\/wp\/v2\/media\/37189"}],"wp:attachment":[{"href":"https:\/\/tonala.gob.mx\/portal\/wp-json\/wp\/v2\/media?parent=37186"}],"wp:term":[{"taxonomy":"category","embeddable":true,"href":"https:\/\/tonala.gob.mx\/portal\/wp-json\/wp\/v2\/categories?post=37186"},{"taxonomy":"post_tag","embeddable":true,"href":"https:\/\/tonala.gob.mx\/portal\/wp-json\/wp\/v2\/tags?post=37186"}],"curies":[{"name":"wp","href":"https:\/\/api.w.org\/{rel}","templated":true}]}}