{"id":37149,"date":"2024-12-20T13:55:38","date_gmt":"2024-12-20T19:55:38","guid":{"rendered":"https:\/\/tonala.gob.mx\/portal\/?p=37149"},"modified":"2024-12-20T13:55:39","modified_gmt":"2024-12-20T19:55:39","slug":"tesoreria-municipal-permanecera-abierto-en-estas-vacaciones","status":"publish","type":"post","link":"https:\/\/tonala.gob.mx\/portal\/2024\/12\/20\/tesoreria-municipal-permanecera-abierto-en-estas-vacaciones\/","title":{"rendered":"Tesorer\u00eda municipal permanecer\u00e1 abierto en estas vacaciones"},"content":{"rendered":"\n<figure class=\"wp-block-image size-large\"><a href=\"https:\/\/tonala.gob.mx\/portal\/wp-content\/uploads\/2024\/12\/9acdee27-69d3-44e4-a02a-40af3e829ee5.jpg\"><img fetchpriority=\"high\" decoding=\"async\" width=\"1024\" height=\"683\" src=\"https:\/\/tonala.gob.mx\/portal\/wp-content\/uploads\/2024\/12\/9acdee27-69d3-44e4-a02a-40af3e829ee5-1024x683.jpg\" alt=\"\" class=\"wp-image-37150\" srcset=\"https:\/\/tonala.gob.mx\/portal\/wp-content\/uploads\/2024\/12\/9acdee27-69d3-44e4-a02a-40af3e829ee5-1024x683.jpg 1024w, https:\/\/tonala.gob.mx\/portal\/wp-content\/uploads\/2024\/12\/9acdee27-69d3-44e4-a02a-40af3e829ee5-300x200.jpg 300w, https:\/\/tonala.gob.mx\/portal\/wp-content\/uploads\/2024\/12\/9acdee27-69d3-44e4-a02a-40af3e829ee5-768x512.jpg 768w, https:\/\/tonala.gob.mx\/portal\/wp-content\/uploads\/2024\/12\/9acdee27-69d3-44e4-a02a-40af3e829ee5-1536x1024.jpg 1536w, https:\/\/tonala.gob.mx\/portal\/wp-content\/uploads\/2024\/12\/9acdee27-69d3-44e4-a02a-40af3e829ee5.jpg 1600w\" sizes=\"(max-width: 1024px) 100vw, 1024px\" \/><\/a><\/figure>\n\n\n\n<p>Llegaron las vacaciones decembrinas y el Gobierno de Tonal\u00e1 informa a la ciudadan\u00eda que continuar\u00e1 ofreciendo los servicios administrativos correspondientes al \u00e1rea de Tesorer\u00eda en la Unidad Administrativa, ubicada en calle Morelos n\u00famero 20 de Tonal\u00e1 Centro.<\/p>\n\n\n\n<p>Por tal motivo, a partir del lunes 23 hasta el 31 de diciembre, la Direcci\u00f3n Ingresos, Padr\u00f3n y Licencias, Catastro y Unidad de Atenci\u00f3n al Contribuyente, contar\u00e1n con personal de guardia que prestar\u00e1n servicio a la ciudadan\u00eda, en d\u00edas h\u00e1biles con horario normal de las 09:00 a 15:00 horas.&nbsp;<\/p>\n","protected":false},"excerpt":{"rendered":"<p>Llegaron las vacaciones decembrinas y el Gobierno de Tonal\u00e1 informa a la ciudadan\u00eda que continuar\u00e1 ofreciendo los servicios administrativos correspondientes<\/p>\n","protected":false},"author":1,"featured_media":37151,"comment_status":"closed","ping_status":"open","sticky":false,"template":"","format":"standard","meta":{"colormag_page_container_layout":"default_layout","colormag_page_sidebar_layout":"default_layout","footnotes":""},"categories":[2],"tags":[],"class_list":["post-37149","post","type-post","status-publish","format-standard","has-post-thumbnail","hentry","category-comunicacion-social"],"_links":{"self":[{"href":"https:\/\/tonala.gob.mx\/portal\/wp-json\/wp\/v2\/posts\/37149","targetHints":{"allow":["GET"]}}],"collection":[{"href":"https:\/\/tonala.gob.mx\/portal\/wp-json\/wp\/v2\/posts"}],"about":[{"href":"https:\/\/tonala.gob.mx\/portal\/wp-json\/wp\/v2\/types\/post"}],"author":[{"embeddable":true,"href":"https:\/\/tonala.gob.mx\/portal\/wp-json\/wp\/v2\/users\/1"}],"replies":[{"embeddable":true,"href":"https:\/\/tonala.gob.mx\/portal\/wp-json\/wp\/v2\/comments?post=37149"}],"version-history":[{"count":1,"href":"https:\/\/tonala.gob.mx\/portal\/wp-json\/wp\/v2\/posts\/37149\/revisions"}],"predecessor-version":[{"id":37152,"href":"https:\/\/tonala.gob.mx\/portal\/wp-json\/wp\/v2\/posts\/37149\/revisions\/37152"}],"wp:featuredmedia":[{"embeddable":true,"href":"https:\/\/tonala.gob.mx\/portal\/wp-json\/wp\/v2\/media\/37151"}],"wp:attachment":[{"href":"https:\/\/tonala.gob.mx\/portal\/wp-json\/wp\/v2\/media?parent=37149"}],"wp:term":[{"taxonomy":"category","embeddable":true,"href":"https:\/\/tonala.gob.mx\/portal\/wp-json\/wp\/v2\/categories?post=37149"},{"taxonomy":"post_tag","embeddable":true,"href":"https:\/\/tonala.gob.mx\/portal\/wp-json\/wp\/v2\/tags?post=37149"}],"curies":[{"name":"wp","href":"https:\/\/api.w.org\/{rel}","templated":true}]}}