{"id":37129,"date":"2024-12-18T12:44:00","date_gmt":"2024-12-18T18:44:00","guid":{"rendered":"https:\/\/tonala.gob.mx\/portal\/?p=37129"},"modified":"2024-12-19T09:51:50","modified_gmt":"2024-12-19T15:51:50","slug":"festival-tonalandia-edicion-2024","status":"publish","type":"post","link":"https:\/\/tonala.gob.mx\/portal\/2024\/12\/18\/festival-tonalandia-edicion-2024\/","title":{"rendered":"FESTIVAL TONALAND\u00cdA EDICI\u00d3N 2024"},"content":{"rendered":"\n<figure class=\"wp-block-image size-large\"><a href=\"https:\/\/tonala.gob.mx\/portal\/wp-content\/uploads\/2024\/12\/d4f3a983-4eda-452e-86a2-c710d5f4d69e.jpg\"><img fetchpriority=\"high\" decoding=\"async\" width=\"1024\" height=\"791\" src=\"https:\/\/tonala.gob.mx\/portal\/wp-content\/uploads\/2024\/12\/d4f3a983-4eda-452e-86a2-c710d5f4d69e-1024x791.jpg\" alt=\"\" class=\"wp-image-37130\" srcset=\"https:\/\/tonala.gob.mx\/portal\/wp-content\/uploads\/2024\/12\/d4f3a983-4eda-452e-86a2-c710d5f4d69e-1024x791.jpg 1024w, https:\/\/tonala.gob.mx\/portal\/wp-content\/uploads\/2024\/12\/d4f3a983-4eda-452e-86a2-c710d5f4d69e-300x232.jpg 300w, https:\/\/tonala.gob.mx\/portal\/wp-content\/uploads\/2024\/12\/d4f3a983-4eda-452e-86a2-c710d5f4d69e-768x593.jpg 768w, https:\/\/tonala.gob.mx\/portal\/wp-content\/uploads\/2024\/12\/d4f3a983-4eda-452e-86a2-c710d5f4d69e-1536x1187.jpg 1536w, https:\/\/tonala.gob.mx\/portal\/wp-content\/uploads\/2024\/12\/d4f3a983-4eda-452e-86a2-c710d5f4d69e.jpg 1600w\" sizes=\"(max-width: 1024px) 100vw, 1024px\" \/><\/a><\/figure>\n\n\n\n<p>La magia de la navidad se acerca y el municipio de Tonal\u00e1 est\u00e1 listo para vivir una experiencia \u00fanica e inolvidable para toda la familia \u201cTonaland\u00eda 2024\u201d, el paseo de los Guardianes de la Reina ser\u00e1 el escenario Navide\u00f1o con zona nevada, interactiva, juegos mec\u00e1nicos, y escenarios espectaculares que permitir\u00e1n crear recuerdos perdurables, mismo que se llevar\u00e1 a cabo del jueves 19 al domingo 22 de diciembre a partir de las 06 de la tarde a las 11 de la noche.&nbsp;<\/p>\n\n\n\n<p>El pr\u00f3ximo viernes 20 de diciembre, habr\u00e1 desfile navide\u00f1o, con rimbombantes carros aleg\u00f3ricos, sorpresas y un emotivo mensaje colmado de encanto, este iniciar\u00e1 en Avenida Cihualpilli en punto de las 06 de la tarde para seguir por calle Hidalgo hasta llegar a Paseo de los Guardianes y terminar en la cl\u00ednica 93 del IMSS.<\/p>\n\n\n\n<p>El Programa del Elenco Art\u00edstico se realizar\u00e1 de la siguiente manera: 19 de diciembre de las 18:00 a 22:00 horas, Academia ValeCam. Coro Infantil \u00abEuterpe\u00bb de Zapotlanejo, Escuela de Danza Cl\u00e1sica del Centro Cultural de la Colonia Jalisco de Escuela de Artes de Cultura Tonal\u00e1, Escuela de Danza Folcl\u00f3rica de Casa de la Cultura de la Escuela de Artes de Cultura Tonal\u00e1, C\u00e9sar el Gavil\u00e1n y Ver\u00f3nica Ortiz. (Dueto Canci\u00f3n Mexicana), Zepoleth y su Banda (Rock alternativo)<\/p>\n\n\n\n<figure class=\"wp-block-image size-large\"><a href=\"https:\/\/tonala.gob.mx\/portal\/wp-content\/uploads\/2024\/12\/f5bfc31d-1136-45b3-a646-51ce76403967.jpg\"><img decoding=\"async\" width=\"1024\" height=\"768\" src=\"https:\/\/tonala.gob.mx\/portal\/wp-content\/uploads\/2024\/12\/f5bfc31d-1136-45b3-a646-51ce76403967-1024x768.jpg\" alt=\"\" class=\"wp-image-37131\" srcset=\"https:\/\/tonala.gob.mx\/portal\/wp-content\/uploads\/2024\/12\/f5bfc31d-1136-45b3-a646-51ce76403967-1024x768.jpg 1024w, https:\/\/tonala.gob.mx\/portal\/wp-content\/uploads\/2024\/12\/f5bfc31d-1136-45b3-a646-51ce76403967-300x225.jpg 300w, https:\/\/tonala.gob.mx\/portal\/wp-content\/uploads\/2024\/12\/f5bfc31d-1136-45b3-a646-51ce76403967-768x576.jpg 768w, https:\/\/tonala.gob.mx\/portal\/wp-content\/uploads\/2024\/12\/f5bfc31d-1136-45b3-a646-51ce76403967.jpg 1080w\" sizes=\"(max-width: 1024px) 100vw, 1024px\" \/><\/a><\/figure>\n\n\n\n<p>20 de diciembre 18:00 a 22:00 horas, Escuela de Danza Cl\u00e1sica del Centro Cultural de Loma Dorada de la Escuela de Artes de Cultura Tonal\u00e1. Tambi\u00e9n se realizar\u00e1 el Desfile Navide\u00f1o \u00abLa Magia de la Navidad en Tonal\u00e1\u00bb, Presentaci\u00f3n de elencos art\u00edsticos que participan en el Desfile, Ballet Folcl\u00f3rico \u00abEl Monumental\u00bb.<\/p>\n\n\n\n<p>21 de diciembre de las 18:00 a 22:00 horas, Escuela de Danza Cl\u00e1sica de Escuela de Artes de Cultura Tonal\u00e1, Grupo Folcl\u00f3rico Infantil de Casa de la Cultura, Pastorela \u00abUna Navidad para Recordar\u00bb Grupo de Teatro Infantil de Cultura Tonal\u00e1, Programa Art\u00edstico de FINCA Centro Integral, Banda de Rock Alternativo \u00abSin Entrada\u00bb.<\/p>\n\n\n\n<p>22 de diciembre 18:00 a 22:00 horas, Pastorela \u00abUna Navidad para Recordar\u00bb Grupo de Teatro Infantil de Casa de la Cultural, Zepoleth y su Banda (Rock Alternativo), Banda de Rock Alternativo \u00abSin Entrada\u00bb.<\/p>\n\n\n\n<figure class=\"wp-block-image size-large\"><a href=\"https:\/\/tonala.gob.mx\/portal\/wp-content\/uploads\/2024\/12\/56bc1de6-9451-47cd-be2b-c01fc1a24066.jpg\"><img decoding=\"async\" width=\"1024\" height=\"576\" src=\"https:\/\/tonala.gob.mx\/portal\/wp-content\/uploads\/2024\/12\/56bc1de6-9451-47cd-be2b-c01fc1a24066-1024x576.jpg\" alt=\"\" class=\"wp-image-37133\" srcset=\"https:\/\/tonala.gob.mx\/portal\/wp-content\/uploads\/2024\/12\/56bc1de6-9451-47cd-be2b-c01fc1a24066-1024x576.jpg 1024w, https:\/\/tonala.gob.mx\/portal\/wp-content\/uploads\/2024\/12\/56bc1de6-9451-47cd-be2b-c01fc1a24066-300x169.jpg 300w, https:\/\/tonala.gob.mx\/portal\/wp-content\/uploads\/2024\/12\/56bc1de6-9451-47cd-be2b-c01fc1a24066-768x432.jpg 768w, https:\/\/tonala.gob.mx\/portal\/wp-content\/uploads\/2024\/12\/56bc1de6-9451-47cd-be2b-c01fc1a24066-1536x864.jpg 1536w, https:\/\/tonala.gob.mx\/portal\/wp-content\/uploads\/2024\/12\/56bc1de6-9451-47cd-be2b-c01fc1a24066.jpg 1599w\" sizes=\"(max-width: 1024px) 100vw, 1024px\" \/><\/a><\/figure>\n","protected":false},"excerpt":{"rendered":"<p>La magia de la navidad se acerca y el municipio de Tonal\u00e1 est\u00e1 listo para vivir una experiencia \u00fanica e<\/p>\n","protected":false},"author":1,"featured_media":37134,"comment_status":"closed","ping_status":"open","sticky":false,"template":"","format":"standard","meta":{"colormag_page_container_layout":"default_layout","colormag_page_sidebar_layout":"default_layout","footnotes":""},"categories":[2],"tags":[],"class_list":["post-37129","post","type-post","status-publish","format-standard","has-post-thumbnail","hentry","category-comunicacion-social"],"_links":{"self":[{"href":"https:\/\/tonala.gob.mx\/portal\/wp-json\/wp\/v2\/posts\/37129","targetHints":{"allow":["GET"]}}],"collection":[{"href":"https:\/\/tonala.gob.mx\/portal\/wp-json\/wp\/v2\/posts"}],"about":[{"href":"https:\/\/tonala.gob.mx\/portal\/wp-json\/wp\/v2\/types\/post"}],"author":[{"embeddable":true,"href":"https:\/\/tonala.gob.mx\/portal\/wp-json\/wp\/v2\/users\/1"}],"replies":[{"embeddable":true,"href":"https:\/\/tonala.gob.mx\/portal\/wp-json\/wp\/v2\/comments?post=37129"}],"version-history":[{"count":1,"href":"https:\/\/tonala.gob.mx\/portal\/wp-json\/wp\/v2\/posts\/37129\/revisions"}],"predecessor-version":[{"id":37135,"href":"https:\/\/tonala.gob.mx\/portal\/wp-json\/wp\/v2\/posts\/37129\/revisions\/37135"}],"wp:featuredmedia":[{"embeddable":true,"href":"https:\/\/tonala.gob.mx\/portal\/wp-json\/wp\/v2\/media\/37134"}],"wp:attachment":[{"href":"https:\/\/tonala.gob.mx\/portal\/wp-json\/wp\/v2\/media?parent=37129"}],"wp:term":[{"taxonomy":"category","embeddable":true,"href":"https:\/\/tonala.gob.mx\/portal\/wp-json\/wp\/v2\/categories?post=37129"},{"taxonomy":"post_tag","embeddable":true,"href":"https:\/\/tonala.gob.mx\/portal\/wp-json\/wp\/v2\/tags?post=37129"}],"curies":[{"name":"wp","href":"https:\/\/api.w.org\/{rel}","templated":true}]}}