{"id":37123,"date":"2024-12-17T13:55:35","date_gmt":"2024-12-17T19:55:35","guid":{"rendered":"https:\/\/tonala.gob.mx\/portal\/?p=37123"},"modified":"2024-12-17T13:55:36","modified_gmt":"2024-12-17T19:55:36","slug":"tonala-firma-convenio-de-colaboracion-con-la-cedhj","status":"publish","type":"post","link":"https:\/\/tonala.gob.mx\/portal\/2024\/12\/17\/tonala-firma-convenio-de-colaboracion-con-la-cedhj\/","title":{"rendered":"Tonal\u00e1 firma convenio de colaboraci\u00f3n con la CEDHJ"},"content":{"rendered":"\n<figure class=\"wp-block-image size-large\"><a href=\"https:\/\/tonala.gob.mx\/portal\/wp-content\/uploads\/2024\/12\/450c6878-4a64-484f-a054-350b1cfbd574.jpg\"><img fetchpriority=\"high\" decoding=\"async\" width=\"1024\" height=\"682\" src=\"https:\/\/tonala.gob.mx\/portal\/wp-content\/uploads\/2024\/12\/450c6878-4a64-484f-a054-350b1cfbd574-1024x682.jpg\" alt=\"\" class=\"wp-image-37124\" srcset=\"https:\/\/tonala.gob.mx\/portal\/wp-content\/uploads\/2024\/12\/450c6878-4a64-484f-a054-350b1cfbd574-1024x682.jpg 1024w, https:\/\/tonala.gob.mx\/portal\/wp-content\/uploads\/2024\/12\/450c6878-4a64-484f-a054-350b1cfbd574-300x200.jpg 300w, https:\/\/tonala.gob.mx\/portal\/wp-content\/uploads\/2024\/12\/450c6878-4a64-484f-a054-350b1cfbd574-768x512.jpg 768w, https:\/\/tonala.gob.mx\/portal\/wp-content\/uploads\/2024\/12\/450c6878-4a64-484f-a054-350b1cfbd574-1536x1023.jpg 1536w, https:\/\/tonala.gob.mx\/portal\/wp-content\/uploads\/2024\/12\/450c6878-4a64-484f-a054-350b1cfbd574.jpg 1600w\" sizes=\"(max-width: 1024px) 100vw, 1024px\" \/><\/a><\/figure>\n\n\n\n<p>El Gobierno de Tonal\u00e1 y La Comisi\u00f3n Estatal De Derechos Humanos Jalisco (CEDHJ), firmaron por un a\u00f1o el Convenio de Capacitaci\u00f3n, Colaboraci\u00f3n y Vinculaci\u00f3n Institucional para que coordinadamente se establezcan bases y mecanismos para la generaci\u00f3n de estrategias y actividades que permitan preservar el respeto a los derechos humanos, as\u00ed como la prevenci\u00f3n y eliminaci\u00f3n de todas las formas de discriminaci\u00f3n.<\/p>\n\n\n\n<p>En su intervenci\u00f3n el presidente municipal, Sergio Ch\u00e1vez, dijo que este sistema tiene todo su apoyo: <em>\u201chemos enfrentado diversos temas como el de la basura, hoy despu\u00e9s de 02 a\u00f1os y con arduo trabajo las cosas caminan en Tonal\u00e1 y me siento orgulloso de decir que ya superamos esa etapa\u201d.<\/em><\/p>\n\n\n\n<p>Tambi\u00e9n dijo que Tonal\u00e1, de seguro en el siguiente censo muy probablemente contar\u00e1 con 750 mil habitantes en el municipio, y resalt\u00f3 el compromiso de su gobierno para trabajar de la mano con Derechos Humanos del Estado de Jalisco, ya que son la m\u00e1xima autoridad en el estado y celebr\u00f3 esta firma, por lo que recalc\u00f3, que ojal\u00e1 los 125 municipios del estado firmaran este tipo de convenios.&nbsp;<\/p>\n\n\n\n<figure class=\"wp-block-image size-large\"><a href=\"https:\/\/tonala.gob.mx\/portal\/wp-content\/uploads\/2024\/12\/41aa392e-28a6-4a5d-8301-86c245280a5b.jpg\"><img decoding=\"async\" width=\"1024\" height=\"682\" src=\"https:\/\/tonala.gob.mx\/portal\/wp-content\/uploads\/2024\/12\/41aa392e-28a6-4a5d-8301-86c245280a5b-1024x682.jpg\" alt=\"\" class=\"wp-image-37126\" srcset=\"https:\/\/tonala.gob.mx\/portal\/wp-content\/uploads\/2024\/12\/41aa392e-28a6-4a5d-8301-86c245280a5b-1024x682.jpg 1024w, https:\/\/tonala.gob.mx\/portal\/wp-content\/uploads\/2024\/12\/41aa392e-28a6-4a5d-8301-86c245280a5b-300x200.jpg 300w, https:\/\/tonala.gob.mx\/portal\/wp-content\/uploads\/2024\/12\/41aa392e-28a6-4a5d-8301-86c245280a5b-768x512.jpg 768w, https:\/\/tonala.gob.mx\/portal\/wp-content\/uploads\/2024\/12\/41aa392e-28a6-4a5d-8301-86c245280a5b-1536x1023.jpg 1536w, https:\/\/tonala.gob.mx\/portal\/wp-content\/uploads\/2024\/12\/41aa392e-28a6-4a5d-8301-86c245280a5b.jpg 1600w\" sizes=\"(max-width: 1024px) 100vw, 1024px\" \/><\/a><\/figure>\n\n\n\n<p>La Presidenta de la CEDHJ, Luz del Carmen God\u00ednez Gonz\u00e1lez, reconoci\u00f3 a Ch\u00e1vez D\u00e1valos, por siempre buscar el c\u00f3mo s\u00ed resolver y establecer dialogo a cualquier contrariedad, y gracias a la buena comunicaci\u00f3n se ha evitado cualquier procedimiento que se pueda prolongar; adem\u00e1s que refrend\u00f3 el compromiso de la CEDHJ para seguir trabajando en este sentido y con esto hacer frente a cualquier proceso.&nbsp;<\/p>\n\n\n\n<p>Firmaron el convenio, el Presidente municipal,\u00a0 Sergio Armando Ch\u00e1vez, la Presidenta de la CEDHJ, Luz del Carmen God\u00ednez Gonz\u00e1lez, S\u00edndico Municipal, Nicol\u00e1s Maestro Landeros, Secretaria General, Celia Isabel Gauna Ruiz De Le\u00f3n, Testigos: Director General de Administraci\u00f3n y Desarrollo Humano, Luis Ram\u00f3n Esparza Sezate, Titular del \u00c1rea Jur\u00eddica y de Archivo, Jos\u00e9 Juan Carlos Ulloa S\u00e1nchez.<\/p>\n\n\n\n<figure class=\"wp-block-image size-large\"><a href=\"https:\/\/tonala.gob.mx\/portal\/wp-content\/uploads\/2024\/12\/eb71feb6-2552-4917-be85-229df50216f8.jpg\"><img decoding=\"async\" width=\"1024\" height=\"682\" src=\"https:\/\/tonala.gob.mx\/portal\/wp-content\/uploads\/2024\/12\/eb71feb6-2552-4917-be85-229df50216f8-1024x682.jpg\" alt=\"\" class=\"wp-image-37127\" srcset=\"https:\/\/tonala.gob.mx\/portal\/wp-content\/uploads\/2024\/12\/eb71feb6-2552-4917-be85-229df50216f8-1024x682.jpg 1024w, https:\/\/tonala.gob.mx\/portal\/wp-content\/uploads\/2024\/12\/eb71feb6-2552-4917-be85-229df50216f8-300x200.jpg 300w, https:\/\/tonala.gob.mx\/portal\/wp-content\/uploads\/2024\/12\/eb71feb6-2552-4917-be85-229df50216f8-768x512.jpg 768w, https:\/\/tonala.gob.mx\/portal\/wp-content\/uploads\/2024\/12\/eb71feb6-2552-4917-be85-229df50216f8-1536x1023.jpg 1536w, https:\/\/tonala.gob.mx\/portal\/wp-content\/uploads\/2024\/12\/eb71feb6-2552-4917-be85-229df50216f8.jpg 1600w\" sizes=\"(max-width: 1024px) 100vw, 1024px\" \/><\/a><\/figure>\n","protected":false},"excerpt":{"rendered":"<p>El Gobierno de Tonal\u00e1 y La Comisi\u00f3n Estatal De Derechos Humanos Jalisco (CEDHJ), firmaron por un a\u00f1o el Convenio de<\/p>\n","protected":false},"author":1,"featured_media":37125,"comment_status":"closed","ping_status":"open","sticky":false,"template":"","format":"standard","meta":{"colormag_page_container_layout":"default_layout","colormag_page_sidebar_layout":"default_layout","footnotes":""},"categories":[2],"tags":[],"class_list":["post-37123","post","type-post","status-publish","format-standard","has-post-thumbnail","hentry","category-comunicacion-social"],"_links":{"self":[{"href":"https:\/\/tonala.gob.mx\/portal\/wp-json\/wp\/v2\/posts\/37123","targetHints":{"allow":["GET"]}}],"collection":[{"href":"https:\/\/tonala.gob.mx\/portal\/wp-json\/wp\/v2\/posts"}],"about":[{"href":"https:\/\/tonala.gob.mx\/portal\/wp-json\/wp\/v2\/types\/post"}],"author":[{"embeddable":true,"href":"https:\/\/tonala.gob.mx\/portal\/wp-json\/wp\/v2\/users\/1"}],"replies":[{"embeddable":true,"href":"https:\/\/tonala.gob.mx\/portal\/wp-json\/wp\/v2\/comments?post=37123"}],"version-history":[{"count":1,"href":"https:\/\/tonala.gob.mx\/portal\/wp-json\/wp\/v2\/posts\/37123\/revisions"}],"predecessor-version":[{"id":37128,"href":"https:\/\/tonala.gob.mx\/portal\/wp-json\/wp\/v2\/posts\/37123\/revisions\/37128"}],"wp:featuredmedia":[{"embeddable":true,"href":"https:\/\/tonala.gob.mx\/portal\/wp-json\/wp\/v2\/media\/37125"}],"wp:attachment":[{"href":"https:\/\/tonala.gob.mx\/portal\/wp-json\/wp\/v2\/media?parent=37123"}],"wp:term":[{"taxonomy":"category","embeddable":true,"href":"https:\/\/tonala.gob.mx\/portal\/wp-json\/wp\/v2\/categories?post=37123"},{"taxonomy":"post_tag","embeddable":true,"href":"https:\/\/tonala.gob.mx\/portal\/wp-json\/wp\/v2\/tags?post=37123"}],"curies":[{"name":"wp","href":"https:\/\/api.w.org\/{rel}","templated":true}]}}