{"id":37117,"date":"2024-12-13T14:31:53","date_gmt":"2024-12-13T20:31:53","guid":{"rendered":"https:\/\/tonala.gob.mx\/portal\/?p=37117"},"modified":"2024-12-13T14:31:54","modified_gmt":"2024-12-13T20:31:54","slug":"da-inicio-operativo-de-vacaciones-decembrinas-2024","status":"publish","type":"post","link":"https:\/\/tonala.gob.mx\/portal\/2024\/12\/13\/da-inicio-operativo-de-vacaciones-decembrinas-2024\/","title":{"rendered":"Da inicio operativo de vacaciones decembrinas 2024"},"content":{"rendered":"\n<p><img fetchpriority=\"high\" decoding=\"async\" width=\"900\" height=\"600\" class=\"wp-image-37118\" style=\"width: 900px;\" src=\"https:\/\/tonala.gob.mx\/portal\/wp-content\/uploads\/2024\/12\/d3c43029-dbe6-4030-916e-368762a68f2f.jpg\" alt=\"\" srcset=\"https:\/\/tonala.gob.mx\/portal\/wp-content\/uploads\/2024\/12\/d3c43029-dbe6-4030-916e-368762a68f2f.jpg 1600w, https:\/\/tonala.gob.mx\/portal\/wp-content\/uploads\/2024\/12\/d3c43029-dbe6-4030-916e-368762a68f2f-300x200.jpg 300w, https:\/\/tonala.gob.mx\/portal\/wp-content\/uploads\/2024\/12\/d3c43029-dbe6-4030-916e-368762a68f2f-1024x682.jpg 1024w, https:\/\/tonala.gob.mx\/portal\/wp-content\/uploads\/2024\/12\/d3c43029-dbe6-4030-916e-368762a68f2f-768x512.jpg 768w, https:\/\/tonala.gob.mx\/portal\/wp-content\/uploads\/2024\/12\/d3c43029-dbe6-4030-916e-368762a68f2f-1536x1023.jpg 1536w\" sizes=\"(max-width: 900px) 100vw, 900px\" \/><br><br>Inicia oficialmente la temporada navide\u00f1a y Tonal\u00e1 ya est\u00e1 listo para salvaguardar la integridad f\u00edsica y patrimonial de los habitantes y turistas que vistan el municipio en estas fiestas decembrinas.<\/p>\n\n\n\n<p>Por tal motivo esta ma\u00f1ana el presidente municipal, Sergio Ch\u00e1vez D\u00e1valos, dio el banderazo de arranque del operativo Guadalupe Reyes 2024 \u201cUnidos Protegemos Tonal\u00e1\u201d, esto gracias a los trabajos en conjunto del gobierno federal, estatal y municipal.<\/p>\n\n\n\n<p>Con el Operativo Guadalupe Reyes se refuerza la vigilancia en los ingresos y salidas del municipio. As\u00ed como en las colonias y lugares de mayor afluencia tur\u00edstica y flujo vehicular.<\/p>\n\n\n\n<p>El Coordinador del Gabinete de Seguridad Emergencias y movilidad de Tonal\u00e1, Miguel Maga\u00f1a Orozco, dijo que trabajar\u00e1n arduamente con la intenci\u00f3n de lograr saldo blanco y de esta forma garantizar la seguridad y protecci\u00f3n de la poblaci\u00f3n.<\/p>\n\n\n\n<figure class=\"wp-block-image size-large\"><a href=\"https:\/\/tonala.gob.mx\/portal\/wp-content\/uploads\/2024\/12\/f3cfd8d0-42f8-4efe-a14d-ab9191e75135.jpg\"><img decoding=\"async\" width=\"1024\" height=\"682\" src=\"https:\/\/tonala.gob.mx\/portal\/wp-content\/uploads\/2024\/12\/f3cfd8d0-42f8-4efe-a14d-ab9191e75135-1024x682.jpg\" alt=\"\" class=\"wp-image-37119\" srcset=\"https:\/\/tonala.gob.mx\/portal\/wp-content\/uploads\/2024\/12\/f3cfd8d0-42f8-4efe-a14d-ab9191e75135-1024x682.jpg 1024w, https:\/\/tonala.gob.mx\/portal\/wp-content\/uploads\/2024\/12\/f3cfd8d0-42f8-4efe-a14d-ab9191e75135-300x200.jpg 300w, https:\/\/tonala.gob.mx\/portal\/wp-content\/uploads\/2024\/12\/f3cfd8d0-42f8-4efe-a14d-ab9191e75135-768x512.jpg 768w, https:\/\/tonala.gob.mx\/portal\/wp-content\/uploads\/2024\/12\/f3cfd8d0-42f8-4efe-a14d-ab9191e75135-1536x1023.jpg 1536w, https:\/\/tonala.gob.mx\/portal\/wp-content\/uploads\/2024\/12\/f3cfd8d0-42f8-4efe-a14d-ab9191e75135.jpg 1600w\" sizes=\"(max-width: 1024px) 100vw, 1024px\" \/><\/a><\/figure>\n\n\n\n<p>As\u00ed mismo, agradeci\u00f3 en particular a la Guardia Nacional, a Protecci\u00f3n Civil Estatal y a la Comisar\u00eda Vial de Jalisco: \u201cde quienes siempre recibimos apoyo para trabajar coordinados en beneficio de la comunidad\u201d.<\/p>\n\n\n\n<p>El estado de fuerza de este operativo est\u00e1 conformado de 640 elementos y 101 unidades. De los cuales, de la Comisar\u00eda ser\u00e1n 450 polic\u00edas y 65 unidades; de Protecci\u00f3n Civil 120 bomberos y 17 unidades; de Pre hospitalaria 51 param\u00e9dicos, 8 ambulancias, 1 pick up y 2 motos; y, de Movilidad 22 agentes, 3 unidades, 2 motocicletas, 2 bicicletas y 1 gr\u00faa.<\/p>\n\n\n\n<figure class=\"wp-block-image size-large\"><a href=\"https:\/\/tonala.gob.mx\/portal\/wp-content\/uploads\/2024\/12\/a17dbb26-132a-4d53-bb5d-2fac242e2be2.jpg\"><img decoding=\"async\" width=\"1024\" height=\"682\" src=\"https:\/\/tonala.gob.mx\/portal\/wp-content\/uploads\/2024\/12\/a17dbb26-132a-4d53-bb5d-2fac242e2be2-1024x682.jpg\" alt=\"\" class=\"wp-image-37120\" srcset=\"https:\/\/tonala.gob.mx\/portal\/wp-content\/uploads\/2024\/12\/a17dbb26-132a-4d53-bb5d-2fac242e2be2-1024x682.jpg 1024w, https:\/\/tonala.gob.mx\/portal\/wp-content\/uploads\/2024\/12\/a17dbb26-132a-4d53-bb5d-2fac242e2be2-300x200.jpg 300w, https:\/\/tonala.gob.mx\/portal\/wp-content\/uploads\/2024\/12\/a17dbb26-132a-4d53-bb5d-2fac242e2be2-768x512.jpg 768w, https:\/\/tonala.gob.mx\/portal\/wp-content\/uploads\/2024\/12\/a17dbb26-132a-4d53-bb5d-2fac242e2be2-1536x1023.jpg 1536w, https:\/\/tonala.gob.mx\/portal\/wp-content\/uploads\/2024\/12\/a17dbb26-132a-4d53-bb5d-2fac242e2be2.jpg 1600w\" sizes=\"(max-width: 1024px) 100vw, 1024px\" \/><\/a><\/figure>\n","protected":false},"excerpt":{"rendered":"<p>Inicia oficialmente la temporada navide\u00f1a y Tonal\u00e1 ya est\u00e1 listo para salvaguardar la integridad f\u00edsica y patrimonial de los habitantes<\/p>\n","protected":false},"author":1,"featured_media":37121,"comment_status":"closed","ping_status":"open","sticky":false,"template":"","format":"standard","meta":{"colormag_page_container_layout":"default_layout","colormag_page_sidebar_layout":"default_layout","footnotes":""},"categories":[2],"tags":[],"class_list":["post-37117","post","type-post","status-publish","format-standard","has-post-thumbnail","hentry","category-comunicacion-social"],"_links":{"self":[{"href":"https:\/\/tonala.gob.mx\/portal\/wp-json\/wp\/v2\/posts\/37117","targetHints":{"allow":["GET"]}}],"collection":[{"href":"https:\/\/tonala.gob.mx\/portal\/wp-json\/wp\/v2\/posts"}],"about":[{"href":"https:\/\/tonala.gob.mx\/portal\/wp-json\/wp\/v2\/types\/post"}],"author":[{"embeddable":true,"href":"https:\/\/tonala.gob.mx\/portal\/wp-json\/wp\/v2\/users\/1"}],"replies":[{"embeddable":true,"href":"https:\/\/tonala.gob.mx\/portal\/wp-json\/wp\/v2\/comments?post=37117"}],"version-history":[{"count":1,"href":"https:\/\/tonala.gob.mx\/portal\/wp-json\/wp\/v2\/posts\/37117\/revisions"}],"predecessor-version":[{"id":37122,"href":"https:\/\/tonala.gob.mx\/portal\/wp-json\/wp\/v2\/posts\/37117\/revisions\/37122"}],"wp:featuredmedia":[{"embeddable":true,"href":"https:\/\/tonala.gob.mx\/portal\/wp-json\/wp\/v2\/media\/37121"}],"wp:attachment":[{"href":"https:\/\/tonala.gob.mx\/portal\/wp-json\/wp\/v2\/media?parent=37117"}],"wp:term":[{"taxonomy":"category","embeddable":true,"href":"https:\/\/tonala.gob.mx\/portal\/wp-json\/wp\/v2\/categories?post=37117"},{"taxonomy":"post_tag","embeddable":true,"href":"https:\/\/tonala.gob.mx\/portal\/wp-json\/wp\/v2\/tags?post=37117"}],"curies":[{"name":"wp","href":"https:\/\/api.w.org\/{rel}","templated":true}]}}