{"id":37109,"date":"2024-12-10T16:12:00","date_gmt":"2024-12-10T22:12:00","guid":{"rendered":"https:\/\/tonala.gob.mx\/portal\/?p=37109"},"modified":"2024-12-11T12:16:06","modified_gmt":"2024-12-11T18:16:06","slug":"en-tonala-ya-son-92-escuelas-con-domo","status":"publish","type":"post","link":"https:\/\/tonala.gob.mx\/portal\/2024\/12\/10\/en-tonala-ya-son-92-escuelas-con-domo\/","title":{"rendered":"EN TONAL\u00c1, YA SON 92 ESCUELAS CON DOMO"},"content":{"rendered":"\n<figure class=\"wp-block-image size-large\"><a href=\"https:\/\/tonala.gob.mx\/portal\/wp-content\/uploads\/2024\/12\/d2e9a67a-da6e-4af7-b2f5-04e2d51582e5.jpg\"><img fetchpriority=\"high\" decoding=\"async\" width=\"1024\" height=\"683\" src=\"https:\/\/tonala.gob.mx\/portal\/wp-content\/uploads\/2024\/12\/d2e9a67a-da6e-4af7-b2f5-04e2d51582e5-1024x683.jpg\" alt=\"\" class=\"wp-image-37110\" srcset=\"https:\/\/tonala.gob.mx\/portal\/wp-content\/uploads\/2024\/12\/d2e9a67a-da6e-4af7-b2f5-04e2d51582e5-1024x683.jpg 1024w, https:\/\/tonala.gob.mx\/portal\/wp-content\/uploads\/2024\/12\/d2e9a67a-da6e-4af7-b2f5-04e2d51582e5-300x200.jpg 300w, https:\/\/tonala.gob.mx\/portal\/wp-content\/uploads\/2024\/12\/d2e9a67a-da6e-4af7-b2f5-04e2d51582e5-768x512.jpg 768w, https:\/\/tonala.gob.mx\/portal\/wp-content\/uploads\/2024\/12\/d2e9a67a-da6e-4af7-b2f5-04e2d51582e5-1536x1024.jpg 1536w, https:\/\/tonala.gob.mx\/portal\/wp-content\/uploads\/2024\/12\/d2e9a67a-da6e-4af7-b2f5-04e2d51582e5.jpg 1600w\" sizes=\"(max-width: 1024px) 100vw, 1024px\" \/><\/a><\/figure>\n\n\n\n<p>Se sigue consolidando la Transformaci\u00f3n en las escuelas p\u00fablicas del municipio de Tonal\u00e1; Esta ma\u00f1ana el Gobierno que encabeza el presidente municipal, Sergio Ch\u00e1vez D\u00e1valos, inaugur\u00f3 el domo n\u00famero 92 en la escuela primaria Sor Juana In\u00e9s de la Cruz en la colonia Loma Bonita.<\/p>\n\n\n\n<p>En representaci\u00f3n del primer edil, el regidor, Santos Hern\u00e1ndez Camarena, entreg\u00f3 el domo a los alumnos y padres de familia de la escuela, expresando el orgullo que siente de ser parte de este Gobierno, mismo que tiene el objetivo de cubrir a todas las instituciones educativas del municipio con domos, para que cada vez m\u00e1s alumnos tengan un espacio digno para realizar sus actividades recreativas.&nbsp;<\/p>\n\n\n\n<p>Por \u00faltimo, la Directora de la escuela primaria Sor Juan In\u00e9s de las Cruz, Irma Ch\u00e1vez Ch\u00e1vez, celebr\u00f3 que m\u00e1s all\u00e1 de ser una inauguraci\u00f3n es un sue\u00f1o que se convirti\u00f3 en realidad, ya que es una inversi\u00f3n que beneficiar\u00e1 el futuro de la comunidad, esto gracias a la visi\u00f3n del presidente, Sergio Ch\u00e1vez y por su compromiso se logr\u00f3 crear un espacio digno que fomentar\u00e1 mayor aprendizaje, creatividad y desarrollo integral de los estudiantes.<\/p>\n\n\n\n<figure class=\"wp-block-image size-large\"><a href=\"https:\/\/tonala.gob.mx\/portal\/wp-content\/uploads\/2024\/12\/354af2cd-c54d-4e1b-a1ea-7eff535d1ac8.jpg\"><img decoding=\"async\" width=\"1024\" height=\"683\" src=\"https:\/\/tonala.gob.mx\/portal\/wp-content\/uploads\/2024\/12\/354af2cd-c54d-4e1b-a1ea-7eff535d1ac8-1024x683.jpg\" alt=\"\" class=\"wp-image-37111\" srcset=\"https:\/\/tonala.gob.mx\/portal\/wp-content\/uploads\/2024\/12\/354af2cd-c54d-4e1b-a1ea-7eff535d1ac8-1024x683.jpg 1024w, https:\/\/tonala.gob.mx\/portal\/wp-content\/uploads\/2024\/12\/354af2cd-c54d-4e1b-a1ea-7eff535d1ac8-300x200.jpg 300w, https:\/\/tonala.gob.mx\/portal\/wp-content\/uploads\/2024\/12\/354af2cd-c54d-4e1b-a1ea-7eff535d1ac8-768x512.jpg 768w, https:\/\/tonala.gob.mx\/portal\/wp-content\/uploads\/2024\/12\/354af2cd-c54d-4e1b-a1ea-7eff535d1ac8-1536x1024.jpg 1536w, https:\/\/tonala.gob.mx\/portal\/wp-content\/uploads\/2024\/12\/354af2cd-c54d-4e1b-a1ea-7eff535d1ac8.jpg 1600w\" sizes=\"(max-width: 1024px) 100vw, 1024px\" \/><\/a><\/figure>\n","protected":false},"excerpt":{"rendered":"<p>Se sigue consolidando la Transformaci\u00f3n en las escuelas p\u00fablicas del municipio de Tonal\u00e1; Esta ma\u00f1ana el Gobierno que encabeza el<\/p>\n","protected":false},"author":1,"featured_media":37112,"comment_status":"closed","ping_status":"open","sticky":false,"template":"","format":"standard","meta":{"colormag_page_container_layout":"default_layout","colormag_page_sidebar_layout":"default_layout","footnotes":""},"categories":[2],"tags":[],"class_list":["post-37109","post","type-post","status-publish","format-standard","has-post-thumbnail","hentry","category-comunicacion-social"],"_links":{"self":[{"href":"https:\/\/tonala.gob.mx\/portal\/wp-json\/wp\/v2\/posts\/37109","targetHints":{"allow":["GET"]}}],"collection":[{"href":"https:\/\/tonala.gob.mx\/portal\/wp-json\/wp\/v2\/posts"}],"about":[{"href":"https:\/\/tonala.gob.mx\/portal\/wp-json\/wp\/v2\/types\/post"}],"author":[{"embeddable":true,"href":"https:\/\/tonala.gob.mx\/portal\/wp-json\/wp\/v2\/users\/1"}],"replies":[{"embeddable":true,"href":"https:\/\/tonala.gob.mx\/portal\/wp-json\/wp\/v2\/comments?post=37109"}],"version-history":[{"count":1,"href":"https:\/\/tonala.gob.mx\/portal\/wp-json\/wp\/v2\/posts\/37109\/revisions"}],"predecessor-version":[{"id":37113,"href":"https:\/\/tonala.gob.mx\/portal\/wp-json\/wp\/v2\/posts\/37109\/revisions\/37113"}],"wp:featuredmedia":[{"embeddable":true,"href":"https:\/\/tonala.gob.mx\/portal\/wp-json\/wp\/v2\/media\/37112"}],"wp:attachment":[{"href":"https:\/\/tonala.gob.mx\/portal\/wp-json\/wp\/v2\/media?parent=37109"}],"wp:term":[{"taxonomy":"category","embeddable":true,"href":"https:\/\/tonala.gob.mx\/portal\/wp-json\/wp\/v2\/categories?post=37109"},{"taxonomy":"post_tag","embeddable":true,"href":"https:\/\/tonala.gob.mx\/portal\/wp-json\/wp\/v2\/tags?post=37109"}],"curies":[{"name":"wp","href":"https:\/\/api.w.org\/{rel}","templated":true}]}}