{"id":37100,"date":"2024-12-08T12:34:45","date_gmt":"2024-12-08T18:34:45","guid":{"rendered":"https:\/\/tonala.gob.mx\/portal\/?p=37100"},"modified":"2024-12-09T12:41:02","modified_gmt":"2024-12-09T18:41:02","slug":"gobierno-de-tonala-busca-ordenamiento-en-el-tianguis-de-la-colonia-jalisco","status":"publish","type":"post","link":"https:\/\/tonala.gob.mx\/portal\/2024\/12\/08\/gobierno-de-tonala-busca-ordenamiento-en-el-tianguis-de-la-colonia-jalisco\/","title":{"rendered":"Gobierno de Tonal\u00e1 busca ordenamiento en el Tianguis de la Colonia Jalisco"},"content":{"rendered":"\n<figure class=\"wp-block-image size-large\"><a href=\"https:\/\/tonala.gob.mx\/portal\/wp-content\/uploads\/2024\/12\/e0ef1682-1ecf-4d26-affb-0fe260c8b643.jpg\"><img fetchpriority=\"high\" decoding=\"async\" width=\"1024\" height=\"768\" src=\"https:\/\/tonala.gob.mx\/portal\/wp-content\/uploads\/2024\/12\/e0ef1682-1ecf-4d26-affb-0fe260c8b643-1024x768.jpg\" alt=\"\" class=\"wp-image-37101\" srcset=\"https:\/\/tonala.gob.mx\/portal\/wp-content\/uploads\/2024\/12\/e0ef1682-1ecf-4d26-affb-0fe260c8b643-1024x768.jpg 1024w, https:\/\/tonala.gob.mx\/portal\/wp-content\/uploads\/2024\/12\/e0ef1682-1ecf-4d26-affb-0fe260c8b643-300x225.jpg 300w, https:\/\/tonala.gob.mx\/portal\/wp-content\/uploads\/2024\/12\/e0ef1682-1ecf-4d26-affb-0fe260c8b643-768x576.jpg 768w, https:\/\/tonala.gob.mx\/portal\/wp-content\/uploads\/2024\/12\/e0ef1682-1ecf-4d26-affb-0fe260c8b643.jpg 1280w\" sizes=\"(max-width: 1024px) 100vw, 1024px\" \/><\/a><\/figure>\n\n\n\n<p>El gobierno de Tonal\u00e1 no est\u00e1 en contra de la actividad comercial que con orden y dentro de la legalidad se realiza en el tianguis de la Colonia Jalisco, pero tiene la obligaci\u00f3n de brindar seguridad a los peatones, usuarios del sistema de transporte colectivo, clientes del tianguis y a los comerciantes.<\/p>\n\n\n\n<p>Bajo ese contexto, este domingo se realiz\u00f3 un operativo en el cruce de Perif\u00e9rico y Atotonilco el Alto, en dicha colonia, acordando que los comerciantes que se instalaban en la banqueta a lo largo de una cuadra se reubicaran para que quede libre la banqueta y la gente pueda circular sin problema y para no poner en riesgo a las personas que circula por la zona, ya que los camiones recogen pasaje en ese punto.<\/p>\n\n\n\n<p>Despu\u00e9s de un di\u00e1logo con comerciantes, se logr\u00f3 un acuerdo con los l\u00edderes y sus representados para su reubicaci\u00f3n y, de esta manera, brindar seguridad a la poblaci\u00f3n.<\/p>\n\n\n\n<p>Personal de Protecci\u00f3n Civil, la Polic\u00eda, Movilidad, Inspecci\u00f3n y \u00e1reas administrativas del Gobierno de Tonal\u00e1 encabezaron la reuni\u00f3n y di\u00e1logo con los comerciantes, acompa\u00f1ados por personal de la Subsecretaria de Asuntos del Interior del Gobierno del Estado.<\/p>\n\n\n\n<figure class=\"wp-block-image size-large\"><a href=\"https:\/\/tonala.gob.mx\/portal\/wp-content\/uploads\/2024\/12\/58342c86-8466-43ff-8164-da3a8a1f210b.jpg\"><img decoding=\"async\" width=\"1024\" height=\"768\" src=\"https:\/\/tonala.gob.mx\/portal\/wp-content\/uploads\/2024\/12\/58342c86-8466-43ff-8164-da3a8a1f210b-1024x768.jpg\" alt=\"\" class=\"wp-image-37102\" srcset=\"https:\/\/tonala.gob.mx\/portal\/wp-content\/uploads\/2024\/12\/58342c86-8466-43ff-8164-da3a8a1f210b-1024x768.jpg 1024w, https:\/\/tonala.gob.mx\/portal\/wp-content\/uploads\/2024\/12\/58342c86-8466-43ff-8164-da3a8a1f210b-300x225.jpg 300w, https:\/\/tonala.gob.mx\/portal\/wp-content\/uploads\/2024\/12\/58342c86-8466-43ff-8164-da3a8a1f210b-768x576.jpg 768w, https:\/\/tonala.gob.mx\/portal\/wp-content\/uploads\/2024\/12\/58342c86-8466-43ff-8164-da3a8a1f210b.jpg 1280w\" sizes=\"(max-width: 1024px) 100vw, 1024px\" \/><\/a><\/figure>\n\n\n\n<p>Cabe recordar que hace unos meses sucedi\u00f3 en este lugar un accidente fatal en el que personas perdieron la vida y otras resultaron con lesiones y con estas medidas se busca evitar en lo posible que vuelva a suceder otro percance de esa naturaleza.<\/p>\n","protected":false},"excerpt":{"rendered":"<p>El gobierno de Tonal\u00e1 no est\u00e1 en contra de la actividad comercial que con orden y dentro de la legalidad<\/p>\n","protected":false},"author":1,"featured_media":37103,"comment_status":"closed","ping_status":"open","sticky":false,"template":"","format":"standard","meta":{"colormag_page_container_layout":"default_layout","colormag_page_sidebar_layout":"default_layout","footnotes":""},"categories":[2],"tags":[],"class_list":["post-37100","post","type-post","status-publish","format-standard","has-post-thumbnail","hentry","category-comunicacion-social"],"_links":{"self":[{"href":"https:\/\/tonala.gob.mx\/portal\/wp-json\/wp\/v2\/posts\/37100","targetHints":{"allow":["GET"]}}],"collection":[{"href":"https:\/\/tonala.gob.mx\/portal\/wp-json\/wp\/v2\/posts"}],"about":[{"href":"https:\/\/tonala.gob.mx\/portal\/wp-json\/wp\/v2\/types\/post"}],"author":[{"embeddable":true,"href":"https:\/\/tonala.gob.mx\/portal\/wp-json\/wp\/v2\/users\/1"}],"replies":[{"embeddable":true,"href":"https:\/\/tonala.gob.mx\/portal\/wp-json\/wp\/v2\/comments?post=37100"}],"version-history":[{"count":1,"href":"https:\/\/tonala.gob.mx\/portal\/wp-json\/wp\/v2\/posts\/37100\/revisions"}],"predecessor-version":[{"id":37104,"href":"https:\/\/tonala.gob.mx\/portal\/wp-json\/wp\/v2\/posts\/37100\/revisions\/37104"}],"wp:featuredmedia":[{"embeddable":true,"href":"https:\/\/tonala.gob.mx\/portal\/wp-json\/wp\/v2\/media\/37103"}],"wp:attachment":[{"href":"https:\/\/tonala.gob.mx\/portal\/wp-json\/wp\/v2\/media?parent=37100"}],"wp:term":[{"taxonomy":"category","embeddable":true,"href":"https:\/\/tonala.gob.mx\/portal\/wp-json\/wp\/v2\/categories?post=37100"},{"taxonomy":"post_tag","embeddable":true,"href":"https:\/\/tonala.gob.mx\/portal\/wp-json\/wp\/v2\/tags?post=37100"}],"curies":[{"name":"wp","href":"https:\/\/api.w.org\/{rel}","templated":true}]}}