{"id":37094,"date":"2024-12-05T14:51:13","date_gmt":"2024-12-05T20:51:13","guid":{"rendered":"https:\/\/tonala.gob.mx\/portal\/?p=37094"},"modified":"2024-12-05T14:51:14","modified_gmt":"2024-12-05T20:51:14","slug":"inician-los-trabajos-del-consejo-municipal-de-desarrollo-urbano-de-tonala","status":"publish","type":"post","link":"https:\/\/tonala.gob.mx\/portal\/2024\/12\/05\/inician-los-trabajos-del-consejo-municipal-de-desarrollo-urbano-de-tonala\/","title":{"rendered":"Inician los trabajos del Consejo Municipal de Desarrollo Urbano de Tonal\u00e1"},"content":{"rendered":"\n<figure class=\"wp-block-image size-large\"><a href=\"https:\/\/tonala.gob.mx\/portal\/wp-content\/uploads\/2024\/12\/9d988b85-7ea8-476d-ade7-49b32fd7e473.jpg\"><img fetchpriority=\"high\" decoding=\"async\" width=\"1024\" height=\"682\" src=\"https:\/\/tonala.gob.mx\/portal\/wp-content\/uploads\/2024\/12\/9d988b85-7ea8-476d-ade7-49b32fd7e473-1024x682.jpg\" alt=\"\" class=\"wp-image-37095\" srcset=\"https:\/\/tonala.gob.mx\/portal\/wp-content\/uploads\/2024\/12\/9d988b85-7ea8-476d-ade7-49b32fd7e473-1024x682.jpg 1024w, https:\/\/tonala.gob.mx\/portal\/wp-content\/uploads\/2024\/12\/9d988b85-7ea8-476d-ade7-49b32fd7e473-300x200.jpg 300w, https:\/\/tonala.gob.mx\/portal\/wp-content\/uploads\/2024\/12\/9d988b85-7ea8-476d-ade7-49b32fd7e473-768x512.jpg 768w, https:\/\/tonala.gob.mx\/portal\/wp-content\/uploads\/2024\/12\/9d988b85-7ea8-476d-ade7-49b32fd7e473-1536x1023.jpg 1536w, https:\/\/tonala.gob.mx\/portal\/wp-content\/uploads\/2024\/12\/9d988b85-7ea8-476d-ade7-49b32fd7e473.jpg 1600w\" sizes=\"(max-width: 1024px) 100vw, 1024px\" \/><\/a><\/figure>\n\n\n\n<p>Esta ma\u00f1ana en el Palacio Municipal de Tonal\u00e1, se reunieron representantes de organismos aut\u00f3nomos, participantes del sector social y ciudadano, as\u00ed como representantes de organizaciones vecinales, instituciones universitarias y educativas, regidores e integrantes del servicio p\u00fablico, para la instalaci\u00f3n e integraci\u00f3n del Consejo Municipal de Desarrollo Urbano de Tonal\u00e1.<\/p>\n\n\n\n<p>La finalidad de este consejo es que sea fundamental para la planeaci\u00f3n y crecimiento ordenado del municipio, y as\u00ed promover un desarrollo urbano sostenible que responda a las necesidades actuales y futuras de la comunidad tonalteca.&nbsp;<\/p>\n\n\n\n<p>En su intervenci\u00f3n, la Regidora y Presidenta del Consejo Municipal de Desarrollo Urbano de Tonal\u00e1, Juncal Solano Flores, expres\u00f3<em>: \u201cHoy asumimos un compromiso conjunto para trabajar en la actualizaci\u00f3n de los planes de desarrollo urbano de los centros de poblaci\u00f3n, y haremos el esfuerzo para garantizar un ordenamiento territorial m\u00e1s eficiente, donde impulsaremos una mejor calidad de vida para todos los habitantes, y con ello asegurar que nuestro municipio sea m\u00e1s inclusivo, funcional y resiliente, les reitero mi disposici\u00f3n para liderar este consejo con transparencia, responsabilidad y visi\u00f3n estrat\u00e9gica\u201d.<\/em><\/p>\n\n\n\n<figure class=\"wp-block-image size-large\"><a href=\"https:\/\/tonala.gob.mx\/portal\/wp-content\/uploads\/2024\/12\/7aae9a79-081c-4a66-ac64-944d94931f72.jpg\"><img decoding=\"async\" width=\"1024\" height=\"682\" src=\"https:\/\/tonala.gob.mx\/portal\/wp-content\/uploads\/2024\/12\/7aae9a79-081c-4a66-ac64-944d94931f72-1024x682.jpg\" alt=\"\" class=\"wp-image-37096\" srcset=\"https:\/\/tonala.gob.mx\/portal\/wp-content\/uploads\/2024\/12\/7aae9a79-081c-4a66-ac64-944d94931f72-1024x682.jpg 1024w, https:\/\/tonala.gob.mx\/portal\/wp-content\/uploads\/2024\/12\/7aae9a79-081c-4a66-ac64-944d94931f72-300x200.jpg 300w, https:\/\/tonala.gob.mx\/portal\/wp-content\/uploads\/2024\/12\/7aae9a79-081c-4a66-ac64-944d94931f72-768x512.jpg 768w, https:\/\/tonala.gob.mx\/portal\/wp-content\/uploads\/2024\/12\/7aae9a79-081c-4a66-ac64-944d94931f72-1536x1023.jpg 1536w, https:\/\/tonala.gob.mx\/portal\/wp-content\/uploads\/2024\/12\/7aae9a79-081c-4a66-ac64-944d94931f72.jpg 1600w\" sizes=\"(max-width: 1024px) 100vw, 1024px\" \/><\/a><\/figure>\n\n\n\n<p>Para concluir en el uso de la voz, la Directora General de Planeaci\u00f3n y Desarrollo Urbano Sustentable del Programa Municipal de Desarrollo Urbano, y Secretaria T\u00e9cnica del Consejo, Ver\u00f3nica Osorio G\u00e1ndara, inform\u00f3 los planes de desarrollo urbano de centro de poblaci\u00f3n, mismos que cuentan con la consulta p\u00fablica que se realiz\u00f3 el pasado mes de agosto, los cuales&nbsp; se encontrar\u00e1n en f\u00edsico en la Direcci\u00f3n General&nbsp; en calle Pino Su\u00e1rez n\u00famero 32, as\u00ed como en la p\u00e1gina de internet <a href=\"https:\/\/tonala.gob.mx\/portal\/desarrollo-centro-de-poblacion\/\">https:\/\/tonala.gob.mx\/portal\/desarrollo-centro-de-poblacion\/<\/a> donde se recibieron las observaciones de los ciudadanos y&nbsp; dieron respuesta a cada una en tiempo y forma.&nbsp;&nbsp;<\/p>\n\n\n\n<p>Los integrantes del Consejo Municipal de Desarrollo Urbano de Tonal\u00e1 2024-2025, son el Presidente Municipal, Sergio Ch\u00e1vez D\u00e1valos, nombrando como su representante a la Regidora Juncal Solano Flores, Regidores, Ver\u00f3nica Yanira Sep\u00falveda Vel\u00e1zquez, Francisco Javier Arana Orozco, Santos Hern\u00e1ndez Camarena, Juan Carlos Villareal Salazar, Celia Guadalupe Serrano, Director General de Catastro, Timoteo Campechano Silvo, Directora de Planeaci\u00f3n, Movilidad y Transporte, Director de Patrimonio, J. Jes\u00fas Orozco Elviro, Representante de la C\u00e1mara Nacional de la Industria de Desarrollo y Promoci\u00f3n de Vivienda, Aristofanes Cruz Solis,&nbsp; Representante de la Procuradur\u00eda de Desarrollo Urbano, Rub\u00e9n Hidalgo Moran, Director de Obras P\u00fablicas, Mario Santiago Vel\u00e1zquez,&nbsp; Director de Ecolog\u00eda y Cambio Clim\u00e1tico, Jorge Arias Gonz\u00e1lez, Representante del Comit\u00e9&nbsp; Social de la Colonia Santa Isabel, Claudia Anaya Garc\u00eda, Representante del Comit\u00e9 Social de la Colonia Ciudad Aztl\u00e1n I, Jos\u00e9 Ram\u00f3n Ure\u00f1a Alatorre, Representante del Centro Universitario de Tonal\u00e1.<\/p>\n","protected":false},"excerpt":{"rendered":"<p>Esta ma\u00f1ana en el Palacio Municipal de Tonal\u00e1, se reunieron representantes de organismos aut\u00f3nomos, participantes del sector social y ciudadano,<\/p>\n","protected":false},"author":1,"featured_media":37097,"comment_status":"closed","ping_status":"open","sticky":false,"template":"","format":"standard","meta":{"colormag_page_container_layout":"default_layout","colormag_page_sidebar_layout":"default_layout","footnotes":""},"categories":[2],"tags":[],"class_list":["post-37094","post","type-post","status-publish","format-standard","has-post-thumbnail","hentry","category-comunicacion-social"],"_links":{"self":[{"href":"https:\/\/tonala.gob.mx\/portal\/wp-json\/wp\/v2\/posts\/37094","targetHints":{"allow":["GET"]}}],"collection":[{"href":"https:\/\/tonala.gob.mx\/portal\/wp-json\/wp\/v2\/posts"}],"about":[{"href":"https:\/\/tonala.gob.mx\/portal\/wp-json\/wp\/v2\/types\/post"}],"author":[{"embeddable":true,"href":"https:\/\/tonala.gob.mx\/portal\/wp-json\/wp\/v2\/users\/1"}],"replies":[{"embeddable":true,"href":"https:\/\/tonala.gob.mx\/portal\/wp-json\/wp\/v2\/comments?post=37094"}],"version-history":[{"count":1,"href":"https:\/\/tonala.gob.mx\/portal\/wp-json\/wp\/v2\/posts\/37094\/revisions"}],"predecessor-version":[{"id":37098,"href":"https:\/\/tonala.gob.mx\/portal\/wp-json\/wp\/v2\/posts\/37094\/revisions\/37098"}],"wp:featuredmedia":[{"embeddable":true,"href":"https:\/\/tonala.gob.mx\/portal\/wp-json\/wp\/v2\/media\/37097"}],"wp:attachment":[{"href":"https:\/\/tonala.gob.mx\/portal\/wp-json\/wp\/v2\/media?parent=37094"}],"wp:term":[{"taxonomy":"category","embeddable":true,"href":"https:\/\/tonala.gob.mx\/portal\/wp-json\/wp\/v2\/categories?post=37094"},{"taxonomy":"post_tag","embeddable":true,"href":"https:\/\/tonala.gob.mx\/portal\/wp-json\/wp\/v2\/tags?post=37094"}],"curies":[{"name":"wp","href":"https:\/\/api.w.org\/{rel}","templated":true}]}}