{"id":37079,"date":"2024-11-29T14:16:32","date_gmt":"2024-11-29T20:16:32","guid":{"rendered":"https:\/\/tonala.gob.mx\/portal\/?p=37079"},"modified":"2024-11-29T14:16:33","modified_gmt":"2024-11-29T20:16:33","slug":"se-instala-junta-de-gobierno-del-instituto-tonalteca-de-las-artesanias-2024-2027","status":"publish","type":"post","link":"https:\/\/tonala.gob.mx\/portal\/2024\/11\/29\/se-instala-junta-de-gobierno-del-instituto-tonalteca-de-las-artesanias-2024-2027\/","title":{"rendered":"Se instala junta de gobierno del\u00a0Instituto Tonalteca De Las Artesan\u00edas 2024-2027"},"content":{"rendered":"\n<figure class=\"wp-block-image size-large\"><a href=\"https:\/\/tonala.gob.mx\/portal\/wp-content\/uploads\/2024\/11\/3fd1385d-5b06-41bb-bea3-55cda248517c.jpg\"><img fetchpriority=\"high\" decoding=\"async\" width=\"1024\" height=\"682\" src=\"https:\/\/tonala.gob.mx\/portal\/wp-content\/uploads\/2024\/11\/3fd1385d-5b06-41bb-bea3-55cda248517c-1024x682.jpg\" alt=\"\" class=\"wp-image-37080\" srcset=\"https:\/\/tonala.gob.mx\/portal\/wp-content\/uploads\/2024\/11\/3fd1385d-5b06-41bb-bea3-55cda248517c-1024x682.jpg 1024w, https:\/\/tonala.gob.mx\/portal\/wp-content\/uploads\/2024\/11\/3fd1385d-5b06-41bb-bea3-55cda248517c-300x200.jpg 300w, https:\/\/tonala.gob.mx\/portal\/wp-content\/uploads\/2024\/11\/3fd1385d-5b06-41bb-bea3-55cda248517c-768x512.jpg 768w, https:\/\/tonala.gob.mx\/portal\/wp-content\/uploads\/2024\/11\/3fd1385d-5b06-41bb-bea3-55cda248517c-1536x1023.jpg 1536w, https:\/\/tonala.gob.mx\/portal\/wp-content\/uploads\/2024\/11\/3fd1385d-5b06-41bb-bea3-55cda248517c.jpg 1600w\" sizes=\"(max-width: 1024px) 100vw, 1024px\" \/><\/a><\/figure>\n\n\n\n<p>Con la finalidad de lograr mayor atractivo tur\u00edstico, que es prioritario para el desarrollo cultural, social y econ\u00f3mico inclusivo y sostenible del municipio, este d\u00eda por la ma\u00f1ana se realiz\u00f3 la instalaci\u00f3n y toma de protesta de los integrantes de la junta de gobierno del Organismo P\u00fablico Descentralizado, Instituto Tonalteca de las Artesan\u00edas del municipio de la administraci\u00f3n 2024-2027.<\/p>\n\n\n\n<p>Dicho organismo&nbsp; tiene el objetivo de impulsar el talento natal, en sus distintas actividades artesanales con diferentes materiales como el barro, yeso, vidrio, lamina, cart\u00f3n, papel mache, hierro forjado, vidrio soplado, madera, filigrana, caol\u00edn; as\u00ed como las t\u00e9cnicas m\u00e1s representativas del labor artesanal se encuentran, el barro bru\u00f1ido, el barro petatillo, cer\u00e1mica en miniatura, barro canelo, cer\u00e1mica contempor\u00e1nea, barro bandera, escultura en cer\u00e1mica, barro vidriado sin plomo, barro natural y barro betus.<\/p>\n\n\n\n<p>Los integrantes de la junta de gobierno del Organismo P\u00fablico Descentralizado, Instituto Tonalteca de las Artesan\u00edas del municipio de la administraci\u00f3n 2024-2027 y que rindieron protesta son: Presidente, Carlos Alberto Mart\u00ednez Maguey, Director General del Instituto Tonalteca de las Artesan\u00edas, Hugo Bernab\u00e9 Rodr\u00edguez, Regidora presidenta de la comisi\u00f3n de fomento artesanal, Magaly Figueroa L\u00f3pez, Presidenta de la comisi\u00f3n de hacienda, Celia Guadalupe serrano Villag\u00f3mez, Tesorero Municipal, Iv\u00e1n Antonio Pe\u00f1a Rocha,&nbsp; Titular del \u00f3rgano interno de control, Juan Jos\u00e9 De Anda Gonz\u00e1lez, Director general de atracci\u00f3n a la inversi\u00f3n, Alfonso Olvera Huerta, Rector del CUT Tonal\u00e1, Jos\u00e9 Alfredo Pe\u00f1a Ramos, Artesana Ver\u00f3nica Alvarado Jimon, Artesano Ubaldo Mac\u00edas Bernab\u00e9.<\/p>\n\n\n\n<figure class=\"wp-block-image size-large\"><a href=\"https:\/\/tonala.gob.mx\/portal\/wp-content\/uploads\/2024\/11\/073c6c2f-2510-4007-b08e-eab51f50b109.jpg\"><img decoding=\"async\" width=\"1024\" height=\"682\" src=\"https:\/\/tonala.gob.mx\/portal\/wp-content\/uploads\/2024\/11\/073c6c2f-2510-4007-b08e-eab51f50b109-1024x682.jpg\" alt=\"\" class=\"wp-image-37081\" srcset=\"https:\/\/tonala.gob.mx\/portal\/wp-content\/uploads\/2024\/11\/073c6c2f-2510-4007-b08e-eab51f50b109-1024x682.jpg 1024w, https:\/\/tonala.gob.mx\/portal\/wp-content\/uploads\/2024\/11\/073c6c2f-2510-4007-b08e-eab51f50b109-300x200.jpg 300w, https:\/\/tonala.gob.mx\/portal\/wp-content\/uploads\/2024\/11\/073c6c2f-2510-4007-b08e-eab51f50b109-768x512.jpg 768w, https:\/\/tonala.gob.mx\/portal\/wp-content\/uploads\/2024\/11\/073c6c2f-2510-4007-b08e-eab51f50b109-1536x1023.jpg 1536w, https:\/\/tonala.gob.mx\/portal\/wp-content\/uploads\/2024\/11\/073c6c2f-2510-4007-b08e-eab51f50b109.jpg 1600w\" sizes=\"(max-width: 1024px) 100vw, 1024px\" \/><\/a><\/figure>\n","protected":false},"excerpt":{"rendered":"<p>Con la finalidad de lograr mayor atractivo tur\u00edstico, que es prioritario para el desarrollo cultural, social y econ\u00f3mico inclusivo y<\/p>\n","protected":false},"author":1,"featured_media":37082,"comment_status":"closed","ping_status":"open","sticky":false,"template":"","format":"standard","meta":{"colormag_page_container_layout":"default_layout","colormag_page_sidebar_layout":"default_layout","footnotes":""},"categories":[2],"tags":[],"class_list":["post-37079","post","type-post","status-publish","format-standard","has-post-thumbnail","hentry","category-comunicacion-social"],"_links":{"self":[{"href":"https:\/\/tonala.gob.mx\/portal\/wp-json\/wp\/v2\/posts\/37079","targetHints":{"allow":["GET"]}}],"collection":[{"href":"https:\/\/tonala.gob.mx\/portal\/wp-json\/wp\/v2\/posts"}],"about":[{"href":"https:\/\/tonala.gob.mx\/portal\/wp-json\/wp\/v2\/types\/post"}],"author":[{"embeddable":true,"href":"https:\/\/tonala.gob.mx\/portal\/wp-json\/wp\/v2\/users\/1"}],"replies":[{"embeddable":true,"href":"https:\/\/tonala.gob.mx\/portal\/wp-json\/wp\/v2\/comments?post=37079"}],"version-history":[{"count":1,"href":"https:\/\/tonala.gob.mx\/portal\/wp-json\/wp\/v2\/posts\/37079\/revisions"}],"predecessor-version":[{"id":37083,"href":"https:\/\/tonala.gob.mx\/portal\/wp-json\/wp\/v2\/posts\/37079\/revisions\/37083"}],"wp:featuredmedia":[{"embeddable":true,"href":"https:\/\/tonala.gob.mx\/portal\/wp-json\/wp\/v2\/media\/37082"}],"wp:attachment":[{"href":"https:\/\/tonala.gob.mx\/portal\/wp-json\/wp\/v2\/media?parent=37079"}],"wp:term":[{"taxonomy":"category","embeddable":true,"href":"https:\/\/tonala.gob.mx\/portal\/wp-json\/wp\/v2\/categories?post=37079"},{"taxonomy":"post_tag","embeddable":true,"href":"https:\/\/tonala.gob.mx\/portal\/wp-json\/wp\/v2\/tags?post=37079"}],"curies":[{"name":"wp","href":"https:\/\/api.w.org\/{rel}","templated":true}]}}