{"id":37040,"date":"2024-11-26T14:59:24","date_gmt":"2024-11-26T20:59:24","guid":{"rendered":"https:\/\/tonala.gob.mx\/portal\/?p=37040"},"modified":"2024-11-26T14:59:26","modified_gmt":"2024-11-26T20:59:26","slug":"se-inauguro-el-domo-numero-90-en-tonala","status":"publish","type":"post","link":"https:\/\/tonala.gob.mx\/portal\/2024\/11\/26\/se-inauguro-el-domo-numero-90-en-tonala\/","title":{"rendered":"Se inaugur\u00f3 el domo n\u00famero 90 en Tonal\u00e1"},"content":{"rendered":"\n<figure class=\"wp-block-image size-large\"><a href=\"https:\/\/tonala.gob.mx\/portal\/wp-content\/uploads\/2024\/11\/a16620d3-b598-4c0c-8361-a043507b15f7-scaled.jpg\"><img fetchpriority=\"high\" decoding=\"async\" width=\"1024\" height=\"683\" src=\"https:\/\/tonala.gob.mx\/portal\/wp-content\/uploads\/2024\/11\/a16620d3-b598-4c0c-8361-a043507b15f7-1024x683.jpg\" alt=\"\" class=\"wp-image-37041\" srcset=\"https:\/\/tonala.gob.mx\/portal\/wp-content\/uploads\/2024\/11\/a16620d3-b598-4c0c-8361-a043507b15f7-1024x683.jpg 1024w, https:\/\/tonala.gob.mx\/portal\/wp-content\/uploads\/2024\/11\/a16620d3-b598-4c0c-8361-a043507b15f7-300x200.jpg 300w, https:\/\/tonala.gob.mx\/portal\/wp-content\/uploads\/2024\/11\/a16620d3-b598-4c0c-8361-a043507b15f7-768x512.jpg 768w, https:\/\/tonala.gob.mx\/portal\/wp-content\/uploads\/2024\/11\/a16620d3-b598-4c0c-8361-a043507b15f7-1536x1024.jpg 1536w, https:\/\/tonala.gob.mx\/portal\/wp-content\/uploads\/2024\/11\/a16620d3-b598-4c0c-8361-a043507b15f7-2048x1365.jpg 2048w\" sizes=\"(max-width: 1024px) 100vw, 1024px\" \/><\/a><\/figure>\n\n\n\n<p>El Gobierno que encabeza el presidente municipal, Sergio Ch\u00e1vez D\u00e1valos, llega al 60 por ciento en la transformaci\u00f3n de las Escuelas P\u00fablicas del municipio; esta ma\u00f1ana se inaugur\u00f3 el Domo n\u00famero 90 en la escuela secundaria 132, Carlos Gonz\u00e1lez Pe\u00f1a, de la colonia Urbi Quinta.<\/p>\n\n\n\n<p>En la Inauguraci\u00f3n, el primer edil dijo que el prop\u00f3sito de las instalaciones de estos domos es para que los alumnos se sientan orgullosos y no haya diferencia alguna con una escuela privada, y con ello lograr una educaci\u00f3n de calidad, por lo que expres\u00f3: \u201c<em>Lleg\u00f3 el Domo n\u00famero 90, nos faltan 70 domos m\u00e1s, para que Tonal\u00e1 sea el primer municipio del estado de Jalisco y tal vez del pa\u00eds, en el que todas las escuelas p\u00fablicas tengan un domo\u201d.<\/em><\/p>\n\n\n\n<p>Ch\u00e1vez D\u00e1valos, exclam\u00f3: \u201cLe ganamos al municipio Guadalajara y Zapopan, tenemos nuestra tercera preparatoria de la Universidad de Guadalajara en Tonal\u00e1 Sur, esto es el Gobierno de la Transformaci\u00f3n y por lo que venimos empujando y seguiremos dando la batalla para mejorar la educaci\u00f3n\u201d.&nbsp;<\/p>\n\n\n\n<figure class=\"wp-block-image size-large\"><a href=\"https:\/\/tonala.gob.mx\/portal\/wp-content\/uploads\/2024\/11\/332de54d-6d59-4973-bf61-2fe539b9770b-scaled.jpg\"><img decoding=\"async\" width=\"1024\" height=\"683\" src=\"https:\/\/tonala.gob.mx\/portal\/wp-content\/uploads\/2024\/11\/332de54d-6d59-4973-bf61-2fe539b9770b-1024x683.jpg\" alt=\"\" class=\"wp-image-37043\" srcset=\"https:\/\/tonala.gob.mx\/portal\/wp-content\/uploads\/2024\/11\/332de54d-6d59-4973-bf61-2fe539b9770b-1024x683.jpg 1024w, https:\/\/tonala.gob.mx\/portal\/wp-content\/uploads\/2024\/11\/332de54d-6d59-4973-bf61-2fe539b9770b-300x200.jpg 300w, https:\/\/tonala.gob.mx\/portal\/wp-content\/uploads\/2024\/11\/332de54d-6d59-4973-bf61-2fe539b9770b-768x512.jpg 768w, https:\/\/tonala.gob.mx\/portal\/wp-content\/uploads\/2024\/11\/332de54d-6d59-4973-bf61-2fe539b9770b-1536x1024.jpg 1536w, https:\/\/tonala.gob.mx\/portal\/wp-content\/uploads\/2024\/11\/332de54d-6d59-4973-bf61-2fe539b9770b-2048x1365.jpg 2048w\" sizes=\"(max-width: 1024px) 100vw, 1024px\" \/><\/a><\/figure>\n\n\n\n<p>En el ese sentido, inform\u00f3 que a partir del 06 de enero entrar\u00e1 en funciones la tercera preparatoria de la Universidad de Guadalajara en la zona sur del municipio, misma que fue inaugurada la semana pasada, en la que dijo sentirse orgulloso ser parte, debido a que traer\u00e1 alegr\u00eda a muchos j\u00f3venes. Y asegur\u00f3 que por tal motivo Tonal\u00e1 ser\u00e1 un municipio donde el que quiera estudiar no tendr\u00e1 impedimento alguno.<\/p>\n\n\n\n<p>En su participaci\u00f3n, la Diputada Local Distrito 07, Martha Arizmendi, expres\u00f3 que gracias al gobierno municipal que s\u00ed trabaja, a cargo del presidente municipal Ch\u00e1vez D\u00e1valos, se entrega este Domo n\u00famero 90, ya que el trayecto no ha sido f\u00e1cil, y lo ha visto recorrer todo el municipio desde hace tres a\u00f1os, en el cual ella ha sido parte, y ahora como diputada de la Transformaci\u00f3n la educaci\u00f3n seguir\u00e1 siendo prioridad, puesto que es la etapa donde nacen los sue\u00f1os.&nbsp;&nbsp;<\/p>\n","protected":false},"excerpt":{"rendered":"<p>El Gobierno que encabeza el presidente municipal, Sergio Ch\u00e1vez D\u00e1valos, llega al 60 por ciento en la transformaci\u00f3n de las<\/p>\n","protected":false},"author":1,"featured_media":37044,"comment_status":"closed","ping_status":"open","sticky":false,"template":"","format":"standard","meta":{"colormag_page_container_layout":"default_layout","colormag_page_sidebar_layout":"default_layout","footnotes":""},"categories":[2],"tags":[],"class_list":["post-37040","post","type-post","status-publish","format-standard","has-post-thumbnail","hentry","category-comunicacion-social"],"_links":{"self":[{"href":"https:\/\/tonala.gob.mx\/portal\/wp-json\/wp\/v2\/posts\/37040","targetHints":{"allow":["GET"]}}],"collection":[{"href":"https:\/\/tonala.gob.mx\/portal\/wp-json\/wp\/v2\/posts"}],"about":[{"href":"https:\/\/tonala.gob.mx\/portal\/wp-json\/wp\/v2\/types\/post"}],"author":[{"embeddable":true,"href":"https:\/\/tonala.gob.mx\/portal\/wp-json\/wp\/v2\/users\/1"}],"replies":[{"embeddable":true,"href":"https:\/\/tonala.gob.mx\/portal\/wp-json\/wp\/v2\/comments?post=37040"}],"version-history":[{"count":1,"href":"https:\/\/tonala.gob.mx\/portal\/wp-json\/wp\/v2\/posts\/37040\/revisions"}],"predecessor-version":[{"id":37045,"href":"https:\/\/tonala.gob.mx\/portal\/wp-json\/wp\/v2\/posts\/37040\/revisions\/37045"}],"wp:featuredmedia":[{"embeddable":true,"href":"https:\/\/tonala.gob.mx\/portal\/wp-json\/wp\/v2\/media\/37044"}],"wp:attachment":[{"href":"https:\/\/tonala.gob.mx\/portal\/wp-json\/wp\/v2\/media?parent=37040"}],"wp:term":[{"taxonomy":"category","embeddable":true,"href":"https:\/\/tonala.gob.mx\/portal\/wp-json\/wp\/v2\/categories?post=37040"},{"taxonomy":"post_tag","embeddable":true,"href":"https:\/\/tonala.gob.mx\/portal\/wp-json\/wp\/v2\/tags?post=37040"}],"curies":[{"name":"wp","href":"https:\/\/api.w.org\/{rel}","templated":true}]}}